{"id":2567,"date":"2015-08-19T12:12:41","date_gmt":"2015-08-19T10:12:41","guid":{"rendered":"http:\/\/willi-junker.de\/dachs\/?p=2567"},"modified":"2018-11-28T13:17:06","modified_gmt":"2018-11-28T12:17:06","slug":"1200-schneider","status":"publish","type":"post","link":"https:\/\/willi-junker.de\/dachs\/?p=2567","title":{"rendered":"12:00 Uhr &#8211; Schneider"},"content":{"rendered":"<p><a href=\"https:\/\/i0.wp.com\/willi-junker.de\/dachs\/wp-content\/uploads\/2015\/08\/wpid-IMAG11411.jpg?ssl=1\"><img data-recalc-dims=\"1\" decoding=\"async\" class=\"alignnone size-full\" title=\"IMAG1141.jpg\" src=\"https:\/\/i0.wp.com\/willi-junker.de\/dachs\/wp-content\/uploads\/2015\/08\/wpid-IMAG1141.jpg?w=640&#038;ssl=1\" alt=\"image\" \/><\/a><\/p>\n<p>Blick auf den Pf\u00e4nder von der R\u00fcckseite. Bin jetzt 11 km gelaufen, oben auf einen Hohenr\u00fccken. Nun bin ich auf dem Weg nach Alberschwende.<\/p>\n","protected":false},"excerpt":{"rendered":"<p>Blick auf den Pf\u00e4nder von der R\u00fcckseite. Bin jetzt 11 km gelaufen, oben auf einen Hohenr\u00fccken. Nun bin ich auf dem Weg nach Alberschwende.<\/p>\n","protected":false},"author":1,"featured_media":0,"comment_status":"open","ping_status":"open","sticky":false,"template":"","format":"standard","meta":{"_crdt_document":"","jetpack_post_was_ever_published":false,"_jetpack_newsletter_access":"","_jetpack_dont_email_post_to_subs":false,"_jetpack_newsletter_tier_id":0,"_jetpack_memberships_contains_paywalled_content":false,"_jetpack_memberships_contains_paid_content":false,"footnotes":"","jetpack_publicize_message":"","jetpack_publicize_feature_enabled":true,"jetpack_social_post_already_shared":false,"jetpack_social_options":{"image_generator_settings":{"template":"highway","default_image_id":0,"font":"","enabled":false},"version":2}},"categories":[3],"tags":[],"class_list":["post-2567","post","type-post","status-publish","format-standard","hentry","category-touren"],"jetpack_publicize_connections":[],"jetpack_featured_media_url":"","jetpack_sharing_enabled":true,"jetpack_shortlink":"https:\/\/wp.me\/p73o9s-Fp","jetpack-related-posts":[{"id":3367,"url":"https:\/\/willi-junker.de\/dachs\/?p=3367","url_meta":{"origin":2567,"position":0},"title":"06:50 Uhr &#8211; wieder auf dem Turm","author":"Willi","date":"23.06.2016","format":false,"excerpt":"Da ich heute Morgen alleine im Haus bin und mich selbst verpflegen darf, bin ich schon vor 6 Uhr auf den Beinen. Nach dem Verlassen des Hauses geht es direkt nochmals auf den Turm. Traumhafte Aussicht und wunderbare Ruhe.","rel":"","context":"In &quot;Touren&quot;","block_context":{"text":"Touren","link":"https:\/\/willi-junker.de\/dachs\/?cat=3"},"img":{"alt_text":"","src":"","width":0,"height":0},"classes":[]},{"id":3527,"url":"https:\/\/willi-junker.de\/dachs\/?p=3527","url_meta":{"origin":2567,"position":1},"title":"14:00 Uhr \u00a0&#8211; Malga Ciadinat\u00a0","author":"Willi","date":"11.09.2016","format":false,"excerpt":"Bin ziemlich weglos quer \u00fcber die Sellawiesen gelaufen. Bei einem kleinen See bin ich auf drei Personen und ca. 8 Hunde getroffen. Die hatten ein gefundenes Opfer. Nur ist das Opfer nicht weggelaufen, sondern direkt auf sie zu. Damit hatten die ein echtes Problem. Oberhalb von Plan de Gralba bin\u2026","rel":"","context":"In &quot;Touren&quot;","block_context":{"text":"Touren","link":"https:\/\/willi-junker.de\/dachs\/?cat=3"},"img":{"alt_text":"","src":"https:\/\/i0.wp.com\/willi-junker.de\/dachs\/wp-content\/uploads\/2016\/09\/wp-image-1798586012jpg.jpg?resize=350%2C200","width":350,"height":200,"srcset":"https:\/\/i0.wp.com\/willi-junker.de\/dachs\/wp-content\/uploads\/2016\/09\/wp-image-1798586012jpg.jpg?resize=350%2C200 1x, https:\/\/i0.wp.com\/willi-junker.de\/dachs\/wp-content\/uploads\/2016\/09\/wp-image-1798586012jpg.jpg?resize=525%2C300 1.5x, https:\/\/i0.wp.com\/willi-junker.de\/dachs\/wp-content\/uploads\/2016\/09\/wp-image-1798586012jpg.jpg?resize=700%2C400 2x"},"classes":[]},{"id":2719,"url":"https:\/\/willi-junker.de\/dachs\/?p=2719","url_meta":{"origin":2567,"position":2},"title":"Extratour nach Fiss","author":"Willi","date":"25.08.2015","format":false,"excerpt":"Ich h\u00e4tte es ja heute so einfach haben k\u00f6nnen. Mein Weg nach Italien geht eigentlich entlang des Inn's \u00fcber die Via Claudio Augusta. Jetzt bin ich heute auf der \"falschen Seite\" hoch nach Fiss gestiegen. Morgen muss ich die Seite wechseln und verliere die gut 1.000 H\u00f6henmeter von heute. Trotzdem\u2026","rel":"","context":"In &quot;Touren&quot;","block_context":{"text":"Touren","link":"https:\/\/willi-junker.de\/dachs\/?cat=3"},"img":{"alt_text":"","src":"","width":0,"height":0},"classes":[]},{"id":96,"url":"https:\/\/willi-junker.de\/dachs\/?p=96","url_meta":{"origin":2567,"position":3},"title":"Weihnachtsskitour","author":"Willi","date":"26.12.2010","format":false,"excerpt":"Seit heute Mittag bin ich wieder auf den Loipen rund um Laubach. Hab auch einige Kilometer selbst neu gespurt und bin dann diese Runde ein zweites Mal gelaufen. Vor lauter Schneeschippen komme ich derzeit kaum zum Skilanglauf. 22,8 km in 4:25.","rel":"","context":"In &quot;Touren&quot;","block_context":{"text":"Touren","link":"https:\/\/willi-junker.de\/dachs\/?cat=3"},"img":{"alt_text":"Auf der Loipe am G\u00f6denrother Weg","src":"https:\/\/i0.wp.com\/willi-junker.de\/dachs\/wp-content\/uploads\/2010\/12\/2010_12_26_1.jpg?resize=350%2C200","width":350,"height":200,"srcset":"https:\/\/i0.wp.com\/willi-junker.de\/dachs\/wp-content\/uploads\/2010\/12\/2010_12_26_1.jpg?resize=350%2C200 1x, https:\/\/i0.wp.com\/willi-junker.de\/dachs\/wp-content\/uploads\/2010\/12\/2010_12_26_1.jpg?resize=525%2C300 1.5x"},"classes":[]},{"id":3900,"url":"https:\/\/willi-junker.de\/dachs\/?p=3900","url_meta":{"origin":2567,"position":4},"title":"8. Skitag &#8211; Ein Traum","author":"Willi","date":"11.03.2017","format":false,"excerpt":"Heute stimmt alles. Bin heute Morgen umgezogen und dann geht es in Richtung Dantercepi\u00ebs los. Will halt noch die Sella-Ronda in der Gegenrichtung machen. Da ich unheimlich schnell an der Porta Vescovo bin werde ich etwas mutiger. Ich k\u00f6nnte ja noch kurz r\u00fcber zum Padonpass. Als ich dort bin denke\u2026","rel":"","context":"In &quot;Touren&quot;","block_context":{"text":"Touren","link":"https:\/\/willi-junker.de\/dachs\/?cat=3"},"img":{"alt_text":"","src":"http:\/\/i0.wp.com\/willi-junker.de\/dachs\/wp-content\/uploads\/2017\/03\/wp-image-411474397jpg.jpg?w=792&resize=350%2C200","width":350,"height":200,"srcset":"http:\/\/i0.wp.com\/willi-junker.de\/dachs\/wp-content\/uploads\/2017\/03\/wp-image-411474397jpg.jpg?w=792&resize=350%2C200 1x, http:\/\/i0.wp.com\/willi-junker.de\/dachs\/wp-content\/uploads\/2017\/03\/wp-image-411474397jpg.jpg?w=792&resize=525%2C300 1.5x, http:\/\/i0.wp.com\/willi-junker.de\/dachs\/wp-content\/uploads\/2017\/03\/wp-image-411474397jpg.jpg?w=792&resize=700%2C400 2x"},"classes":[]},{"id":1149,"url":"https:\/\/willi-junker.de\/dachs\/?p=1149","url_meta":{"origin":2567,"position":5},"title":"17:30 Uhr &#8211; wieder am Ausgangspunkt","author":"Willi","date":"23.02.2013","format":false,"excerpt":"Der R\u00fcckweg ist noch um einiges beschwerlicher als der Hinweg. Auf der Schinderhannesloipe hat der Prozessor ganze Arbeit geleistet. Ein ganzes St\u00fcck des Weges ist unbefarbar. Auf den Teilstrecken, die doppelt gelaufen werden, ist kaum noch was von meiner morgentlichen Spur zu erkennen. Der Schneefall h\u00e4lt an und auf Freifl\u00e4chen\u2026","rel":"","context":"In &quot;Touren&quot;","block_context":{"text":"Touren","link":"https:\/\/willi-junker.de\/dachs\/?cat=3"},"img":{"alt_text":"P1070551","src":"https:\/\/i0.wp.com\/willi-junker.de\/dachs\/wp-content\/uploads\/2013\/02\/P1070551-500x281.jpg?resize=350%2C200","width":350,"height":200},"classes":[]}],"_links":{"self":[{"href":"https:\/\/willi-junker.de\/dachs\/index.php?rest_route=\/wp\/v2\/posts\/2567","targetHints":{"allow":["GET"]}}],"collection":[{"href":"https:\/\/willi-junker.de\/dachs\/index.php?rest_route=\/wp\/v2\/posts"}],"about":[{"href":"https:\/\/willi-junker.de\/dachs\/index.php?rest_route=\/wp\/v2\/types\/post"}],"author":[{"embeddable":true,"href":"https:\/\/willi-junker.de\/dachs\/index.php?rest_route=\/wp\/v2\/users\/1"}],"replies":[{"embeddable":true,"href":"https:\/\/willi-junker.de\/dachs\/index.php?rest_route=%2Fwp%2Fv2%2Fcomments&post=2567"}],"version-history":[{"count":3,"href":"https:\/\/willi-junker.de\/dachs\/index.php?rest_route=\/wp\/v2\/posts\/2567\/revisions"}],"predecessor-version":[{"id":5044,"href":"https:\/\/willi-junker.de\/dachs\/index.php?rest_route=\/wp\/v2\/posts\/2567\/revisions\/5044"}],"wp:attachment":[{"href":"https:\/\/willi-junker.de\/dachs\/index.php?rest_route=%2Fwp%2Fv2%2Fmedia&parent=2567"}],"wp:term":[{"taxonomy":"category","embeddable":true,"href":"https:\/\/willi-junker.de\/dachs\/index.php?rest_route=%2Fwp%2Fv2%2Fcategories&post=2567"},{"taxonomy":"post_tag","embeddable":true,"href":"https:\/\/willi-junker.de\/dachs\/index.php?rest_route=%2Fwp%2Fv2%2Ftags&post=2567"}],"curies":[{"name":"wp","href":"https:\/\/api.w.org\/{rel}","templated":true}]}}