{"id":2543,"date":"2015-07-26T20:29:48","date_gmt":"2015-07-26T18:29:48","guid":{"rendered":"http:\/\/willi-junker.de\/dachs\/?p=2543"},"modified":"2018-11-28T13:23:46","modified_gmt":"2018-11-28T12:23:46","slug":"fast-daheim","status":"publish","type":"post","link":"https:\/\/willi-junker.de\/dachs\/?p=2543","title":{"rendered":"Fast daheim"},"content":{"rendered":"<p><a href=\"https:\/\/i0.wp.com\/willi-junker.de\/dachs\/wp-content\/uploads\/2015\/07\/wpid-IMAG11221.jpg?ssl=1\"><img data-recalc-dims=\"1\" decoding=\"async\" class=\"alignnone size-full\" title=\"IMAG1122.jpg\" src=\"https:\/\/i0.wp.com\/willi-junker.de\/dachs\/wp-content\/uploads\/2015\/07\/wpid-IMAG1122.jpg?w=640&#038;ssl=1\" alt=\"image\" \/><\/a><\/p>\n<p>Nach \u00fcber 12 Stunden und 180 Kilometern. Die letzten 3 Stunden im Dauerregen \ud83d\ude09 Das macht Laune.<\/p>\n","protected":false},"excerpt":{"rendered":"<p>Nach \u00fcber 12 Stunden und 180 Kilometern. Die letzten 3 Stunden im Dauerregen \ud83d\ude09 Das macht Laune.<\/p>\n","protected":false},"author":1,"featured_media":0,"comment_status":"open","ping_status":"open","sticky":false,"template":"","format":"standard","meta":{"_crdt_document":"","jetpack_post_was_ever_published":false,"_jetpack_newsletter_access":"","_jetpack_dont_email_post_to_subs":false,"_jetpack_newsletter_tier_id":0,"_jetpack_memberships_contains_paywalled_content":false,"_jetpack_memberships_contains_paid_content":false,"footnotes":"","jetpack_publicize_message":"","jetpack_publicize_feature_enabled":true,"jetpack_social_post_already_shared":false,"jetpack_social_options":{"image_generator_settings":{"template":"highway","default_image_id":0,"font":"","enabled":false},"version":2}},"categories":[3],"tags":[],"class_list":["post-2543","post","type-post","status-publish","format-standard","hentry","category-touren"],"jetpack_publicize_connections":[],"jetpack_featured_media_url":"","jetpack_sharing_enabled":true,"jetpack_shortlink":"https:\/\/wp.me\/p73o9s-F1","jetpack-related-posts":[{"id":5484,"url":"https:\/\/willi-junker.de\/dachs\/?p=5484","url_meta":{"origin":2543,"position":0},"title":"24-Stunden-Wanderung \/ Private Edition 2021","author":"Willi","date":"24.06.2021","format":false,"excerpt":"Da in diesem Jahr die 24-Stunden-Wanderung von RLP in Hennweiler wieder nicht stattfinden konnte, haben meine Schwester und ich uns \u00fcberlegt eine eigene Veranstaltung durchzuf\u00fchren. Freitag, den 25. Juni 2021 haben wir uns daf\u00fcr ausgesucht. Start um Punkt 00:00 Uhr in Laubach und dann open End, soweit die F\u00fc\u00dfe tragen.\u2026","rel":"","context":"In &quot;Touren&quot;","block_context":{"text":"Touren","link":"https:\/\/willi-junker.de\/dachs\/?cat=3"},"img":{"alt_text":"","src":"https:\/\/i0.wp.com\/willi-junker.de\/dachs\/wp-content\/uploads\/2021\/11\/IMG-20210625-WA0003.jpg?resize=350%2C200&ssl=1","width":350,"height":200,"srcset":"https:\/\/i0.wp.com\/willi-junker.de\/dachs\/wp-content\/uploads\/2021\/11\/IMG-20210625-WA0003.jpg?resize=350%2C200&ssl=1 1x, https:\/\/i0.wp.com\/willi-junker.de\/dachs\/wp-content\/uploads\/2021\/11\/IMG-20210625-WA0003.jpg?resize=525%2C300&ssl=1 1.5x, https:\/\/i0.wp.com\/willi-junker.de\/dachs\/wp-content\/uploads\/2021\/11\/IMG-20210625-WA0003.jpg?resize=700%2C400&ssl=1 2x, https:\/\/i0.wp.com\/willi-junker.de\/dachs\/wp-content\/uploads\/2021\/11\/IMG-20210625-WA0003.jpg?resize=1050%2C600&ssl=1 3x, https:\/\/i0.wp.com\/willi-junker.de\/dachs\/wp-content\/uploads\/2021\/11\/IMG-20210625-WA0003.jpg?resize=1400%2C800&ssl=1 4x"},"classes":[]},{"id":3941,"url":"https:\/\/willi-junker.de\/dachs\/?p=3941","url_meta":{"origin":2543,"position":1},"title":"Oster-Wandertour 2017","author":"Willi","date":"16.04.2017","format":false,"excerpt":"Bin heute am 1. Ostertag schon fr\u00fch losgefahren und treffe gegen 08:50 Uhr am Parkplatz am Hunsr\u00fcckhaus am Erbeskopf ein. Es ist noch ganz sch\u00f6n k\u00fchl, die Grashalme teilweise gefroren. Zuerst folge ich der Traumschleife Gipfelrauschen gegen den Uhrzeigersinn. Er f\u00fchrt mich bis \u00fcber den Gipfelkamm. Dort biege ich dann\u2026","rel":"","context":"In &quot;Touren&quot;","block_context":{"text":"Touren","link":"https:\/\/willi-junker.de\/dachs\/?cat=3"},"img":{"alt_text":"","src":"https:\/\/i0.wp.com\/willi-junker.de\/dachs\/wp-content\/uploads\/2017\/04\/2017_03_16_001-500x281.jpg?resize=350%2C200","width":350,"height":200},"classes":[]},{"id":5217,"url":"https:\/\/willi-junker.de\/dachs\/?p=5217","url_meta":{"origin":2543,"position":2},"title":"Radtour nach Bad Sch\u00f6nborn \/ Tag 1 (K\u00f6nigsetappe)","author":"Willi","date":"18.07.2019","format":false,"excerpt":"Heute Morgen bin ich gegen vier Uhr aus den Federn gesprungen und um halb sechs hab ich das Rad abfahrbereit gemacht. Dann geht es im Morgengrauen los. \u00dcber Alterk\u00fclz geht es auf den Schinderhannesradweg und nach Simmern. Dann hinauf nach Holzbach und wieder hinab nach Tiefenbach. Hier werden die 10\u2026","rel":"","context":"In &quot;Touren&quot;","block_context":{"text":"Touren","link":"https:\/\/willi-junker.de\/dachs\/?cat=3"},"img":{"alt_text":"","src":"https:\/\/i0.wp.com\/willi-junker.de\/dachs\/wp-content\/uploads\/2019\/07\/20190718_0753291178164395.jpg?resize=350%2C200","width":350,"height":200,"srcset":"https:\/\/i0.wp.com\/willi-junker.de\/dachs\/wp-content\/uploads\/2019\/07\/20190718_0753291178164395.jpg?resize=350%2C200 1x, https:\/\/i0.wp.com\/willi-junker.de\/dachs\/wp-content\/uploads\/2019\/07\/20190718_0753291178164395.jpg?resize=525%2C300 1.5x, https:\/\/i0.wp.com\/willi-junker.de\/dachs\/wp-content\/uploads\/2019\/07\/20190718_0753291178164395.jpg?resize=700%2C400 2x, https:\/\/i0.wp.com\/willi-junker.de\/dachs\/wp-content\/uploads\/2019\/07\/20190718_0753291178164395.jpg?resize=1050%2C600 3x, https:\/\/i0.wp.com\/willi-junker.de\/dachs\/wp-content\/uploads\/2019\/07\/20190718_0753291178164395.jpg?resize=1400%2C800 4x"},"classes":[]},{"id":242,"url":"https:\/\/willi-junker.de\/dachs\/?p=242","url_meta":{"origin":2543,"position":3},"title":"Radtour Oberstein &#8211; 12.06.2011","author":"Willi","date":"12.06.2011","format":false,"excerpt":"Heute Morgen ist es schweinekalt, nur 4 Grad. Daher starte ich erst gegen 08:15 Uhr mit meiner Tour nach Oberstein. \u00dcber Alterk\u00fclz, W\u00fcschheim und das Faas geht es nach Kostenz und von dort \u00fcber Niedersohren, Laufersweiler und Rhaunen nach Hottenbach. Dort mache ich eine kurze Pause und genie\u00dfe die Aussicht.\u2026","rel":"","context":"In &quot;Touren&quot;","block_context":{"text":"Touren","link":"https:\/\/willi-junker.de\/dachs\/?cat=3"},"img":{"alt_text":"Hottenbach - Blick zum Idarkopf","src":"https:\/\/i0.wp.com\/willi-junker.de\/dachs\/wp-content\/uploads\/2011\/06\/901.jpg?resize=350%2C200","width":350,"height":200,"srcset":"https:\/\/i0.wp.com\/willi-junker.de\/dachs\/wp-content\/uploads\/2011\/06\/901.jpg?resize=350%2C200 1x, https:\/\/i0.wp.com\/willi-junker.de\/dachs\/wp-content\/uploads\/2011\/06\/901.jpg?resize=525%2C300 1.5x, https:\/\/i0.wp.com\/willi-junker.de\/dachs\/wp-content\/uploads\/2011\/06\/901.jpg?resize=700%2C400 2x, https:\/\/i0.wp.com\/willi-junker.de\/dachs\/wp-content\/uploads\/2011\/06\/901.jpg?resize=1050%2C600 3x, https:\/\/i0.wp.com\/willi-junker.de\/dachs\/wp-content\/uploads\/2011\/06\/901.jpg?resize=1400%2C800 4x"},"classes":[]},{"id":4839,"url":"https:\/\/willi-junker.de\/dachs\/?p=4839","url_meta":{"origin":2543,"position":4},"title":"Saar-Hunsr\u00fcck-Steig r\u00fcckw\u00e4rts &#8211; Tag 2 &#8211; Etappe 22 und 21","author":"Willi","date":"10.10.2018","format":false,"excerpt":"Kurz nach halb neun starte ich im nebligen Brodenbach. Die Mosel ist nicht zu sehen. Nach ca. 1,5 km bin ich wieder auf dem Saar-Hunsr\u00fcck-Steig. Es geht steil hinauf nach Morshausen. Am Ehrenburgblick stehe ich leider noch immer im Nebel. Der Nebel rundum gibt der Landschaft einen mystischen Hauch. Richtig\u2026","rel":"","context":"In &quot;Touren&quot;","block_context":{"text":"Touren","link":"https:\/\/willi-junker.de\/dachs\/?cat=3"},"img":{"alt_text":"","src":"https:\/\/i0.wp.com\/willi-junker.de\/dachs\/wp-content\/uploads\/2018\/10\/20181010_0918091479369735.jpg?resize=350%2C200","width":350,"height":200,"srcset":"https:\/\/i0.wp.com\/willi-junker.de\/dachs\/wp-content\/uploads\/2018\/10\/20181010_0918091479369735.jpg?resize=350%2C200 1x, https:\/\/i0.wp.com\/willi-junker.de\/dachs\/wp-content\/uploads\/2018\/10\/20181010_0918091479369735.jpg?resize=525%2C300 1.5x, https:\/\/i0.wp.com\/willi-junker.de\/dachs\/wp-content\/uploads\/2018\/10\/20181010_0918091479369735.jpg?resize=700%2C400 2x, https:\/\/i0.wp.com\/willi-junker.de\/dachs\/wp-content\/uploads\/2018\/10\/20181010_0918091479369735.jpg?resize=1050%2C600 3x, https:\/\/i0.wp.com\/willi-junker.de\/dachs\/wp-content\/uploads\/2018\/10\/20181010_0918091479369735.jpg?resize=1400%2C800 4x"},"classes":[]},{"id":5185,"url":"https:\/\/willi-junker.de\/dachs\/?p=5185","url_meta":{"origin":2543,"position":5},"title":"Pf\u00e4lzer Wald &#8211; Tag 2 &#8211; Hauenstein","author":"Willi","date":"19.05.2019","format":false,"excerpt":"Die ganze Nacht und auch noch w\u00e4hrend des Fr\u00fchst\u00fccks regnet es kr\u00e4ftig. Mit den letzten Regentropfen laufen wir ins Finstertal hinein und \u00fcber tolle Trails hin\u00fcber nach Hauenstein. P\u00fcnktlich zur Er\u00f6ffnung der Schuhmeile um 13 Uhr sind wir dort. 25 Schuhgesch\u00e4fte erwarten uns. Nach gut zwei Stunden haben wir alles\u2026","rel":"","context":"In &quot;Touren&quot;","block_context":{"text":"Touren","link":"https:\/\/willi-junker.de\/dachs\/?cat=3"},"img":{"alt_text":"","src":"https:\/\/i0.wp.com\/willi-junker.de\/dachs\/wp-content\/uploads\/2019\/05\/20190519_113807-1443465982.jpg?resize=350%2C200","width":350,"height":200,"srcset":"https:\/\/i0.wp.com\/willi-junker.de\/dachs\/wp-content\/uploads\/2019\/05\/20190519_113807-1443465982.jpg?resize=350%2C200 1x, https:\/\/i0.wp.com\/willi-junker.de\/dachs\/wp-content\/uploads\/2019\/05\/20190519_113807-1443465982.jpg?resize=525%2C300 1.5x, https:\/\/i0.wp.com\/willi-junker.de\/dachs\/wp-content\/uploads\/2019\/05\/20190519_113807-1443465982.jpg?resize=700%2C400 2x, https:\/\/i0.wp.com\/willi-junker.de\/dachs\/wp-content\/uploads\/2019\/05\/20190519_113807-1443465982.jpg?resize=1050%2C600 3x, https:\/\/i0.wp.com\/willi-junker.de\/dachs\/wp-content\/uploads\/2019\/05\/20190519_113807-1443465982.jpg?resize=1400%2C800 4x"},"classes":[]}],"_links":{"self":[{"href":"https:\/\/willi-junker.de\/dachs\/index.php?rest_route=\/wp\/v2\/posts\/2543","targetHints":{"allow":["GET"]}}],"collection":[{"href":"https:\/\/willi-junker.de\/dachs\/index.php?rest_route=\/wp\/v2\/posts"}],"about":[{"href":"https:\/\/willi-junker.de\/dachs\/index.php?rest_route=\/wp\/v2\/types\/post"}],"author":[{"embeddable":true,"href":"https:\/\/willi-junker.de\/dachs\/index.php?rest_route=\/wp\/v2\/users\/1"}],"replies":[{"embeddable":true,"href":"https:\/\/willi-junker.de\/dachs\/index.php?rest_route=%2Fwp%2Fv2%2Fcomments&post=2543"}],"version-history":[{"count":2,"href":"https:\/\/willi-junker.de\/dachs\/index.php?rest_route=\/wp\/v2\/posts\/2543\/revisions"}],"predecessor-version":[{"id":5049,"href":"https:\/\/willi-junker.de\/dachs\/index.php?rest_route=\/wp\/v2\/posts\/2543\/revisions\/5049"}],"wp:attachment":[{"href":"https:\/\/willi-junker.de\/dachs\/index.php?rest_route=%2Fwp%2Fv2%2Fmedia&parent=2543"}],"wp:term":[{"taxonomy":"category","embeddable":true,"href":"https:\/\/willi-junker.de\/dachs\/index.php?rest_route=%2Fwp%2Fv2%2Fcategories&post=2543"},{"taxonomy":"post_tag","embeddable":true,"href":"https:\/\/willi-junker.de\/dachs\/index.php?rest_route=%2Fwp%2Fv2%2Ftags&post=2543"}],"curies":[{"name":"wp","href":"https:\/\/api.w.org\/{rel}","templated":true}]}}