{"id":2496,"date":"2015-06-30T22:08:32","date_gmt":"2015-06-30T20:08:32","guid":{"rendered":"http:\/\/willi-junker.de\/dachs\/?p=2496"},"modified":"2018-11-28T13:34:04","modified_gmt":"2018-11-28T12:34:04","slug":"2100-uhr-hochheim-am-main","status":"publish","type":"post","link":"https:\/\/willi-junker.de\/dachs\/?p=2496","title":{"rendered":"21:00 Uhr &#8211; Hochheim am Main"},"content":{"rendered":"<p>Nach dem Verhauer vom Morgen musste ja auch heute Abend was schiefgehen. Wegen einer Baustelle und einer Sperrung bin ich bis R\u00fcsselsheim auf der falschen Mainseite gefahren. Das Problem bestand dann darin in Fl\u00f6rsheim die Mainseite zu wechseln. Das geht nur aus einer Richtung und die muss man erst mal finden.<\/p>\n<p>Naja, Frankfurt im Feierabendfreizeitverkehr auf dem Radweg ist auch gew\u00f6hnungsbed\u00fcrftig. Jogger, Kinderwagen, Radler, Hunde und das m\u00f6glichst alles gleichzeitig. Das macht echt Laune. Und rundherum gab es ja auch noch genug zu sehen.<\/p>\n<p>In Fl\u00f6rsheim hab ich mich rund gefragt. Leider war nichts zu bekommen und so habe ich dann aus einem Hostel in Fl\u00f6rsheim ein Hotel in Hochheim gebucht.<\/p>\n<p>Mein Fahrrad steht auf der Kegelbahn und ich habe das letzte Zimmer ergattert. Das Essen schmeckt gerade richtig gut.<\/p>\n<p>Am Ende waren es heute 151 hei\u00dfe Kilometer. Fl\u00fcssigkeitszufuhr gut 5 Liter und der Abend ist noch nicht vorbei. Insgesamt hab ich jetzt mehr als 800 Kilometer gefahren.<\/p>\n","protected":false},"excerpt":{"rendered":"<p>Nach dem Verhauer vom Morgen musste ja auch heute Abend was schiefgehen. Wegen einer Baustelle und einer Sperrung bin ich bis R\u00fcsselsheim auf der falschen Mainseite gefahren. Das Problem bestand dann darin in Fl\u00f6rsheim die Mainseite zu wechseln. Das geht &hellip; <a href=\"https:\/\/willi-junker.de\/dachs\/?p=2496\">Weiterlesen <span class=\"meta-nav\">&rarr;<\/span><\/a><\/p>\n","protected":false},"author":1,"featured_media":0,"comment_status":"open","ping_status":"open","sticky":false,"template":"","format":"standard","meta":{"_crdt_document":"","jetpack_post_was_ever_published":false,"_jetpack_newsletter_access":"","_jetpack_dont_email_post_to_subs":false,"_jetpack_newsletter_tier_id":0,"_jetpack_memberships_contains_paywalled_content":false,"_jetpack_memberships_contains_paid_content":false,"footnotes":"","jetpack_publicize_message":"","jetpack_publicize_feature_enabled":true,"jetpack_social_post_already_shared":false,"jetpack_social_options":{"image_generator_settings":{"template":"highway","default_image_id":0,"font":"","enabled":false},"version":2}},"categories":[3],"tags":[],"class_list":["post-2496","post","type-post","status-publish","format-standard","hentry","category-touren"],"jetpack_publicize_connections":[],"jetpack_featured_media_url":"","jetpack_sharing_enabled":true,"jetpack_shortlink":"https:\/\/wp.me\/p73o9s-Eg","jetpack-related-posts":[{"id":5217,"url":"https:\/\/willi-junker.de\/dachs\/?p=5217","url_meta":{"origin":2496,"position":0},"title":"Radtour nach Bad Sch\u00f6nborn \/ Tag 1 (K\u00f6nigsetappe)","author":"Willi","date":"18.07.2019","format":false,"excerpt":"Heute Morgen bin ich gegen vier Uhr aus den Federn gesprungen und um halb sechs hab ich das Rad abfahrbereit gemacht. Dann geht es im Morgengrauen los. \u00dcber Alterk\u00fclz geht es auf den Schinderhannesradweg und nach Simmern. Dann hinauf nach Holzbach und wieder hinab nach Tiefenbach. Hier werden die 10\u2026","rel":"","context":"In &quot;Touren&quot;","block_context":{"text":"Touren","link":"https:\/\/willi-junker.de\/dachs\/?cat=3"},"img":{"alt_text":"","src":"https:\/\/i0.wp.com\/willi-junker.de\/dachs\/wp-content\/uploads\/2019\/07\/20190718_0753291178164395.jpg?resize=350%2C200","width":350,"height":200,"srcset":"https:\/\/i0.wp.com\/willi-junker.de\/dachs\/wp-content\/uploads\/2019\/07\/20190718_0753291178164395.jpg?resize=350%2C200 1x, https:\/\/i0.wp.com\/willi-junker.de\/dachs\/wp-content\/uploads\/2019\/07\/20190718_0753291178164395.jpg?resize=525%2C300 1.5x, https:\/\/i0.wp.com\/willi-junker.de\/dachs\/wp-content\/uploads\/2019\/07\/20190718_0753291178164395.jpg?resize=700%2C400 2x, https:\/\/i0.wp.com\/willi-junker.de\/dachs\/wp-content\/uploads\/2019\/07\/20190718_0753291178164395.jpg?resize=1050%2C600 3x, https:\/\/i0.wp.com\/willi-junker.de\/dachs\/wp-content\/uploads\/2019\/07\/20190718_0753291178164395.jpg?resize=1400%2C800 4x"},"classes":[]},{"id":4070,"url":"https:\/\/willi-junker.de\/dachs\/?p=4070","url_meta":{"origin":2496,"position":1},"title":"H\u00fcttenwanderung &#8211; Tag 4","author":"Willi","date":"21.07.2017","format":false,"excerpt":"Auch heute bin ich wieder vor sechs Uhr munter und treibe mich ab halb sieben vor der H\u00fctte rum. Es ist sonnig und es sieht nach einem sch\u00f6nen Tag aus. Das Alpengl\u00fchen hat heute leider wieder nicht stattgefunden. Um sieben sitze ich am Fr\u00fchst\u00fcckstisch und um acht bin ich auf\u2026","rel":"","context":"In &quot;Touren&quot;","block_context":{"text":"Touren","link":"https:\/\/willi-junker.de\/dachs\/?cat=3"},"img":{"alt_text":"","src":"https:\/\/i0.wp.com\/willi-junker.de\/dachs\/wp-content\/uploads\/2017\/07\/wp-image-833505761.jpg?resize=350%2C200","width":350,"height":200,"srcset":"https:\/\/i0.wp.com\/willi-junker.de\/dachs\/wp-content\/uploads\/2017\/07\/wp-image-833505761.jpg?resize=350%2C200 1x, https:\/\/i0.wp.com\/willi-junker.de\/dachs\/wp-content\/uploads\/2017\/07\/wp-image-833505761.jpg?resize=525%2C300 1.5x, https:\/\/i0.wp.com\/willi-junker.de\/dachs\/wp-content\/uploads\/2017\/07\/wp-image-833505761.jpg?resize=700%2C400 2x, https:\/\/i0.wp.com\/willi-junker.de\/dachs\/wp-content\/uploads\/2017\/07\/wp-image-833505761.jpg?resize=1050%2C600 3x, https:\/\/i0.wp.com\/willi-junker.de\/dachs\/wp-content\/uploads\/2017\/07\/wp-image-833505761.jpg?resize=1400%2C800 4x"},"classes":[]},{"id":5230,"url":"https:\/\/willi-junker.de\/dachs\/?p=5230","url_meta":{"origin":2496,"position":2},"title":"Radtour nach Bad Sch\u00f6nborn \/ Tag 2","author":"Willi Junker","date":"19.07.2019","format":false,"excerpt":"Auch heute sitze ich wieder auf dem Rad, aber bei Weitem nich so fr\u00fch als gestern. Nach einem ausf\u00fchrlichen Fr\u00fchst\u00fcck starte ich gegen 10:15 Uhr. Mein Weg f\u00fchrt mich zuerst ins Fremdenverkehrsamt. Danach will ich weiter in Richtung Schwetzingen. Schwetzingen lockt mit einer gro\u00dfen Schlo\u00dfanlage und liegt ca. 30 Kilometer\u2026","rel":"","context":"In &quot;Touren&quot;","block_context":{"text":"Touren","link":"https:\/\/willi-junker.de\/dachs\/?cat=3"},"img":{"alt_text":"","src":"https:\/\/i0.wp.com\/willi-junker.de\/dachs\/wp-content\/uploads\/2019\/07\/20190719_1129171132900057.jpg?resize=350%2C200&ssl=1","width":350,"height":200,"srcset":"https:\/\/i0.wp.com\/willi-junker.de\/dachs\/wp-content\/uploads\/2019\/07\/20190719_1129171132900057.jpg?resize=350%2C200&ssl=1 1x, https:\/\/i0.wp.com\/willi-junker.de\/dachs\/wp-content\/uploads\/2019\/07\/20190719_1129171132900057.jpg?resize=525%2C300&ssl=1 1.5x, https:\/\/i0.wp.com\/willi-junker.de\/dachs\/wp-content\/uploads\/2019\/07\/20190719_1129171132900057.jpg?resize=700%2C400&ssl=1 2x, https:\/\/i0.wp.com\/willi-junker.de\/dachs\/wp-content\/uploads\/2019\/07\/20190719_1129171132900057.jpg?resize=1050%2C600&ssl=1 3x"},"classes":[]},{"id":4669,"url":"https:\/\/willi-junker.de\/dachs\/?p=4669","url_meta":{"origin":2496,"position":3},"title":"RAM100K &#8211; Rhein-Ahr-Marsch 2018","author":"Willi","date":"06.07.2018","format":false,"excerpt":"Heute probiere ich mal was Neues. 24 Stundenwanderungen hab ich ja schon einige gemacht, aber noch nie mehr als 80 km. Das soll sich heute \u00e4ndern. Heute stehen 100 km auf dem Programm. Start und Ziel in Rheinbach bei Bonn. Heute Abend um 20:00 Uhr geht es los. Zuerst geht\u2026","rel":"","context":"In &quot;Touren&quot;","block_context":{"text":"Touren","link":"https:\/\/willi-junker.de\/dachs\/?cat=3"},"img":{"alt_text":"","src":"https:\/\/i0.wp.com\/willi-junker.de\/dachs\/wp-content\/uploads\/2018\/07\/20180706_154457646968539.jpg?resize=350%2C200","width":350,"height":200,"srcset":"https:\/\/i0.wp.com\/willi-junker.de\/dachs\/wp-content\/uploads\/2018\/07\/20180706_154457646968539.jpg?resize=350%2C200 1x, https:\/\/i0.wp.com\/willi-junker.de\/dachs\/wp-content\/uploads\/2018\/07\/20180706_154457646968539.jpg?resize=525%2C300 1.5x, https:\/\/i0.wp.com\/willi-junker.de\/dachs\/wp-content\/uploads\/2018\/07\/20180706_154457646968539.jpg?resize=700%2C400 2x, https:\/\/i0.wp.com\/willi-junker.de\/dachs\/wp-content\/uploads\/2018\/07\/20180706_154457646968539.jpg?resize=1050%2C600 3x, https:\/\/i0.wp.com\/willi-junker.de\/dachs\/wp-content\/uploads\/2018\/07\/20180706_154457646968539.jpg?resize=1400%2C800 4x"},"classes":[]},{"id":4153,"url":"https:\/\/willi-junker.de\/dachs\/?p=4153","url_meta":{"origin":2496,"position":4},"title":"Tag 8 &#8211; Umrundung Langkofelstock","author":"Willi","date":"25.07.2017","format":false,"excerpt":"Heute gibt es um 07:15 Uhr Fr\u00fchst\u00fcck. Abmarsch ist um 08:10 Uhr. Um 08:26 Uhr steigen wir in den total \u00fcberf\u00fcllten Bus zum Sellapass. Beinahe waren auch nur 50% von uns in den Bus gekommen. Es ist saukalt, aber sonnig. Der Rest der Familie f\u00e4hrt vom Sella-Joch mit dem Lift\u2026","rel":"","context":"In &quot;Touren&quot;","block_context":{"text":"Touren","link":"https:\/\/willi-junker.de\/dachs\/?cat=3"},"img":{"alt_text":"","src":"https:\/\/i0.wp.com\/willi-junker.de\/dachs\/wp-content\/uploads\/2017\/07\/wp-image-1084737681.jpg?resize=350%2C200","width":350,"height":200,"srcset":"https:\/\/i0.wp.com\/willi-junker.de\/dachs\/wp-content\/uploads\/2017\/07\/wp-image-1084737681.jpg?resize=350%2C200 1x, https:\/\/i0.wp.com\/willi-junker.de\/dachs\/wp-content\/uploads\/2017\/07\/wp-image-1084737681.jpg?resize=525%2C300 1.5x, https:\/\/i0.wp.com\/willi-junker.de\/dachs\/wp-content\/uploads\/2017\/07\/wp-image-1084737681.jpg?resize=700%2C400 2x, https:\/\/i0.wp.com\/willi-junker.de\/dachs\/wp-content\/uploads\/2017\/07\/wp-image-1084737681.jpg?resize=1050%2C600 3x, https:\/\/i0.wp.com\/willi-junker.de\/dachs\/wp-content\/uploads\/2017\/07\/wp-image-1084737681.jpg?resize=1400%2C800 4x"},"classes":[]},{"id":5470,"url":"https:\/\/willi-junker.de\/dachs\/?p=5470","url_meta":{"origin":2496,"position":5},"title":"Marathonwanderung auf dem Rheinsteig &#8211; Etappen 5 und 6 von R\u00fcdesheim bis Kaub","author":"Willi","date":"02.11.2021","format":false,"excerpt":"Heute Morgen bin ich im Dunklen mit dem Zug nach Bingen gefahren. Im ersten Morgenlicht verlasse ich den Bahnhof in Richtung F\u00e4hre nach R\u00fcdesheim. R\u00fcdesheim erreiche ich gegen 07\u00b3\u2070 Uhr. Obligatorisch laufe ich die v\u00f6llig leere Drosselgasse hinauf und dann \u00fcber Wingertswege hinauf in Richtung Niederwalddenkmal. Oben angekommen sehe ich\u2026","rel":"","context":"In &quot;Touren&quot;","block_context":{"text":"Touren","link":"https:\/\/willi-junker.de\/dachs\/?cat=3"},"img":{"alt_text":"","src":"https:\/\/i0.wp.com\/willi-junker.de\/dachs\/wp-content\/uploads\/2021\/11\/img_20211102_083350_1624050857507768282-scaled.jpg?resize=350%2C200&ssl=1","width":350,"height":200,"srcset":"https:\/\/i0.wp.com\/willi-junker.de\/dachs\/wp-content\/uploads\/2021\/11\/img_20211102_083350_1624050857507768282-scaled.jpg?resize=350%2C200&ssl=1 1x, https:\/\/i0.wp.com\/willi-junker.de\/dachs\/wp-content\/uploads\/2021\/11\/img_20211102_083350_1624050857507768282-scaled.jpg?resize=525%2C300&ssl=1 1.5x, https:\/\/i0.wp.com\/willi-junker.de\/dachs\/wp-content\/uploads\/2021\/11\/img_20211102_083350_1624050857507768282-scaled.jpg?resize=700%2C400&ssl=1 2x, https:\/\/i0.wp.com\/willi-junker.de\/dachs\/wp-content\/uploads\/2021\/11\/img_20211102_083350_1624050857507768282-scaled.jpg?resize=1050%2C600&ssl=1 3x, https:\/\/i0.wp.com\/willi-junker.de\/dachs\/wp-content\/uploads\/2021\/11\/img_20211102_083350_1624050857507768282-scaled.jpg?resize=1400%2C800&ssl=1 4x"},"classes":[]}],"_links":{"self":[{"href":"https:\/\/willi-junker.de\/dachs\/index.php?rest_route=\/wp\/v2\/posts\/2496","targetHints":{"allow":["GET"]}}],"collection":[{"href":"https:\/\/willi-junker.de\/dachs\/index.php?rest_route=\/wp\/v2\/posts"}],"about":[{"href":"https:\/\/willi-junker.de\/dachs\/index.php?rest_route=\/wp\/v2\/types\/post"}],"author":[{"embeddable":true,"href":"https:\/\/willi-junker.de\/dachs\/index.php?rest_route=\/wp\/v2\/users\/1"}],"replies":[{"embeddable":true,"href":"https:\/\/willi-junker.de\/dachs\/index.php?rest_route=%2Fwp%2Fv2%2Fcomments&post=2496"}],"version-history":[{"count":3,"href":"https:\/\/willi-junker.de\/dachs\/index.php?rest_route=\/wp\/v2\/posts\/2496\/revisions"}],"predecessor-version":[{"id":5058,"href":"https:\/\/willi-junker.de\/dachs\/index.php?rest_route=\/wp\/v2\/posts\/2496\/revisions\/5058"}],"wp:attachment":[{"href":"https:\/\/willi-junker.de\/dachs\/index.php?rest_route=%2Fwp%2Fv2%2Fmedia&parent=2496"}],"wp:term":[{"taxonomy":"category","embeddable":true,"href":"https:\/\/willi-junker.de\/dachs\/index.php?rest_route=%2Fwp%2Fv2%2Fcategories&post=2496"},{"taxonomy":"post_tag","embeddable":true,"href":"https:\/\/willi-junker.de\/dachs\/index.php?rest_route=%2Fwp%2Fv2%2Ftags&post=2496"}],"curies":[{"name":"wp","href":"https:\/\/api.w.org\/{rel}","templated":true}]}}