{"id":2489,"date":"2015-06-30T17:02:20","date_gmt":"2015-06-30T15:02:20","guid":{"rendered":"http:\/\/willi-junker.de\/dachs\/?p=2489"},"modified":"2018-11-28T13:35:21","modified_gmt":"2018-11-28T12:35:21","slug":"1535-der-naechste-bach-ist-erreicht","status":"publish","type":"post","link":"https:\/\/willi-junker.de\/dachs\/?p=2489","title":{"rendered":"15:35 Uhr &#8211; Der n\u00e4chste Bach ist erreicht"},"content":{"rendered":"<p>Ich bin am Main.<\/p>\n","protected":false},"excerpt":{"rendered":"<p>Ich bin am Main.<\/p>\n","protected":false},"author":1,"featured_media":0,"comment_status":"open","ping_status":"open","sticky":false,"template":"","format":"standard","meta":{"_crdt_document":"","jetpack_post_was_ever_published":false,"_jetpack_newsletter_access":"","_jetpack_dont_email_post_to_subs":false,"_jetpack_newsletter_tier_id":0,"_jetpack_memberships_contains_paywalled_content":false,"_jetpack_memberships_contains_paid_content":false,"footnotes":"","jetpack_publicize_message":"","jetpack_publicize_feature_enabled":true,"jetpack_social_post_already_shared":false,"jetpack_social_options":{"image_generator_settings":{"template":"highway","default_image_id":0,"font":"","enabled":false},"version":2}},"categories":[3],"tags":[],"class_list":["post-2489","post","type-post","status-publish","format-standard","hentry","category-touren"],"jetpack_publicize_connections":[],"jetpack_featured_media_url":"","jetpack_sharing_enabled":true,"jetpack_shortlink":"https:\/\/wp.me\/p73o9s-E9","jetpack-related-posts":[{"id":4839,"url":"https:\/\/willi-junker.de\/dachs\/?p=4839","url_meta":{"origin":2489,"position":0},"title":"Saar-Hunsr\u00fcck-Steig r\u00fcckw\u00e4rts &#8211; Tag 2 &#8211; Etappe 22 und 21","author":"Willi","date":"10.10.2018","format":false,"excerpt":"Kurz nach halb neun starte ich im nebligen Brodenbach. Die Mosel ist nicht zu sehen. Nach ca. 1,5 km bin ich wieder auf dem Saar-Hunsr\u00fcck-Steig. Es geht steil hinauf nach Morshausen. Am Ehrenburgblick stehe ich leider noch immer im Nebel. Der Nebel rundum gibt der Landschaft einen mystischen Hauch. Richtig\u2026","rel":"","context":"In &quot;Touren&quot;","block_context":{"text":"Touren","link":"https:\/\/willi-junker.de\/dachs\/?cat=3"},"img":{"alt_text":"","src":"https:\/\/i0.wp.com\/willi-junker.de\/dachs\/wp-content\/uploads\/2018\/10\/20181010_0918091479369735.jpg?resize=350%2C200","width":350,"height":200,"srcset":"https:\/\/i0.wp.com\/willi-junker.de\/dachs\/wp-content\/uploads\/2018\/10\/20181010_0918091479369735.jpg?resize=350%2C200 1x, https:\/\/i0.wp.com\/willi-junker.de\/dachs\/wp-content\/uploads\/2018\/10\/20181010_0918091479369735.jpg?resize=525%2C300 1.5x, https:\/\/i0.wp.com\/willi-junker.de\/dachs\/wp-content\/uploads\/2018\/10\/20181010_0918091479369735.jpg?resize=700%2C400 2x, https:\/\/i0.wp.com\/willi-junker.de\/dachs\/wp-content\/uploads\/2018\/10\/20181010_0918091479369735.jpg?resize=1050%2C600 3x, https:\/\/i0.wp.com\/willi-junker.de\/dachs\/wp-content\/uploads\/2018\/10\/20181010_0918091479369735.jpg?resize=1400%2C800 4x"},"classes":[]},{"id":1710,"url":"https:\/\/willi-junker.de\/dachs\/?p=1710","url_meta":{"origin":2489,"position":1},"title":"18:35 Uhr &#8211; Ziel fast erreicht","author":"Willi","date":"25.08.2014","format":false,"excerpt":"Sitze 100 m \u00fcber Wolkenstein. Das Wetter ist mal wieder m\u00e4\u00dfig, aber zumindest bin ich nicht mehr am Frieren. Klimaerw\u00e4rmung hab ich mir anders vorgestellt. In den H\u00f6henlagen ist der Sommer komplett ausgefallen. Die 9 Meter Schnee vom Winter versperren noch einige Wege und Rinnen. Hab heute 1000 H\u00f6henmeter und\u2026","rel":"","context":"In &quot;Touren&quot;","block_context":{"text":"Touren","link":"https:\/\/willi-junker.de\/dachs\/?cat=3"},"img":{"alt_text":"","src":"","width":0,"height":0},"classes":[]},{"id":1112,"url":"https:\/\/willi-junker.de\/dachs\/?p=1112","url_meta":{"origin":2489,"position":2},"title":"Skilanglauf &#8211; Nach 20 km ist der Erbeskopf erreicht","author":"Willi","date":"26.01.2013","format":false,"excerpt":"Bin heute Morgen um 8:30 Uhr am Idarkopf losgelaufen. Auf teils ungespurter Loipe bei gerade ausreichender Schneeh\u00f6he ging es recht anspruchsvoll immer der Kammlage entlang zum Erbeskopf. Unversch\u00e4mt ist, da\u00df auf ca 1 km B\u00e4ume frisch gef\u00e4llt wurden. Das hat mich bestimmt eine halbe Stunde gekostet. Au\u00dferdem wurden viele Schilder\u2026","rel":"","context":"In &quot;Touren&quot;","block_context":{"text":"Touren","link":"https:\/\/willi-junker.de\/dachs\/?cat=3"},"img":{"alt_text":"","src":"","width":0,"height":0},"classes":[]},{"id":3441,"url":"https:\/\/willi-junker.de\/dachs\/?p=3441","url_meta":{"origin":2489,"position":3},"title":"16:15 Uhr &#8211; Tierseralplh\u00fctte\u00a0","author":"Willi","date":"07.09.2016","format":false,"excerpt":"Das Tagesziel ist erreicht. Drei ordentliche Scharten. Der Weg wurde immer spektakul\u00e4rer, je n\u00e4her ich dem Ziel gekommen bin.","rel":"","context":"In &quot;Touren&quot;","block_context":{"text":"Touren","link":"https:\/\/willi-junker.de\/dachs\/?cat=3"},"img":{"alt_text":"","src":"https:\/\/i0.wp.com\/willi-junker.de\/dachs\/wp-content\/uploads\/2016\/09\/wp-image-246826429jpg.jpg?resize=350%2C200","width":350,"height":200,"srcset":"https:\/\/i0.wp.com\/willi-junker.de\/dachs\/wp-content\/uploads\/2016\/09\/wp-image-246826429jpg.jpg?resize=350%2C200 1x, https:\/\/i0.wp.com\/willi-junker.de\/dachs\/wp-content\/uploads\/2016\/09\/wp-image-246826429jpg.jpg?resize=525%2C300 1.5x, https:\/\/i0.wp.com\/willi-junker.de\/dachs\/wp-content\/uploads\/2016\/09\/wp-image-246826429jpg.jpg?resize=700%2C400 2x"},"classes":[]},{"id":2865,"url":"https:\/\/willi-junker.de\/dachs\/?p=2865","url_meta":{"origin":2489,"position":4},"title":"12:15 Uhr &#8211; Puezh\u00fctte","author":"Willi","date":"31.08.2015","format":false,"excerpt":"Nach gerade mal zwei Stunden wandern habe ich die Puezh\u00fctte erreicht. Heute Morgen haben wir mit Ruhe gefr\u00fchst\u00fcckt und erst dann bin ich hoch zur Jimmy-H\u00fctte und von dort \u00fcber das Cir-Joch eingestiegen. Hans Kammerlander ist mir kurz vor der Jimmy-H\u00fctte begegnet. Mein n\u00e4chstes Ziel ist der Piz Duleda.","rel":"","context":"In &quot;Touren&quot;","block_context":{"text":"Touren","link":"https:\/\/willi-junker.de\/dachs\/?cat=3"},"img":{"alt_text":"","src":"","width":0,"height":0},"classes":[]},{"id":4816,"url":"https:\/\/willi-junker.de\/dachs\/?p=4816","url_meta":{"origin":2489,"position":5},"title":"Saar-Hunsr\u00fcck-Steig r\u00fcckw\u00e4rts &#8211; Tag 1 &#8211; Etappe 24 und 23","author":"Willi","date":"09.10.2018","format":false,"excerpt":"Meine neues Projekt beginnt in Boppard. Bin heute Morgen mit dem Zug nach Boppard und nach einem letzten Auff\u00fcllen des Rucksacks beginne ich an der Talstation des Sessellifts mit dem Aufstieg in den Hunsr\u00fcck. Es geht steil bergauf entlang des Sessellifts mit sehr eingeschr\u00e4kter Sicht. Im Tal h\u00e4ngt eine dichte\u2026","rel":"","context":"In &quot;Touren&quot;","block_context":{"text":"Touren","link":"https:\/\/willi-junker.de\/dachs\/?cat=3"},"img":{"alt_text":"","src":"https:\/\/i0.wp.com\/willi-junker.de\/dachs\/wp-content\/uploads\/2018\/10\/20181009_06544424048659.jpg?resize=350%2C200","width":350,"height":200,"srcset":"https:\/\/i0.wp.com\/willi-junker.de\/dachs\/wp-content\/uploads\/2018\/10\/20181009_06544424048659.jpg?resize=350%2C200 1x, https:\/\/i0.wp.com\/willi-junker.de\/dachs\/wp-content\/uploads\/2018\/10\/20181009_06544424048659.jpg?resize=525%2C300 1.5x, https:\/\/i0.wp.com\/willi-junker.de\/dachs\/wp-content\/uploads\/2018\/10\/20181009_06544424048659.jpg?resize=700%2C400 2x, https:\/\/i0.wp.com\/willi-junker.de\/dachs\/wp-content\/uploads\/2018\/10\/20181009_06544424048659.jpg?resize=1050%2C600 3x, https:\/\/i0.wp.com\/willi-junker.de\/dachs\/wp-content\/uploads\/2018\/10\/20181009_06544424048659.jpg?resize=1400%2C800 4x"},"classes":[]}],"_links":{"self":[{"href":"https:\/\/willi-junker.de\/dachs\/index.php?rest_route=\/wp\/v2\/posts\/2489","targetHints":{"allow":["GET"]}}],"collection":[{"href":"https:\/\/willi-junker.de\/dachs\/index.php?rest_route=\/wp\/v2\/posts"}],"about":[{"href":"https:\/\/willi-junker.de\/dachs\/index.php?rest_route=\/wp\/v2\/types\/post"}],"author":[{"embeddable":true,"href":"https:\/\/willi-junker.de\/dachs\/index.php?rest_route=\/wp\/v2\/users\/1"}],"replies":[{"embeddable":true,"href":"https:\/\/willi-junker.de\/dachs\/index.php?rest_route=%2Fwp%2Fv2%2Fcomments&post=2489"}],"version-history":[{"count":2,"href":"https:\/\/willi-junker.de\/dachs\/index.php?rest_route=\/wp\/v2\/posts\/2489\/revisions"}],"predecessor-version":[{"id":5061,"href":"https:\/\/willi-junker.de\/dachs\/index.php?rest_route=\/wp\/v2\/posts\/2489\/revisions\/5061"}],"wp:attachment":[{"href":"https:\/\/willi-junker.de\/dachs\/index.php?rest_route=%2Fwp%2Fv2%2Fmedia&parent=2489"}],"wp:term":[{"taxonomy":"category","embeddable":true,"href":"https:\/\/willi-junker.de\/dachs\/index.php?rest_route=%2Fwp%2Fv2%2Fcategories&post=2489"},{"taxonomy":"post_tag","embeddable":true,"href":"https:\/\/willi-junker.de\/dachs\/index.php?rest_route=%2Fwp%2Fv2%2Ftags&post=2489"}],"curies":[{"name":"wp","href":"https:\/\/api.w.org\/{rel}","templated":true}]}}