{"id":2486,"date":"2015-06-30T14:01:26","date_gmt":"2015-06-30T12:01:26","guid":{"rendered":"http:\/\/willi-junker.de\/dachs\/?p=2486"},"modified":"2018-11-28T13:36:07","modified_gmt":"2018-11-28T12:36:07","slug":"72-km-langenselbold-kinzigsee","status":"publish","type":"post","link":"https:\/\/willi-junker.de\/dachs\/?p=2486","title":{"rendered":"72 km &#8211; Langenselbold &#8211; Kinzigsee"},"content":{"rendered":"<p>Hier mache ich mal kurz Rast um Fl\u00fcssigkeit aufzutanken. Ist ganz sch\u00f6n warm heute. Bis Hanau sind es noch gut 10 km. Dann kommt schon der n\u00e4chste Fluss, der Main.<\/p>\n<p>Die Heimat kommt n\u00e4her. Nach dem etwas holprigem Start heute Morgen geht es nun gut voran.<\/p>\n","protected":false},"excerpt":{"rendered":"<p>Hier mache ich mal kurz Rast um Fl\u00fcssigkeit aufzutanken. Ist ganz sch\u00f6n warm heute. Bis Hanau sind es noch gut 10 km. Dann kommt schon der n\u00e4chste Fluss, der Main. Die Heimat kommt n\u00e4her. Nach dem etwas holprigem Start heute &hellip; <a href=\"https:\/\/willi-junker.de\/dachs\/?p=2486\">Weiterlesen <span class=\"meta-nav\">&rarr;<\/span><\/a><\/p>\n","protected":false},"author":1,"featured_media":0,"comment_status":"open","ping_status":"open","sticky":false,"template":"","format":"standard","meta":{"_crdt_document":"","jetpack_post_was_ever_published":false,"_jetpack_newsletter_access":"","_jetpack_dont_email_post_to_subs":false,"_jetpack_newsletter_tier_id":0,"_jetpack_memberships_contains_paywalled_content":false,"_jetpack_memberships_contains_paid_content":false,"footnotes":"","jetpack_publicize_message":"","jetpack_publicize_feature_enabled":true,"jetpack_social_post_already_shared":false,"jetpack_social_options":{"image_generator_settings":{"template":"highway","default_image_id":0,"font":"","enabled":false},"version":2}},"categories":[3],"tags":[],"class_list":["post-2486","post","type-post","status-publish","format-standard","hentry","category-touren"],"jetpack_publicize_connections":[],"jetpack_featured_media_url":"","jetpack_sharing_enabled":true,"jetpack_shortlink":"https:\/\/wp.me\/p73o9s-E6","jetpack-related-posts":[{"id":5626,"url":"https:\/\/willi-junker.de\/dachs\/?p=5626","url_meta":{"origin":2486,"position":0},"title":"Etappe 1 &#8211; Radtour nach Bad Mingolsheim","author":"Willi","date":"17.04.2024","format":false,"excerpt":"Heute Morgen beginnt meine k\u00fchle Radtour nach Bad Mingolsheim. Ich habe extra noch eine Stunde l\u00e4nger gewartet bis zum Losfahren, aber die Temperatur liegt noch immer bei drei Grad. Die Sonne blinzelt durch die Wolken. Also packe ich mein Fahrrad und los geht es. Die Route ist mir bekannt. 2019\u2026","rel":"","context":"In &quot;Touren&quot;","block_context":{"text":"Touren","link":"https:\/\/willi-junker.de\/dachs\/?cat=3"},"img":{"alt_text":"","src":"https:\/\/i0.wp.com\/willi-junker.de\/dachs\/wp-content\/uploads\/2024\/04\/img_20240417_092532_hdr2396000828602827369.jpg?resize=350%2C200&ssl=1","width":350,"height":200,"srcset":"https:\/\/i0.wp.com\/willi-junker.de\/dachs\/wp-content\/uploads\/2024\/04\/img_20240417_092532_hdr2396000828602827369.jpg?resize=350%2C200&ssl=1 1x, https:\/\/i0.wp.com\/willi-junker.de\/dachs\/wp-content\/uploads\/2024\/04\/img_20240417_092532_hdr2396000828602827369.jpg?resize=525%2C300&ssl=1 1.5x, https:\/\/i0.wp.com\/willi-junker.de\/dachs\/wp-content\/uploads\/2024\/04\/img_20240417_092532_hdr2396000828602827369.jpg?resize=700%2C400&ssl=1 2x, https:\/\/i0.wp.com\/willi-junker.de\/dachs\/wp-content\/uploads\/2024\/04\/img_20240417_092532_hdr2396000828602827369.jpg?resize=1050%2C600&ssl=1 3x, https:\/\/i0.wp.com\/willi-junker.de\/dachs\/wp-content\/uploads\/2024\/04\/img_20240417_092532_hdr2396000828602827369.jpg?resize=1400%2C800&ssl=1 4x"},"classes":[]},{"id":4192,"url":"https:\/\/willi-junker.de\/dachs\/?p=4192","url_meta":{"origin":2486,"position":1},"title":"Tag 9 &#8211; Ein etwas verungl\u00fcckter Ruhetag","author":"Willi","date":"26.07.2017","format":false,"excerpt":"Nach der langen Tour gestern gehe ich es heute sehr ruhig an. Gegen halb zehn laufe ich in Richtung Bus und fahre hinab nach St. Ulrich. Von dort geht es dann zur Standseilbahn Rasch\u00f6tz. Beim Hinauflaufen wundere ich mich \u00fcber die mir entgegenkommenden Gruppen. F\u00fcr abends w\u00e4re das normal aber\u2026","rel":"","context":"In &quot;Touren&quot;","block_context":{"text":"Touren","link":"https:\/\/willi-junker.de\/dachs\/?cat=3"},"img":{"alt_text":"","src":"https:\/\/i0.wp.com\/willi-junker.de\/dachs\/wp-content\/uploads\/2017\/07\/wp-image-1614477091.jpg?resize=350%2C200","width":350,"height":200,"srcset":"https:\/\/i0.wp.com\/willi-junker.de\/dachs\/wp-content\/uploads\/2017\/07\/wp-image-1614477091.jpg?resize=350%2C200 1x, https:\/\/i0.wp.com\/willi-junker.de\/dachs\/wp-content\/uploads\/2017\/07\/wp-image-1614477091.jpg?resize=525%2C300 1.5x, https:\/\/i0.wp.com\/willi-junker.de\/dachs\/wp-content\/uploads\/2017\/07\/wp-image-1614477091.jpg?resize=700%2C400 2x, https:\/\/i0.wp.com\/willi-junker.de\/dachs\/wp-content\/uploads\/2017\/07\/wp-image-1614477091.jpg?resize=1050%2C600 3x, https:\/\/i0.wp.com\/willi-junker.de\/dachs\/wp-content\/uploads\/2017\/07\/wp-image-1614477091.jpg?resize=1400%2C800 4x"},"classes":[]},{"id":4816,"url":"https:\/\/willi-junker.de\/dachs\/?p=4816","url_meta":{"origin":2486,"position":2},"title":"Saar-Hunsr\u00fcck-Steig r\u00fcckw\u00e4rts &#8211; Tag 1 &#8211; Etappe 24 und 23","author":"Willi","date":"09.10.2018","format":false,"excerpt":"Meine neues Projekt beginnt in Boppard. Bin heute Morgen mit dem Zug nach Boppard und nach einem letzten Auff\u00fcllen des Rucksacks beginne ich an der Talstation des Sessellifts mit dem Aufstieg in den Hunsr\u00fcck. Es geht steil bergauf entlang des Sessellifts mit sehr eingeschr\u00e4kter Sicht. Im Tal h\u00e4ngt eine dichte\u2026","rel":"","context":"In &quot;Touren&quot;","block_context":{"text":"Touren","link":"https:\/\/willi-junker.de\/dachs\/?cat=3"},"img":{"alt_text":"","src":"https:\/\/i0.wp.com\/willi-junker.de\/dachs\/wp-content\/uploads\/2018\/10\/20181009_06544424048659.jpg?resize=350%2C200","width":350,"height":200,"srcset":"https:\/\/i0.wp.com\/willi-junker.de\/dachs\/wp-content\/uploads\/2018\/10\/20181009_06544424048659.jpg?resize=350%2C200 1x, https:\/\/i0.wp.com\/willi-junker.de\/dachs\/wp-content\/uploads\/2018\/10\/20181009_06544424048659.jpg?resize=525%2C300 1.5x, https:\/\/i0.wp.com\/willi-junker.de\/dachs\/wp-content\/uploads\/2018\/10\/20181009_06544424048659.jpg?resize=700%2C400 2x, https:\/\/i0.wp.com\/willi-junker.de\/dachs\/wp-content\/uploads\/2018\/10\/20181009_06544424048659.jpg?resize=1050%2C600 3x, https:\/\/i0.wp.com\/willi-junker.de\/dachs\/wp-content\/uploads\/2018\/10\/20181009_06544424048659.jpg?resize=1400%2C800 4x"},"classes":[]},{"id":4334,"url":"https:\/\/willi-junker.de\/dachs\/?p=4334","url_meta":{"origin":2486,"position":3},"title":"Allerheiligen &#8211; Wandern auf dem Saar-Hunsr\u00fcck-Steig und diversen Traumschleifen\u00a0","author":"Willi","date":"01.11.2017","format":false,"excerpt":"Bin heute Morgen bei blauem Himmel und einstelligen Temperaturen \u00fcber den Schinderhannespfad nach Kastellaun. Auf dem Marktplatz bin ich auf den Saar-Hunsr\u00fcck-Steig gesto\u00dfen. Zuerst \u00fcber die Burg und dann weiter in Richtung Uhler und Mannebach. Dann kommt nach knapp 20 km das Tor zur Traumschleife Baybachtal. Gegen 12:20 Uhr bin\u2026","rel":"","context":"In &quot;Touren&quot;","block_context":{"text":"Touren","link":"https:\/\/willi-junker.de\/dachs\/?cat=3"},"img":{"alt_text":"","src":"","width":0,"height":0},"classes":[]},{"id":2441,"url":"https:\/\/willi-junker.de\/dachs\/?p=2441","url_meta":{"origin":2486,"position":4},"title":"18:45 Uhr &#8211; Pause in Frankenroda","author":"Willi","date":"29.06.2015","format":false,"excerpt":"Nach 83 km sitze ich in der Probstei Zella bei Frankenroda. Ich habe Durst. Kurz vorher bin ich durch einen tollen Felsdurchbruch. Langsam wird es nun h\u00fcgeliger. Ein Zimmer bekomme ich auch hier und um 19:45 Uhr sitze ich zum Abendessen im Biergarten. Handynetz und Internet gibt es nicht. Ich\u2026","rel":"","context":"In &quot;Touren&quot;","block_context":{"text":"Touren","link":"https:\/\/willi-junker.de\/dachs\/?cat=3"},"img":{"alt_text":"","src":"","width":0,"height":0},"classes":[]},{"id":4669,"url":"https:\/\/willi-junker.de\/dachs\/?p=4669","url_meta":{"origin":2486,"position":5},"title":"RAM100K &#8211; Rhein-Ahr-Marsch 2018","author":"Willi","date":"06.07.2018","format":false,"excerpt":"Heute probiere ich mal was Neues. 24 Stundenwanderungen hab ich ja schon einige gemacht, aber noch nie mehr als 80 km. Das soll sich heute \u00e4ndern. Heute stehen 100 km auf dem Programm. Start und Ziel in Rheinbach bei Bonn. Heute Abend um 20:00 Uhr geht es los. Zuerst geht\u2026","rel":"","context":"In &quot;Touren&quot;","block_context":{"text":"Touren","link":"https:\/\/willi-junker.de\/dachs\/?cat=3"},"img":{"alt_text":"","src":"https:\/\/i0.wp.com\/willi-junker.de\/dachs\/wp-content\/uploads\/2018\/07\/20180706_154457646968539.jpg?resize=350%2C200","width":350,"height":200,"srcset":"https:\/\/i0.wp.com\/willi-junker.de\/dachs\/wp-content\/uploads\/2018\/07\/20180706_154457646968539.jpg?resize=350%2C200 1x, https:\/\/i0.wp.com\/willi-junker.de\/dachs\/wp-content\/uploads\/2018\/07\/20180706_154457646968539.jpg?resize=525%2C300 1.5x, https:\/\/i0.wp.com\/willi-junker.de\/dachs\/wp-content\/uploads\/2018\/07\/20180706_154457646968539.jpg?resize=700%2C400 2x, https:\/\/i0.wp.com\/willi-junker.de\/dachs\/wp-content\/uploads\/2018\/07\/20180706_154457646968539.jpg?resize=1050%2C600 3x, https:\/\/i0.wp.com\/willi-junker.de\/dachs\/wp-content\/uploads\/2018\/07\/20180706_154457646968539.jpg?resize=1400%2C800 4x"},"classes":[]}],"_links":{"self":[{"href":"https:\/\/willi-junker.de\/dachs\/index.php?rest_route=\/wp\/v2\/posts\/2486","targetHints":{"allow":["GET"]}}],"collection":[{"href":"https:\/\/willi-junker.de\/dachs\/index.php?rest_route=\/wp\/v2\/posts"}],"about":[{"href":"https:\/\/willi-junker.de\/dachs\/index.php?rest_route=\/wp\/v2\/types\/post"}],"author":[{"embeddable":true,"href":"https:\/\/willi-junker.de\/dachs\/index.php?rest_route=\/wp\/v2\/users\/1"}],"replies":[{"embeddable":true,"href":"https:\/\/willi-junker.de\/dachs\/index.php?rest_route=%2Fwp%2Fv2%2Fcomments&post=2486"}],"version-history":[{"count":2,"href":"https:\/\/willi-junker.de\/dachs\/index.php?rest_route=\/wp\/v2\/posts\/2486\/revisions"}],"predecessor-version":[{"id":2488,"href":"https:\/\/willi-junker.de\/dachs\/index.php?rest_route=\/wp\/v2\/posts\/2486\/revisions\/2488"}],"wp:attachment":[{"href":"https:\/\/willi-junker.de\/dachs\/index.php?rest_route=%2Fwp%2Fv2%2Fmedia&parent=2486"}],"wp:term":[{"taxonomy":"category","embeddable":true,"href":"https:\/\/willi-junker.de\/dachs\/index.php?rest_route=%2Fwp%2Fv2%2Fcategories&post=2486"},{"taxonomy":"post_tag","embeddable":true,"href":"https:\/\/willi-junker.de\/dachs\/index.php?rest_route=%2Fwp%2Fv2%2Ftags&post=2486"}],"curies":[{"name":"wp","href":"https:\/\/api.w.org\/{rel}","templated":true}]}}