{"id":2454,"date":"2015-06-29T13:29:14","date_gmt":"2015-06-29T11:29:14","guid":{"rendered":"http:\/\/willi-junker.de\/dachs\/?p=2454"},"modified":"2015-06-29T13:32:38","modified_gmt":"2015-06-29T11:32:38","slug":"heringen-werra","status":"publish","type":"post","link":"https:\/\/willi-junker.de\/dachs\/?p=2454","title":{"rendered":"Heringen Werra"},"content":{"rendered":"<p>So, die letzten Kilometer an der Werra sind angebrochen. Gleich geht es die Ulster hoch in die Rh\u00f6n.<\/p>\n<p><a href=\"https:\/\/i0.wp.com\/willi-junker.de\/dachs\/wp-content\/uploads\/2015\/06\/wpid-IMAG10601.jpg?ssl=1\"><img data-recalc-dims=\"1\" decoding=\"async\" title=\"IMAG1060.jpg\" class=\"alignnone size-full\" alt=\"image\" src=\"https:\/\/i0.wp.com\/willi-junker.de\/dachs\/wp-content\/uploads\/2015\/06\/wpid-IMAG1060.jpg?w=640&#038;ssl=1\" \/><\/a><\/p>\n<p><a href=\"https:\/\/i0.wp.com\/willi-junker.de\/dachs\/wp-content\/uploads\/2015\/06\/wpid-IMAG10611.jpg?ssl=1\"><img data-recalc-dims=\"1\" decoding=\"async\" title=\"IMAG1061.jpg\" class=\"alignnone size-full\" alt=\"image\" src=\"https:\/\/i0.wp.com\/willi-junker.de\/dachs\/wp-content\/uploads\/2015\/06\/wpid-IMAG1061.jpg?w=640&#038;ssl=1\" \/><\/a><\/p>\n<p>Ich war heute schon an sch\u00f6nen Pl\u00e4tzchen wie dem Beginn des Rennsteigs in H\u00f6rschel, habe diverse Male die Grenze zwischen Hessen und Th\u00fcringen \u00fcberschritten und befinde mich nun mitten im Kali-Abbaugebiet.<\/p>\n<p><a href=\"https:\/\/i0.wp.com\/willi-junker.de\/dachs\/wp-content\/uploads\/2015\/06\/wpid-IMAG10661.jpg?ssl=1\"><img data-recalc-dims=\"1\" decoding=\"async\" title=\"IMAG1066.jpg\" class=\"alignnone size-full\" alt=\"image\" src=\"https:\/\/i0.wp.com\/willi-junker.de\/dachs\/wp-content\/uploads\/2015\/06\/wpid-IMAG1066.jpg?w=640&#038;ssl=1\" \/><\/a><\/p>\n","protected":false},"excerpt":{"rendered":"<p>So, die letzten Kilometer an der Werra sind angebrochen. Gleich geht es die Ulster hoch in die Rh\u00f6n. Ich war heute schon an sch\u00f6nen Pl\u00e4tzchen wie dem Beginn des Rennsteigs in H\u00f6rschel, habe diverse Male die Grenze zwischen Hessen und &hellip; <a href=\"https:\/\/willi-junker.de\/dachs\/?p=2454\">Weiterlesen <span class=\"meta-nav\">&rarr;<\/span><\/a><\/p>\n","protected":false},"author":1,"featured_media":0,"comment_status":"open","ping_status":"open","sticky":false,"template":"","format":"standard","meta":{"_crdt_document":"","jetpack_post_was_ever_published":false,"_jetpack_newsletter_access":"","_jetpack_dont_email_post_to_subs":false,"_jetpack_newsletter_tier_id":0,"_jetpack_memberships_contains_paywalled_content":false,"_jetpack_memberships_contains_paid_content":false,"footnotes":"","jetpack_publicize_message":"","jetpack_publicize_feature_enabled":true,"jetpack_social_post_already_shared":false,"jetpack_social_options":{"image_generator_settings":{"template":"highway","default_image_id":0,"font":"","enabled":false},"version":2}},"categories":[3],"tags":[],"class_list":["post-2454","post","type-post","status-publish","format-standard","hentry","category-touren"],"jetpack_publicize_connections":[],"jetpack_featured_media_url":"","jetpack_sharing_enabled":true,"jetpack_shortlink":"https:\/\/wp.me\/p73o9s-DA","jetpack-related-posts":[{"id":2125,"url":"https:\/\/willi-junker.de\/dachs\/?p=2125","url_meta":{"origin":2454,"position":0},"title":"Kleine Rheinradtour","author":"Willi","date":"07.06.2015","format":false,"excerpt":"Fahre an diesem sonnigen Tag mal ein bisschen am Rhein vorbei. Training f\u00fcr die Tour nach Laubach (Werra).","rel":"","context":"In &quot;Touren&quot;","block_context":{"text":"Touren","link":"https:\/\/willi-junker.de\/dachs\/?cat=3"},"img":{"alt_text":"","src":"","width":0,"height":0},"classes":[]},{"id":2431,"url":"https:\/\/willi-junker.de\/dachs\/?p=2431","url_meta":{"origin":2454,"position":1},"title":"13:45 Uhr &#8211; Abreise","author":"Willi","date":"28.06.2015","format":false,"excerpt":"Nach und nach verlassen alle Laubacher den Ort. Ab 13:45 Uhr bin auch ich dabei. Noch ein letzter Blick auf's Ortsschild und es geht steil hinab an die Werra. Ihr folge ich nun aufw\u00e4rts in Richtung Eisenach. Bis dorthin d\u00fcrften es in etwa 100 km sein. Kurz nach Witzenhausen fahre\u2026","rel":"","context":"In &quot;Touren&quot;","block_context":{"text":"Touren","link":"https:\/\/willi-junker.de\/dachs\/?cat=3"},"img":{"alt_text":"","src":"","width":0,"height":0},"classes":[]},{"id":2527,"url":"https:\/\/willi-junker.de\/dachs\/?p=2527","url_meta":{"origin":2454,"position":2},"title":"Statistik zur Tour nach Laubach (Werra) und zur\u00fcck","author":"Willi","date":"01.07.2015","format":false,"excerpt":"Hinweg: 467,89 km, 1.803 H\u00f6henmeter und 40 Stunden Fahrzeit R\u00fcckweg: 465,99 km, 2.275 H\u00f6henmeter und 37,5 Stunden Fahrzeit Gesamt: 933,88 km, 4.078 H\u00f6henmeter und 77:47 Stunden Fahrzeit.","rel":"","context":"In &quot;Touren&quot;","block_context":{"text":"Touren","link":"https:\/\/willi-junker.de\/dachs\/?cat=3"},"img":{"alt_text":"","src":"","width":0,"height":0},"classes":[]},{"id":2469,"url":"https:\/\/willi-junker.de\/dachs\/?p=2469","url_meta":{"origin":2454,"position":3},"title":"Werra &#8211; Ulster &#8211; Fulda alles Vergangenheit","author":"Willi","date":"29.06.2015","format":false,"excerpt":"Seit 19:30 Uhr bin ich in Neuhof, 15 km s\u00fcdlich von Fulda. 147 km sind dann heute wieder zusammen gekommen. Es lief heute prima. Der Werratalweg ist ein Gedicht. Sehr abwechslungsreich. In Herleshausen musste ich dann mal nachtanken. Ganz sch\u00f6n warm heute. Dann gehts wieder zur\u00fcck nach Th\u00fcringen. Die Landesgrenzen\u2026","rel":"","context":"In &quot;Touren&quot;","block_context":{"text":"Touren","link":"https:\/\/willi-junker.de\/dachs\/?cat=3"},"img":{"alt_text":"","src":"","width":0,"height":0},"classes":[]},{"id":965,"url":"https:\/\/willi-junker.de\/dachs\/?p=965","url_meta":{"origin":2454,"position":4},"title":"Ein Regentag &#8211; trotzdem noch unterwegs","author":"Willi","date":"06.07.2012","format":false,"excerpt":"Die halbe Nacht und den Vormittag regnet und donnert es, zum Teil recht nah. Nach kurzem Schoppen geht es mit dem Bus nach St. Ulrich und dann mit dem Lift auf die Seiser Alm. Der Regen h\u00f6rt wie bestellt auf und die Regenjacke kommt in den Rucksack. Dann beginnt das\u2026","rel":"","context":"In &quot;Touren&quot;","block_context":{"text":"Touren","link":"https:\/\/willi-junker.de\/dachs\/?cat=3"},"img":{"alt_text":"","src":"","width":0,"height":0},"classes":[]},{"id":5484,"url":"https:\/\/willi-junker.de\/dachs\/?p=5484","url_meta":{"origin":2454,"position":5},"title":"24-Stunden-Wanderung \/ Private Edition 2021","author":"Willi","date":"24.06.2021","format":false,"excerpt":"Da in diesem Jahr die 24-Stunden-Wanderung von RLP in Hennweiler wieder nicht stattfinden konnte, haben meine Schwester und ich uns \u00fcberlegt eine eigene Veranstaltung durchzuf\u00fchren. Freitag, den 25. Juni 2021 haben wir uns daf\u00fcr ausgesucht. Start um Punkt 00:00 Uhr in Laubach und dann open End, soweit die F\u00fc\u00dfe tragen.\u2026","rel":"","context":"In &quot;Touren&quot;","block_context":{"text":"Touren","link":"https:\/\/willi-junker.de\/dachs\/?cat=3"},"img":{"alt_text":"","src":"https:\/\/i0.wp.com\/willi-junker.de\/dachs\/wp-content\/uploads\/2021\/11\/IMG-20210625-WA0003.jpg?resize=350%2C200&ssl=1","width":350,"height":200,"srcset":"https:\/\/i0.wp.com\/willi-junker.de\/dachs\/wp-content\/uploads\/2021\/11\/IMG-20210625-WA0003.jpg?resize=350%2C200&ssl=1 1x, https:\/\/i0.wp.com\/willi-junker.de\/dachs\/wp-content\/uploads\/2021\/11\/IMG-20210625-WA0003.jpg?resize=525%2C300&ssl=1 1.5x, https:\/\/i0.wp.com\/willi-junker.de\/dachs\/wp-content\/uploads\/2021\/11\/IMG-20210625-WA0003.jpg?resize=700%2C400&ssl=1 2x, https:\/\/i0.wp.com\/willi-junker.de\/dachs\/wp-content\/uploads\/2021\/11\/IMG-20210625-WA0003.jpg?resize=1050%2C600&ssl=1 3x, https:\/\/i0.wp.com\/willi-junker.de\/dachs\/wp-content\/uploads\/2021\/11\/IMG-20210625-WA0003.jpg?resize=1400%2C800&ssl=1 4x"},"classes":[]}],"_links":{"self":[{"href":"https:\/\/willi-junker.de\/dachs\/index.php?rest_route=\/wp\/v2\/posts\/2454","targetHints":{"allow":["GET"]}}],"collection":[{"href":"https:\/\/willi-junker.de\/dachs\/index.php?rest_route=\/wp\/v2\/posts"}],"about":[{"href":"https:\/\/willi-junker.de\/dachs\/index.php?rest_route=\/wp\/v2\/types\/post"}],"author":[{"embeddable":true,"href":"https:\/\/willi-junker.de\/dachs\/index.php?rest_route=\/wp\/v2\/users\/1"}],"replies":[{"embeddable":true,"href":"https:\/\/willi-junker.de\/dachs\/index.php?rest_route=%2Fwp%2Fv2%2Fcomments&post=2454"}],"version-history":[{"count":1,"href":"https:\/\/willi-junker.de\/dachs\/index.php?rest_route=\/wp\/v2\/posts\/2454\/revisions"}],"predecessor-version":[{"id":2455,"href":"https:\/\/willi-junker.de\/dachs\/index.php?rest_route=\/wp\/v2\/posts\/2454\/revisions\/2455"}],"wp:attachment":[{"href":"https:\/\/willi-junker.de\/dachs\/index.php?rest_route=%2Fwp%2Fv2%2Fmedia&parent=2454"}],"wp:term":[{"taxonomy":"category","embeddable":true,"href":"https:\/\/willi-junker.de\/dachs\/index.php?rest_route=%2Fwp%2Fv2%2Fcategories&post=2454"},{"taxonomy":"post_tag","embeddable":true,"href":"https:\/\/willi-junker.de\/dachs\/index.php?rest_route=%2Fwp%2Fv2%2Ftags&post=2454"}],"curies":[{"name":"wp","href":"https:\/\/api.w.org\/{rel}","templated":true}]}}