{"id":242,"date":"2011-06-12T20:00:48","date_gmt":"2011-06-12T18:00:48","guid":{"rendered":"http:\/\/willi-junker.de\/dachs\/?p=242"},"modified":"2011-06-25T17:42:02","modified_gmt":"2011-06-25T15:42:02","slug":"radtour-nach-oberstein","status":"publish","type":"post","link":"https:\/\/willi-junker.de\/dachs\/?p=242","title":{"rendered":"Radtour Oberstein &#8211; 12.06.2011"},"content":{"rendered":"<p>Heute Morgen ist es schweinekalt, nur 4 Grad. Daher starte ich erst gegen 08:15 Uhr mit meiner Tour nach Oberstein. \u00dcber Alterk\u00fclz, W\u00fcschheim und das Faas geht es nach Kostenz und von dort \u00fcber Niedersohren, Laufersweiler und Rhaunen nach Hottenbach. Dort mache ich eine kurze Pause und genie\u00dfe die Aussicht.<\/p>\n<div id=\"attachment_243\" style=\"width: 1610px\" class=\"wp-caption alignnone\"><a rel=\"attachment wp-att-243\" href=\"https:\/\/willi-junker.de\/dachs\/?attachment_id=243\"><img data-recalc-dims=\"1\" loading=\"lazy\" decoding=\"async\" aria-describedby=\"caption-attachment-243\" data-attachment-id=\"243\" data-permalink=\"https:\/\/willi-junker.de\/dachs\/?attachment_id=243\" data-orig-file=\"https:\/\/i0.wp.com\/willi-junker.de\/dachs\/wp-content\/uploads\/2011\/06\/901.jpg?fit=1600%2C901&amp;ssl=1\" data-orig-size=\"1600,901\" data-comments-opened=\"1\" data-image-meta=\"{&quot;aperture&quot;:&quot;5&quot;,&quot;credit&quot;:&quot;&quot;,&quot;camera&quot;:&quot;DMC-TZ10&quot;,&quot;caption&quot;:&quot;&quot;,&quot;created_timestamp&quot;:&quot;1307875265&quot;,&quot;copyright&quot;:&quot;&quot;,&quot;focal_length&quot;:&quot;17&quot;,&quot;iso&quot;:&quot;80&quot;,&quot;shutter_speed&quot;:&quot;0.002&quot;,&quot;title&quot;:&quot;&quot;}\" data-image-title=\"Hottenbach &amp;#8211; Blick zum Idarkopf\" data-image-description=\"\" data-image-caption=\"\" data-large-file=\"https:\/\/i0.wp.com\/willi-junker.de\/dachs\/wp-content\/uploads\/2011\/06\/901.jpg?fit=500%2C282&amp;ssl=1\" class=\"size-full wp-image-243\" title=\"Hottenbach - Blick zum Idarkopf\" src=\"https:\/\/i0.wp.com\/willi-junker.de\/dachs\/wp-content\/uploads\/2011\/06\/901.jpg?resize=640%2C360&#038;ssl=1\" alt=\"Hottenbach - Blick zum Idarkopf\" width=\"640\" height=\"360\" srcset=\"https:\/\/i0.wp.com\/willi-junker.de\/dachs\/wp-content\/uploads\/2011\/06\/901.jpg?w=1600&amp;ssl=1 1600w, https:\/\/i0.wp.com\/willi-junker.de\/dachs\/wp-content\/uploads\/2011\/06\/901.jpg?resize=300%2C168&amp;ssl=1 300w, https:\/\/i0.wp.com\/willi-junker.de\/dachs\/wp-content\/uploads\/2011\/06\/901.jpg?w=1280&amp;ssl=1 1280w\" sizes=\"auto, (max-width: 640px) 100vw, 640px\" \/><\/a><p id=\"caption-attachment-243\" class=\"wp-caption-text\">Hottenbach - Blick zum Idarkopf<\/p><\/div>\n<p>Weiter geht es \u00fcber Weiden, hinauf nach M\u00f6rschied. Zwischen M\u00f6rschied und Herborn erfolgt eine weiter Pause zum Fotografieren.<\/p>\n<div id=\"attachment_244\" style=\"width: 1610px\" class=\"wp-caption alignnone\"><a rel=\"attachment wp-att-244\" href=\"https:\/\/willi-junker.de\/dachs\/?attachment_id=244\"><img data-recalc-dims=\"1\" loading=\"lazy\" decoding=\"async\" aria-describedby=\"caption-attachment-244\" data-attachment-id=\"244\" data-permalink=\"https:\/\/willi-junker.de\/dachs\/?attachment_id=244\" data-orig-file=\"https:\/\/i0.wp.com\/willi-junker.de\/dachs\/wp-content\/uploads\/2011\/06\/908.jpg?fit=1600%2C901&amp;ssl=1\" data-orig-size=\"1600,901\" data-comments-opened=\"1\" data-image-meta=\"{&quot;aperture&quot;:&quot;5&quot;,&quot;credit&quot;:&quot;&quot;,&quot;camera&quot;:&quot;DMC-TZ10&quot;,&quot;caption&quot;:&quot;&quot;,&quot;created_timestamp&quot;:&quot;1307877436&quot;,&quot;copyright&quot;:&quot;&quot;,&quot;focal_length&quot;:&quot;21&quot;,&quot;iso&quot;:&quot;125&quot;,&quot;shutter_speed&quot;:&quot;0.002&quot;,&quot;title&quot;:&quot;&quot;}\" data-image-title=\"Blick zum L\u00fctzelsoon\" data-image-description=\"&lt;p&gt;Blick zum L\u00fctzelsoon&lt;\/p&gt;\n\" data-image-caption=\"&lt;p&gt;Blick zum L\u00fctzelsoon&lt;\/p&gt;\n\" data-large-file=\"https:\/\/i0.wp.com\/willi-junker.de\/dachs\/wp-content\/uploads\/2011\/06\/908.jpg?fit=500%2C282&amp;ssl=1\" class=\"size-full wp-image-244\" title=\"Blick zum L\u00fctzelsoon\" src=\"https:\/\/i0.wp.com\/willi-junker.de\/dachs\/wp-content\/uploads\/2011\/06\/908.jpg?resize=640%2C360&#038;ssl=1\" alt=\"Blick zum L\u00f6tzelsoon\" width=\"640\" height=\"360\" srcset=\"https:\/\/i0.wp.com\/willi-junker.de\/dachs\/wp-content\/uploads\/2011\/06\/908.jpg?w=1600&amp;ssl=1 1600w, https:\/\/i0.wp.com\/willi-junker.de\/dachs\/wp-content\/uploads\/2011\/06\/908.jpg?resize=300%2C168&amp;ssl=1 300w, https:\/\/i0.wp.com\/willi-junker.de\/dachs\/wp-content\/uploads\/2011\/06\/908.jpg?w=1280&amp;ssl=1 1280w\" sizes=\"auto, (max-width: 640px) 100vw, 640px\" \/><\/a><p id=\"caption-attachment-244\" class=\"wp-caption-text\">Blick zum L\u00fctzelsoon<\/p><\/div>\n<p>Danach folgen noch Veitsrodt und Vollmerschbach um dann im Ortsteil Idar (hoch auf dem Berg) anzukommen. In steiler Abfahrt geht es hinab zum Kreisel an der Edelsteinb\u00f6rse. Ich folge dem Idarbach hinab nach Oberstein. Am unteren Ende der Fu\u00dfg\u00e4ngerzone finde ich ein Lokal mit &#8222;Original Hunsr\u00fccker Spie\u00dfbraten&#8220; und gen\u00fcgend Fl\u00fcssigkeit zum f\u00fcllen der leeren Speicher. Fahrzeit bisher 4 Stunden, zur\u00fcckgelegte H\u00f6henmeter 835 und 62 km.<\/p>\n<div id=\"attachment_245\" style=\"width: 1610px\" class=\"wp-caption alignnone\"><a rel=\"attachment wp-att-245\" href=\"https:\/\/willi-junker.de\/dachs\/?attachment_id=245\"><img data-recalc-dims=\"1\" loading=\"lazy\" decoding=\"async\" aria-describedby=\"caption-attachment-245\" data-attachment-id=\"245\" data-permalink=\"https:\/\/willi-junker.de\/dachs\/?attachment_id=245\" data-orig-file=\"https:\/\/i0.wp.com\/willi-junker.de\/dachs\/wp-content\/uploads\/2011\/06\/925.jpg?fit=1600%2C901&amp;ssl=1\" data-orig-size=\"1600,901\" data-comments-opened=\"1\" data-image-meta=\"{&quot;aperture&quot;:&quot;4.5&quot;,&quot;credit&quot;:&quot;&quot;,&quot;camera&quot;:&quot;DMC-TZ10&quot;,&quot;caption&quot;:&quot;&quot;,&quot;created_timestamp&quot;:&quot;1307884897&quot;,&quot;copyright&quot;:&quot;&quot;,&quot;focal_length&quot;:&quot;29.9&quot;,&quot;iso&quot;:&quot;80&quot;,&quot;shutter_speed&quot;:&quot;0.005&quot;,&quot;title&quot;:&quot;&quot;}\" data-image-title=\"Felsenkirche\" data-image-description=\"&lt;p&gt;Felsenkirche&lt;\/p&gt;\n\" data-image-caption=\"&lt;p&gt;Felsenkirche&lt;\/p&gt;\n\" data-large-file=\"https:\/\/i0.wp.com\/willi-junker.de\/dachs\/wp-content\/uploads\/2011\/06\/925.jpg?fit=500%2C282&amp;ssl=1\" class=\"size-full wp-image-245\" title=\"Felsenkirche\" src=\"https:\/\/i0.wp.com\/willi-junker.de\/dachs\/wp-content\/uploads\/2011\/06\/925.jpg?resize=640%2C360&#038;ssl=1\" alt=\"Felsenkirche\" width=\"640\" height=\"360\" srcset=\"https:\/\/i0.wp.com\/willi-junker.de\/dachs\/wp-content\/uploads\/2011\/06\/925.jpg?w=1600&amp;ssl=1 1600w, https:\/\/i0.wp.com\/willi-junker.de\/dachs\/wp-content\/uploads\/2011\/06\/925.jpg?resize=300%2C168&amp;ssl=1 300w, https:\/\/i0.wp.com\/willi-junker.de\/dachs\/wp-content\/uploads\/2011\/06\/925.jpg?w=1280&amp;ssl=1 1280w\" sizes=\"auto, (max-width: 640px) 100vw, 640px\" \/><\/a><p id=\"caption-attachment-245\" class=\"wp-caption-text\">Felsenkirche<\/p><\/div>\n<p>Gegen 13:15 Uhr breche ich gut erholt auf. Nun folge ich dem Nahetalweg abw\u00e4rts in Richtung Kirn. Zuerst f\u00fchrt der Weg noch quer durch die Ortschaften, ab Fischbach wird es dann gr\u00fcn.<\/p>\n<div id=\"attachment_246\" style=\"width: 1610px\" class=\"wp-caption alignnone\"><a rel=\"attachment wp-att-246\" href=\"https:\/\/willi-junker.de\/dachs\/?attachment_id=246\"><img data-recalc-dims=\"1\" loading=\"lazy\" decoding=\"async\" aria-describedby=\"caption-attachment-246\" data-attachment-id=\"246\" data-permalink=\"https:\/\/willi-junker.de\/dachs\/?attachment_id=246\" data-orig-file=\"https:\/\/i0.wp.com\/willi-junker.de\/dachs\/wp-content\/uploads\/2011\/06\/927.jpg?fit=1600%2C901&amp;ssl=1\" data-orig-size=\"1600,901\" data-comments-opened=\"1\" data-image-meta=\"{&quot;aperture&quot;:&quot;5&quot;,&quot;credit&quot;:&quot;&quot;,&quot;camera&quot;:&quot;DMC-TZ10&quot;,&quot;caption&quot;:&quot;&quot;,&quot;created_timestamp&quot;:&quot;1307885373&quot;,&quot;copyright&quot;:&quot;&quot;,&quot;focal_length&quot;:&quot;4.1&quot;,&quot;iso&quot;:&quot;80&quot;,&quot;shutter_speed&quot;:&quot;0.0025&quot;,&quot;title&quot;:&quot;&quot;}\" data-image-title=\"Oberstein\" data-image-description=\"&lt;p&gt;Oberstein&lt;\/p&gt;\n\" data-image-caption=\"&lt;p&gt;Oberstein&lt;\/p&gt;\n\" data-large-file=\"https:\/\/i0.wp.com\/willi-junker.de\/dachs\/wp-content\/uploads\/2011\/06\/927.jpg?fit=500%2C282&amp;ssl=1\" class=\"size-full wp-image-246\" title=\"Oberstein\" src=\"https:\/\/i0.wp.com\/willi-junker.de\/dachs\/wp-content\/uploads\/2011\/06\/927.jpg?resize=640%2C360&#038;ssl=1\" alt=\"Oberstein\" width=\"640\" height=\"360\" srcset=\"https:\/\/i0.wp.com\/willi-junker.de\/dachs\/wp-content\/uploads\/2011\/06\/927.jpg?w=1600&amp;ssl=1 1600w, https:\/\/i0.wp.com\/willi-junker.de\/dachs\/wp-content\/uploads\/2011\/06\/927.jpg?resize=300%2C168&amp;ssl=1 300w, https:\/\/i0.wp.com\/willi-junker.de\/dachs\/wp-content\/uploads\/2011\/06\/927.jpg?w=1280&amp;ssl=1 1280w\" sizes=\"auto, (max-width: 640px) 100vw, 640px\" \/><\/a><p id=\"caption-attachment-246\" class=\"wp-caption-text\">Oberstein<\/p><\/div>\n<div id=\"attachment_247\" style=\"width: 1610px\" class=\"wp-caption alignnone\"><a rel=\"attachment wp-att-247\" href=\"https:\/\/willi-junker.de\/dachs\/?attachment_id=247\"><img data-recalc-dims=\"1\" loading=\"lazy\" decoding=\"async\" aria-describedby=\"caption-attachment-247\" data-attachment-id=\"247\" data-permalink=\"https:\/\/willi-junker.de\/dachs\/?attachment_id=247\" data-orig-file=\"https:\/\/i0.wp.com\/willi-junker.de\/dachs\/wp-content\/uploads\/2011\/06\/932.jpg?fit=1600%2C901&amp;ssl=1\" data-orig-size=\"1600,901\" data-comments-opened=\"1\" data-image-meta=\"{&quot;aperture&quot;:&quot;5.6&quot;,&quot;credit&quot;:&quot;&quot;,&quot;camera&quot;:&quot;DMC-TZ10&quot;,&quot;caption&quot;:&quot;&quot;,&quot;created_timestamp&quot;:&quot;1307887231&quot;,&quot;copyright&quot;:&quot;&quot;,&quot;focal_length&quot;:&quot;9.1&quot;,&quot;iso&quot;:&quot;80&quot;,&quot;shutter_speed&quot;:&quot;0.002&quot;,&quot;title&quot;:&quot;&quot;}\" data-image-title=\"An der Nahe\" data-image-description=\"&lt;p&gt;An der Nahe&lt;\/p&gt;\n\" data-image-caption=\"&lt;p&gt;An der Nahe&lt;\/p&gt;\n\" data-large-file=\"https:\/\/i0.wp.com\/willi-junker.de\/dachs\/wp-content\/uploads\/2011\/06\/932.jpg?fit=500%2C282&amp;ssl=1\" class=\"size-full wp-image-247\" title=\"An der Nahe\" src=\"https:\/\/i0.wp.com\/willi-junker.de\/dachs\/wp-content\/uploads\/2011\/06\/932.jpg?resize=640%2C360&#038;ssl=1\" alt=\"An der Nahe\" width=\"640\" height=\"360\" srcset=\"https:\/\/i0.wp.com\/willi-junker.de\/dachs\/wp-content\/uploads\/2011\/06\/932.jpg?w=1600&amp;ssl=1 1600w, https:\/\/i0.wp.com\/willi-junker.de\/dachs\/wp-content\/uploads\/2011\/06\/932.jpg?resize=300%2C168&amp;ssl=1 300w, https:\/\/i0.wp.com\/willi-junker.de\/dachs\/wp-content\/uploads\/2011\/06\/932.jpg?w=1280&amp;ssl=1 1280w\" sizes=\"auto, (max-width: 640px) 100vw, 640px\" \/><\/a><p id=\"caption-attachment-247\" class=\"wp-caption-text\">An der Nahe<\/p><\/div>\n<p>Die Gem\u00fctlichkeit endet um 14:15 Uhr in Kirn. Von nun an geht es bergauf. Ich folge dem Radweg von Kirn hinauf nach Kirchberg, knappe 30 Kilometer. Die Steigung bis zum Karlshof ist ganz ordentlich, damit ist aber auch das Gr\u00f6bste geschafft.<\/p>\n<p>Es folgen weitere Geh\u00f6fte am Feldweg und die Rundumsicht ist beeindruckend. Der Weg ist durchgehend geteert, das macht Laune.<\/p>\n<p>Oberhausen wird nur am Rande ber\u00fchrt, Hennweiler daf\u00fcr vollst\u00e4ndig durchquert. Auch hier gibt es auf dem geteerten Radweg sch\u00f6ne Ausblicke ins und \u00fcbers Hahnenbachtal.<\/p>\n<div id=\"attachment_248\" style=\"width: 1610px\" class=\"wp-caption alignnone\"><a rel=\"attachment wp-att-248\" href=\"https:\/\/willi-junker.de\/dachs\/?attachment_id=248\"><img data-recalc-dims=\"1\" loading=\"lazy\" decoding=\"async\" aria-describedby=\"caption-attachment-248\" data-attachment-id=\"248\" data-permalink=\"https:\/\/willi-junker.de\/dachs\/?attachment_id=248\" data-orig-file=\"https:\/\/i0.wp.com\/willi-junker.de\/dachs\/wp-content\/uploads\/2011\/06\/968.jpg?fit=1600%2C901&amp;ssl=1\" data-orig-size=\"1600,901\" data-comments-opened=\"1\" data-image-meta=\"{&quot;aperture&quot;:&quot;4.6&quot;,&quot;credit&quot;:&quot;&quot;,&quot;camera&quot;:&quot;DMC-TZ10&quot;,&quot;caption&quot;:&quot;&quot;,&quot;created_timestamp&quot;:&quot;1307893000&quot;,&quot;copyright&quot;:&quot;&quot;,&quot;focal_length&quot;:&quot;37&quot;,&quot;iso&quot;:&quot;80&quot;,&quot;shutter_speed&quot;:&quot;0.005&quot;,&quot;title&quot;:&quot;&quot;}\" data-image-title=\"Keltensiedlung bei Bundenbach\" data-image-description=\"&lt;p&gt;Keltensiedlung bei Bundenbach&lt;\/p&gt;\n\" data-image-caption=\"&lt;p&gt;Keltensiedlung bei Bundenbach&lt;\/p&gt;\n\" data-large-file=\"https:\/\/i0.wp.com\/willi-junker.de\/dachs\/wp-content\/uploads\/2011\/06\/968.jpg?fit=500%2C282&amp;ssl=1\" class=\"size-full wp-image-248\" title=\"Keltensiedlung bei Bundenbach\" src=\"https:\/\/i0.wp.com\/willi-junker.de\/dachs\/wp-content\/uploads\/2011\/06\/968.jpg?resize=640%2C360&#038;ssl=1\" alt=\"Keltensiedlung bei Bundenbach\" width=\"640\" height=\"360\" srcset=\"https:\/\/i0.wp.com\/willi-junker.de\/dachs\/wp-content\/uploads\/2011\/06\/968.jpg?w=1600&amp;ssl=1 1600w, https:\/\/i0.wp.com\/willi-junker.de\/dachs\/wp-content\/uploads\/2011\/06\/968.jpg?resize=300%2C168&amp;ssl=1 300w, https:\/\/i0.wp.com\/willi-junker.de\/dachs\/wp-content\/uploads\/2011\/06\/968.jpg?w=1280&amp;ssl=1 1280w\" sizes=\"auto, (max-width: 640px) 100vw, 640px\" \/><\/a><p id=\"caption-attachment-248\" class=\"wp-caption-text\">Keltensiedlung bei Bundenbach<\/p><\/div>\n<p>Es folgt Bruschied, Schneppenbach, Woppenroth, Dickenschied und Kirchberg (16:20 Uhr).<\/p>\n<div id=\"attachment_249\" style=\"width: 1610px\" class=\"wp-caption alignnone\"><a rel=\"attachment wp-att-249\" href=\"https:\/\/willi-junker.de\/dachs\/?attachment_id=249\"><img data-recalc-dims=\"1\" loading=\"lazy\" decoding=\"async\" aria-describedby=\"caption-attachment-249\" data-attachment-id=\"249\" data-permalink=\"https:\/\/willi-junker.de\/dachs\/?attachment_id=249\" data-orig-file=\"https:\/\/i0.wp.com\/willi-junker.de\/dachs\/wp-content\/uploads\/2011\/06\/980.jpg?fit=1600%2C901&amp;ssl=1\" data-orig-size=\"1600,901\" data-comments-opened=\"1\" data-image-meta=\"{&quot;aperture&quot;:&quot;5.6&quot;,&quot;credit&quot;:&quot;&quot;,&quot;camera&quot;:&quot;DMC-TZ10&quot;,&quot;caption&quot;:&quot;&quot;,&quot;created_timestamp&quot;:&quot;1307894363&quot;,&quot;copyright&quot;:&quot;&quot;,&quot;focal_length&quot;:&quot;12.8&quot;,&quot;iso&quot;:&quot;125&quot;,&quot;shutter_speed&quot;:&quot;0.002&quot;,&quot;title&quot;:&quot;&quot;}\" data-image-title=\"Dickenschied &amp;#8211; Blick zum Hochwald (Erbeskopf)\" data-image-description=\"&lt;p&gt;Dickenschied &amp;#8211; Blick zum Hochwald (Erbeskopf)&lt;\/p&gt;\n\" data-image-caption=\"&lt;p&gt;Dickenschied &amp;#8211; Blick zum Hochwald (Erbeskopf)&lt;\/p&gt;\n\" data-large-file=\"https:\/\/i0.wp.com\/willi-junker.de\/dachs\/wp-content\/uploads\/2011\/06\/980.jpg?fit=500%2C282&amp;ssl=1\" class=\"size-full wp-image-249\" title=\"Dickenschied - Blick zum Hochwald (Erbeskopf)\" src=\"https:\/\/i0.wp.com\/willi-junker.de\/dachs\/wp-content\/uploads\/2011\/06\/980.jpg?resize=640%2C360&#038;ssl=1\" alt=\"Dickenschied - Blick zum Hochwald (Erbeskopf)\" width=\"640\" height=\"360\" srcset=\"https:\/\/i0.wp.com\/willi-junker.de\/dachs\/wp-content\/uploads\/2011\/06\/980.jpg?w=1600&amp;ssl=1 1600w, https:\/\/i0.wp.com\/willi-junker.de\/dachs\/wp-content\/uploads\/2011\/06\/980.jpg?resize=300%2C168&amp;ssl=1 300w, https:\/\/i0.wp.com\/willi-junker.de\/dachs\/wp-content\/uploads\/2011\/06\/980.jpg?w=1280&amp;ssl=1 1280w\" sizes=\"auto, (max-width: 640px) 100vw, 640px\" \/><\/a><p id=\"caption-attachment-249\" class=\"wp-caption-text\">Dickenschied - Blick zum Hochwald (Erbeskopf)<\/p><\/div>\n<p>Weiter geht es \u00fcber Reckershausen, Reich, Michelbach und Alterk\u00fclz zur\u00fcck nach Laubach, wo die Tour um 17:20 Uhr bei Fredy ausklingt.<\/p>\n<p>Gesamt: 125 km und 1.601 H\u00f6henmeter bei 9 Stunden Fahrzeit, wobei die reine Fahrzeit ca. 6 Stunden betr\u00e4gt. Ich habe einige Fotopausen und eine l\u00e4ngere Essenpause eingelegt.<\/p>\n<p>Die Tour entspricht in etwa der geplanten Tour des Radteams am 2. Wochenende im September.<\/p>\n","protected":false},"excerpt":{"rendered":"<p>Heute Morgen ist es schweinekalt, nur 4 Grad. Daher starte ich erst gegen 08:15 Uhr mit meiner Tour nach Oberstein. \u00dcber Alterk\u00fclz, W\u00fcschheim und das Faas geht es nach Kostenz und von dort \u00fcber Niedersohren, Laufersweiler und Rhaunen nach Hottenbach. &hellip; <a href=\"https:\/\/willi-junker.de\/dachs\/?p=242\">Weiterlesen <span class=\"meta-nav\">&rarr;<\/span><\/a><\/p>\n","protected":false},"author":1,"featured_media":0,"comment_status":"open","ping_status":"open","sticky":false,"template":"","format":"standard","meta":{"_crdt_document":"","jetpack_post_was_ever_published":false,"_jetpack_newsletter_access":"","_jetpack_dont_email_post_to_subs":false,"_jetpack_newsletter_tier_id":0,"_jetpack_memberships_contains_paywalled_content":false,"_jetpack_memberships_contains_paid_content":false,"footnotes":"","jetpack_publicize_message":"","jetpack_publicize_feature_enabled":true,"jetpack_social_post_already_shared":false,"jetpack_social_options":{"image_generator_settings":{"template":"highway","default_image_id":0,"font":"","enabled":false},"version":2}},"categories":[3],"tags":[],"class_list":["post-242","post","type-post","status-publish","format-standard","hentry","category-touren"],"jetpack_publicize_connections":[],"jetpack_featured_media_url":"","jetpack_sharing_enabled":true,"jetpack_shortlink":"https:\/\/wp.me\/p73o9s-3U","jetpack-related-posts":[{"id":4278,"url":"https:\/\/willi-junker.de\/dachs\/?p=4278","url_meta":{"origin":242,"position":0},"title":"Tag 14 &#8211; \u00dcber den Rasch\u00f6tz zur Broglesh\u00fctte und weiter zur Seceda\u00a0","author":"Willi","date":"31.07.2017","format":false,"excerpt":"Der Tag heute beginnt auf jeden Fall entspannt. Lange gefr\u00fchst\u00fcckt. Dann zum Bus nach St. Ulrich und mit der Standseilbahn auf den Rasch\u00f6tz. Um zehn Uhr bin ich oben. Es geht locker \u00fcber die Hochalmen bei herrlichem Wetter. Kurz vor zw\u00f6lf Uhr bin ich auf der Broglesalm. Der Betrieb h\u00e4lt\u2026","rel":"","context":"In &quot;Touren&quot;","block_context":{"text":"Touren","link":"https:\/\/willi-junker.de\/dachs\/?cat=3"},"img":{"alt_text":"","src":"https:\/\/i0.wp.com\/willi-junker.de\/dachs\/wp-content\/uploads\/2017\/07\/wp-image-618154783.jpg?resize=350%2C200","width":350,"height":200,"srcset":"https:\/\/i0.wp.com\/willi-junker.de\/dachs\/wp-content\/uploads\/2017\/07\/wp-image-618154783.jpg?resize=350%2C200 1x, https:\/\/i0.wp.com\/willi-junker.de\/dachs\/wp-content\/uploads\/2017\/07\/wp-image-618154783.jpg?resize=525%2C300 1.5x, https:\/\/i0.wp.com\/willi-junker.de\/dachs\/wp-content\/uploads\/2017\/07\/wp-image-618154783.jpg?resize=700%2C400 2x, https:\/\/i0.wp.com\/willi-junker.de\/dachs\/wp-content\/uploads\/2017\/07\/wp-image-618154783.jpg?resize=1050%2C600 3x, https:\/\/i0.wp.com\/willi-junker.de\/dachs\/wp-content\/uploads\/2017\/07\/wp-image-618154783.jpg?resize=1400%2C800 4x"},"classes":[]},{"id":4153,"url":"https:\/\/willi-junker.de\/dachs\/?p=4153","url_meta":{"origin":242,"position":1},"title":"Tag 8 &#8211; Umrundung Langkofelstock","author":"Willi","date":"25.07.2017","format":false,"excerpt":"Heute gibt es um 07:15 Uhr Fr\u00fchst\u00fcck. Abmarsch ist um 08:10 Uhr. Um 08:26 Uhr steigen wir in den total \u00fcberf\u00fcllten Bus zum Sellapass. Beinahe waren auch nur 50% von uns in den Bus gekommen. Es ist saukalt, aber sonnig. Der Rest der Familie f\u00e4hrt vom Sella-Joch mit dem Lift\u2026","rel":"","context":"In &quot;Touren&quot;","block_context":{"text":"Touren","link":"https:\/\/willi-junker.de\/dachs\/?cat=3"},"img":{"alt_text":"","src":"https:\/\/i0.wp.com\/willi-junker.de\/dachs\/wp-content\/uploads\/2017\/07\/wp-image-1084737681.jpg?resize=350%2C200","width":350,"height":200,"srcset":"https:\/\/i0.wp.com\/willi-junker.de\/dachs\/wp-content\/uploads\/2017\/07\/wp-image-1084737681.jpg?resize=350%2C200 1x, https:\/\/i0.wp.com\/willi-junker.de\/dachs\/wp-content\/uploads\/2017\/07\/wp-image-1084737681.jpg?resize=525%2C300 1.5x, https:\/\/i0.wp.com\/willi-junker.de\/dachs\/wp-content\/uploads\/2017\/07\/wp-image-1084737681.jpg?resize=700%2C400 2x, https:\/\/i0.wp.com\/willi-junker.de\/dachs\/wp-content\/uploads\/2017\/07\/wp-image-1084737681.jpg?resize=1050%2C600 3x, https:\/\/i0.wp.com\/willi-junker.de\/dachs\/wp-content\/uploads\/2017\/07\/wp-image-1084737681.jpg?resize=1400%2C800 4x"},"classes":[]},{"id":3941,"url":"https:\/\/willi-junker.de\/dachs\/?p=3941","url_meta":{"origin":242,"position":2},"title":"Oster-Wandertour 2017","author":"Willi","date":"16.04.2017","format":false,"excerpt":"Bin heute am 1. Ostertag schon fr\u00fch losgefahren und treffe gegen 08:50 Uhr am Parkplatz am Hunsr\u00fcckhaus am Erbeskopf ein. Es ist noch ganz sch\u00f6n k\u00fchl, die Grashalme teilweise gefroren. Zuerst folge ich der Traumschleife Gipfelrauschen gegen den Uhrzeigersinn. Er f\u00fchrt mich bis \u00fcber den Gipfelkamm. Dort biege ich dann\u2026","rel":"","context":"In &quot;Touren&quot;","block_context":{"text":"Touren","link":"https:\/\/willi-junker.de\/dachs\/?cat=3"},"img":{"alt_text":"","src":"https:\/\/i0.wp.com\/willi-junker.de\/dachs\/wp-content\/uploads\/2017\/04\/2017_03_16_001-500x281.jpg?resize=350%2C200","width":350,"height":200},"classes":[]},{"id":1357,"url":"https:\/\/willi-junker.de\/dachs\/?p=1357","url_meta":{"origin":242,"position":3},"title":"Tierser Alpl und Schlernh\u00e4user","author":"Willi","date":"27.07.2013","format":false,"excerpt":"Heute habe ich wohl meine l\u00e4ngste Alpenetappe gemacht. Ich bin heute Morgen um kurz nach 9 Uhr mit dem Bus zum Sellapass. Von dort geht es dann \u00fcber die Friedrich-August-H\u00fctte und den gleichnamigen Weg hinter dem Langkofel her. Dann weiter \u00fcber die Plattkofelh\u00fctte zur Tierser Alpl H\u00fctte. Hier bin ich\u2026","rel":"","context":"In &quot;Touren&quot;","block_context":{"text":"Touren","link":"https:\/\/willi-junker.de\/dachs\/?cat=3"},"img":{"alt_text":"","src":"","width":0,"height":0},"classes":[]},{"id":4884,"url":"https:\/\/willi-junker.de\/dachs\/?p=4884","url_meta":{"origin":242,"position":4},"title":"Vortour IndianSummerTour 2018","author":"Willi","date":"20.10.2018","format":false,"excerpt":"Bin heute Morgen um kurz nach acht mit dem Rad in Richtung Osten gestartet. \u00dcber den Rheinweg geht es vorbei an Horn in Richtung Riegenroth. Danach nach Laudert und nach dem Erreichen der Autobahn in den weitl\u00e4ufigen Wald um den Luftekopf. Mit einigem hin und her erreiche ich einen Waldlehrpfad\u2026","rel":"","context":"In &quot;Touren&quot;","block_context":{"text":"Touren","link":"https:\/\/willi-junker.de\/dachs\/?cat=3"},"img":{"alt_text":"","src":"https:\/\/i0.wp.com\/willi-junker.de\/dachs\/wp-content\/uploads\/2018\/10\/img-20181028-wa0008-2026460692.jpg?resize=350%2C200","width":350,"height":200},"classes":[]},{"id":4334,"url":"https:\/\/willi-junker.de\/dachs\/?p=4334","url_meta":{"origin":242,"position":5},"title":"Allerheiligen &#8211; Wandern auf dem Saar-Hunsr\u00fcck-Steig und diversen Traumschleifen\u00a0","author":"Willi","date":"01.11.2017","format":false,"excerpt":"Bin heute Morgen bei blauem Himmel und einstelligen Temperaturen \u00fcber den Schinderhannespfad nach Kastellaun. Auf dem Marktplatz bin ich auf den Saar-Hunsr\u00fcck-Steig gesto\u00dfen. Zuerst \u00fcber die Burg und dann weiter in Richtung Uhler und Mannebach. Dann kommt nach knapp 20 km das Tor zur Traumschleife Baybachtal. Gegen 12:20 Uhr bin\u2026","rel":"","context":"In &quot;Touren&quot;","block_context":{"text":"Touren","link":"https:\/\/willi-junker.de\/dachs\/?cat=3"},"img":{"alt_text":"","src":"","width":0,"height":0},"classes":[]}],"_links":{"self":[{"href":"https:\/\/willi-junker.de\/dachs\/index.php?rest_route=\/wp\/v2\/posts\/242","targetHints":{"allow":["GET"]}}],"collection":[{"href":"https:\/\/willi-junker.de\/dachs\/index.php?rest_route=\/wp\/v2\/posts"}],"about":[{"href":"https:\/\/willi-junker.de\/dachs\/index.php?rest_route=\/wp\/v2\/types\/post"}],"author":[{"embeddable":true,"href":"https:\/\/willi-junker.de\/dachs\/index.php?rest_route=\/wp\/v2\/users\/1"}],"replies":[{"embeddable":true,"href":"https:\/\/willi-junker.de\/dachs\/index.php?rest_route=%2Fwp%2Fv2%2Fcomments&post=242"}],"version-history":[{"count":35,"href":"https:\/\/willi-junker.de\/dachs\/index.php?rest_route=\/wp\/v2\/posts\/242\/revisions"}],"predecessor-version":[{"id":287,"href":"https:\/\/willi-junker.de\/dachs\/index.php?rest_route=\/wp\/v2\/posts\/242\/revisions\/287"}],"wp:attachment":[{"href":"https:\/\/willi-junker.de\/dachs\/index.php?rest_route=%2Fwp%2Fv2%2Fmedia&parent=242"}],"wp:term":[{"taxonomy":"category","embeddable":true,"href":"https:\/\/willi-junker.de\/dachs\/index.php?rest_route=%2Fwp%2Fv2%2Fcategories&post=242"},{"taxonomy":"post_tag","embeddable":true,"href":"https:\/\/willi-junker.de\/dachs\/index.php?rest_route=%2Fwp%2Fv2%2Ftags&post=242"}],"curies":[{"name":"wp","href":"https:\/\/api.w.org\/{rel}","templated":true}]}}