{"id":2418,"date":"2015-06-28T11:36:20","date_gmt":"2015-06-28T09:36:20","guid":{"rendered":"http:\/\/willi-junker.de\/dachs\/?p=2418"},"modified":"2015-06-28T15:58:42","modified_gmt":"2015-06-28T13:58:42","slug":"abschied","status":"publish","type":"post","link":"https:\/\/willi-junker.de\/dachs\/?p=2418","title":{"rendered":"Abschied"},"content":{"rendered":"<p><a href=\"https:\/\/i0.wp.com\/willi-junker.de\/dachs\/wp-content\/uploads\/2015\/06\/wpid-IMAG10483.jpg?ssl=1\"><img data-recalc-dims=\"1\" decoding=\"async\" title=\"IMAG1048.jpg\" class=\"alignnone size-full\" alt=\"image\" src=\"https:\/\/i0.wp.com\/willi-junker.de\/dachs\/wp-content\/uploads\/2015\/06\/wpid-IMAG10482.jpg?w=640&#038;ssl=1\" \/><\/a><\/p>\n<p><a href=\"https:\/\/i0.wp.com\/willi-junker.de\/dachs\/wp-content\/uploads\/2015\/06\/wpid-IMAG10493.jpg?ssl=1\"><img data-recalc-dims=\"1\" decoding=\"async\" title=\"IMAG1049.jpg\" class=\"alignnone size-full\" alt=\"image\" src=\"https:\/\/i0.wp.com\/willi-junker.de\/dachs\/wp-content\/uploads\/2015\/06\/wpid-IMAG10492.jpg?w=640&#038;ssl=1\" \/><\/a> <\/p>\n<p><a href=\"https:\/\/i0.wp.com\/willi-junker.de\/dachs\/wp-content\/uploads\/2015\/06\/wpid-IMAG10501.jpg?ssl=1\"><img data-recalc-dims=\"1\" decoding=\"async\" title=\"IMAG1050.jpg\" class=\"alignnone size-full\" alt=\"image\" src=\"https:\/\/i0.wp.com\/willi-junker.de\/dachs\/wp-content\/uploads\/2015\/06\/wpid-IMAG1050.jpg?w=640&#038;ssl=1\" \/><\/a><\/p>\n","protected":false},"excerpt":{"rendered":"","protected":false},"author":1,"featured_media":0,"comment_status":"open","ping_status":"open","sticky":false,"template":"","format":"standard","meta":{"_crdt_document":"","jetpack_post_was_ever_published":false,"_jetpack_newsletter_access":"","_jetpack_dont_email_post_to_subs":false,"_jetpack_newsletter_tier_id":0,"_jetpack_memberships_contains_paywalled_content":false,"_jetpack_memberships_contains_paid_content":false,"footnotes":"","jetpack_publicize_message":"","jetpack_publicize_feature_enabled":true,"jetpack_social_post_already_shared":false,"jetpack_social_options":{"image_generator_settings":{"template":"highway","default_image_id":0,"font":"","enabled":false},"version":2}},"categories":[3],"tags":[],"class_list":["post-2418","post","type-post","status-publish","format-standard","hentry","category-touren"],"jetpack_publicize_connections":[],"jetpack_featured_media_url":"","jetpack_sharing_enabled":true,"jetpack_shortlink":"https:\/\/wp.me\/s73o9s-abschied","jetpack-related-posts":[{"id":411,"url":"https:\/\/willi-junker.de\/dachs\/?p=411","url_meta":{"origin":2418,"position":0},"title":"09:00 &#8211; Packen und Abfahrt","author":"Willi","date":"02.07.2011","format":false,"excerpt":"So, jetzt hei\u00dft es Abschied nehmen, von dem gastlichen Haus. Es geht hinab nach Hinterweidenthal und dann auf verschlungenen Wegen an Merzalben vorbei und dann ein St\u00fcck quer durch den Wald. Blos keine unn\u00f6tigen H\u00f6henmetern verschenken. Dann hoch nach Leimen und zum Johanniskreuz. Auf gesperrter B48 weiter nach Lautern.","rel":"","context":"In &quot;Touren&quot;","block_context":{"text":"Touren","link":"https:\/\/willi-junker.de\/dachs\/?cat=3"},"img":{"alt_text":"","src":"","width":0,"height":0},"classes":[]},{"id":2743,"url":"https:\/\/willi-junker.de\/dachs\/?p=2743","url_meta":{"origin":2418,"position":1},"title":"18:30 Uhr &#8211; Kappel Langtauferer Tal &#8211; S\u00fcdtirol","author":"Willi","date":"27.08.2015","format":false,"excerpt":"Bin in S\u00fcdtirol nach 9 Stunden und 58 Minuten mit 1.955 H\u00f6henmetern und 25 km. Das war eine der knackigsten Touren, die ich je gemacht habe. Mehr sp\u00e4ter, wenn ich den Pool leer getrunken habe.","rel":"","context":"In &quot;Touren&quot;","block_context":{"text":"Touren","link":"https:\/\/willi-junker.de\/dachs\/?cat=3"},"img":{"alt_text":"","src":"","width":0,"height":0},"classes":[]},{"id":363,"url":"https:\/\/willi-junker.de\/dachs\/?p=363","url_meta":{"origin":2418,"position":2},"title":"16:00 Uhr &#8211; Erfweiler","author":"Willi","date":"28.06.2011","format":false,"excerpt":"Bin in der \"Kleinen Blume\" in Erfweiler nach 55 km 613 H\u00f6henmetern. Hab mich \u00fcberwiegend im dichten Wald aufgehalten und mich auf verschlungenen Pfaden \u00fcber die Berge bewegt. Werde jetzt meine Touren von hier aus machen. Mal gucken, was da\u00df Wetter noch so bringt. Verbrauch umgerechnet auf 100 km \/\u2026","rel":"","context":"In &quot;Touren&quot;","block_context":{"text":"Touren","link":"https:\/\/willi-junker.de\/dachs\/?cat=3"},"img":{"alt_text":"","src":"","width":0,"height":0},"classes":[]},{"id":2053,"url":"https:\/\/willi-junker.de\/dachs\/?p=2053","url_meta":{"origin":2418,"position":3},"title":"Helm Gipfel","author":"Willi","date":"27.02.2015","format":false,"excerpt":"","rel":"","context":"In &quot;Touren&quot;","block_context":{"text":"Touren","link":"https:\/\/willi-junker.de\/dachs\/?cat=3"},"img":{"alt_text":"","src":"","width":0,"height":0},"classes":[]},{"id":1983,"url":"https:\/\/willi-junker.de\/dachs\/?p=1983","url_meta":{"origin":2418,"position":4},"title":"Hindernisslauf am Erbeskopf","author":"Willi","date":"31.01.2015","format":false,"excerpt":"","rel":"","context":"In &quot;Touren&quot;","block_context":{"text":"Touren","link":"https:\/\/willi-junker.de\/dachs\/?cat=3"},"img":{"alt_text":"","src":"","width":0,"height":0},"classes":[]},{"id":2022,"url":"https:\/\/willi-junker.de\/dachs\/?p=2022","url_meta":{"origin":2418,"position":5},"title":"Fast am Tagesziel","author":"Willi","date":"26.02.2015","format":false,"excerpt":"","rel":"","context":"In &quot;Touren&quot;","block_context":{"text":"Touren","link":"https:\/\/willi-junker.de\/dachs\/?cat=3"},"img":{"alt_text":"","src":"","width":0,"height":0},"classes":[]}],"_links":{"self":[{"href":"https:\/\/willi-junker.de\/dachs\/index.php?rest_route=\/wp\/v2\/posts\/2418","targetHints":{"allow":["GET"]}}],"collection":[{"href":"https:\/\/willi-junker.de\/dachs\/index.php?rest_route=\/wp\/v2\/posts"}],"about":[{"href":"https:\/\/willi-junker.de\/dachs\/index.php?rest_route=\/wp\/v2\/types\/post"}],"author":[{"embeddable":true,"href":"https:\/\/willi-junker.de\/dachs\/index.php?rest_route=\/wp\/v2\/users\/1"}],"replies":[{"embeddable":true,"href":"https:\/\/willi-junker.de\/dachs\/index.php?rest_route=%2Fwp%2Fv2%2Fcomments&post=2418"}],"version-history":[{"count":4,"href":"https:\/\/willi-junker.de\/dachs\/index.php?rest_route=\/wp\/v2\/posts\/2418\/revisions"}],"predecessor-version":[{"id":2440,"href":"https:\/\/willi-junker.de\/dachs\/index.php?rest_route=\/wp\/v2\/posts\/2418\/revisions\/2440"}],"wp:attachment":[{"href":"https:\/\/willi-junker.de\/dachs\/index.php?rest_route=%2Fwp%2Fv2%2Fmedia&parent=2418"}],"wp:term":[{"taxonomy":"category","embeddable":true,"href":"https:\/\/willi-junker.de\/dachs\/index.php?rest_route=%2Fwp%2Fv2%2Fcategories&post=2418"},{"taxonomy":"post_tag","embeddable":true,"href":"https:\/\/willi-junker.de\/dachs\/index.php?rest_route=%2Fwp%2Fv2%2Ftags&post=2418"}],"curies":[{"name":"wp","href":"https:\/\/api.w.org\/{rel}","templated":true}]}}