{"id":2282,"date":"2015-06-22T13:11:01","date_gmt":"2015-06-22T11:11:01","guid":{"rendered":"http:\/\/willi-junker.de\/dachs\/?p=2282"},"modified":"2015-06-22T13:11:01","modified_gmt":"2015-06-22T11:11:01","slug":"13-uhr-nassau","status":"publish","type":"post","link":"https:\/\/willi-junker.de\/dachs\/?p=2282","title":{"rendered":"13 Uhr &#8211; Nassau"},"content":{"rendered":"<p>79 km und wir sind in Nassau. Zum Wetter muss man nichts sagen. Der Ortsname ist Programm.<\/p>\n","protected":false},"excerpt":{"rendered":"<p>79 km und wir sind in Nassau. Zum Wetter muss man nichts sagen. Der Ortsname ist Programm.<\/p>\n","protected":false},"author":1,"featured_media":0,"comment_status":"open","ping_status":"open","sticky":false,"template":"","format":"standard","meta":{"_crdt_document":"","jetpack_post_was_ever_published":false,"_jetpack_newsletter_access":"","_jetpack_dont_email_post_to_subs":false,"_jetpack_newsletter_tier_id":0,"_jetpack_memberships_contains_paywalled_content":false,"_jetpack_memberships_contains_paid_content":false,"footnotes":"","jetpack_publicize_message":"","jetpack_publicize_feature_enabled":true,"jetpack_social_post_already_shared":false,"jetpack_social_options":{"image_generator_settings":{"template":"highway","default_image_id":0,"font":"","enabled":false},"version":2}},"categories":[3],"tags":[],"class_list":["post-2282","post","type-post","status-publish","format-standard","hentry","category-touren"],"jetpack_publicize_connections":[],"jetpack_featured_media_url":"","jetpack_sharing_enabled":true,"jetpack_shortlink":"https:\/\/wp.me\/p73o9s-AO","jetpack-related-posts":[{"id":4669,"url":"https:\/\/willi-junker.de\/dachs\/?p=4669","url_meta":{"origin":2282,"position":0},"title":"RAM100K &#8211; Rhein-Ahr-Marsch 2018","author":"Willi","date":"06.07.2018","format":false,"excerpt":"Heute probiere ich mal was Neues. 24 Stundenwanderungen hab ich ja schon einige gemacht, aber noch nie mehr als 80 km. Das soll sich heute \u00e4ndern. Heute stehen 100 km auf dem Programm. Start und Ziel in Rheinbach bei Bonn. Heute Abend um 20:00 Uhr geht es los. Zuerst geht\u2026","rel":"","context":"In &quot;Touren&quot;","block_context":{"text":"Touren","link":"https:\/\/willi-junker.de\/dachs\/?cat=3"},"img":{"alt_text":"","src":"https:\/\/i0.wp.com\/willi-junker.de\/dachs\/wp-content\/uploads\/2018\/07\/20180706_154457646968539.jpg?resize=350%2C200","width":350,"height":200,"srcset":"https:\/\/i0.wp.com\/willi-junker.de\/dachs\/wp-content\/uploads\/2018\/07\/20180706_154457646968539.jpg?resize=350%2C200 1x, https:\/\/i0.wp.com\/willi-junker.de\/dachs\/wp-content\/uploads\/2018\/07\/20180706_154457646968539.jpg?resize=525%2C300 1.5x, https:\/\/i0.wp.com\/willi-junker.de\/dachs\/wp-content\/uploads\/2018\/07\/20180706_154457646968539.jpg?resize=700%2C400 2x, https:\/\/i0.wp.com\/willi-junker.de\/dachs\/wp-content\/uploads\/2018\/07\/20180706_154457646968539.jpg?resize=1050%2C600 3x, https:\/\/i0.wp.com\/willi-junker.de\/dachs\/wp-content\/uploads\/2018\/07\/20180706_154457646968539.jpg?resize=1400%2C800 4x"},"classes":[]},{"id":4497,"url":"https:\/\/willi-junker.de\/dachs\/?p=4497","url_meta":{"origin":2282,"position":1},"title":"Tag 2 &#8211; Radtour zum Laubachtreffen im Elsass","author":"Willi","date":"26.06.2018","format":false,"excerpt":"Heute k\u00f6nnen wir es entspannt angehen. Wir haben gestern unser Tagessoll mehr als erf\u00fcllt. Gute 100 km reichen heute definitiv. Also radeln wir im tollen Sonnenschein um 9 Uhr p\u00fcnktlich los. Das Fr\u00fchst\u00fcck im Hotel Anker hat unsere Erwartungen mehr als erf\u00fcllt. Absolut empfehlenswert. Kurz vor Mittag erreichen wir Trier.\u2026","rel":"","context":"In &quot;Touren&quot;","block_context":{"text":"Touren","link":"https:\/\/willi-junker.de\/dachs\/?cat=3"},"img":{"alt_text":"","src":"","width":0,"height":0},"classes":[]},{"id":1777,"url":"https:\/\/willi-junker.de\/dachs\/?p=1777","url_meta":{"origin":2282,"position":2},"title":"Letzter Wandertag &#8211; Stevia","author":"Willi","date":"28.08.2014","format":false,"excerpt":"Wie fast in jedem Jahr steht noch ein Besuch der Stevia und speziell dem H\u00fcttenwirt aus. So mache ich mich heute Morgen auf dem La Palota Weg hinauf. Bis zum Erreichen des ersten Blocks geht es steile 600 H\u00f6henmeter aufw\u00e4rts. Die Aussicht und vor Allem der Tiefblick nach Wolkenstein ist\u2026","rel":"","context":"In &quot;Touren&quot;","block_context":{"text":"Touren","link":"https:\/\/willi-junker.de\/dachs\/?cat=3"},"img":{"alt_text":"","src":"","width":0,"height":0},"classes":[]},{"id":4527,"url":"https:\/\/willi-junker.de\/dachs\/?p=4527","url_meta":{"origin":2282,"position":3},"title":"Tag 3 &#8211; Radtour zum Laubachtreffen im Elsass","author":"Willi","date":"27.06.2018","format":false,"excerpt":"Nach ruhiger Nacht und gutem Fr\u00fchst\u00fcck sind wir wieder auf Tour seit kurz nach 9 Uhr. Gegen 10:15 Uhr sind wir schon an der Kathedrale in Metz. Von Metz geht es weiter nach Nancy. Der Weg ist nicht immer so leicht zu finden. Zwischendurch nehmen wir noch das Mittagessen ein.\u2026","rel":"","context":"In &quot;Touren&quot;","block_context":{"text":"Touren","link":"https:\/\/willi-junker.de\/dachs\/?cat=3"},"img":{"alt_text":"","src":"https:\/\/i0.wp.com\/willi-junker.de\/dachs\/wp-content\/uploads\/2018\/06\/20180627_102233860068205.jpg?resize=350%2C200","width":350,"height":200,"srcset":"https:\/\/i0.wp.com\/willi-junker.de\/dachs\/wp-content\/uploads\/2018\/06\/20180627_102233860068205.jpg?resize=350%2C200 1x, https:\/\/i0.wp.com\/willi-junker.de\/dachs\/wp-content\/uploads\/2018\/06\/20180627_102233860068205.jpg?resize=525%2C300 1.5x, https:\/\/i0.wp.com\/willi-junker.de\/dachs\/wp-content\/uploads\/2018\/06\/20180627_102233860068205.jpg?resize=700%2C400 2x, https:\/\/i0.wp.com\/willi-junker.de\/dachs\/wp-content\/uploads\/2018\/06\/20180627_102233860068205.jpg?resize=1050%2C600 3x, https:\/\/i0.wp.com\/willi-junker.de\/dachs\/wp-content\/uploads\/2018\/06\/20180627_102233860068205.jpg?resize=1400%2C800 4x"},"classes":[]},{"id":3977,"url":"https:\/\/willi-junker.de\/dachs\/?p=3977","url_meta":{"origin":2282,"position":4},"title":"24 Stunden von Rheinland-Pfalz 2017 &#8211; wieder in Hennweiler\u00a0","author":"Willi","date":"17.06.2017","format":false,"excerpt":"Seit heute Morgen um 06:00 stehe ich wieder mit meinem Auto unter den schattigen B\u00e4umen an der L\u00fctzelsoonhalle in Hennweiler. Wir haben wieder eine sch\u00f6ne Gruppe zusammen bekommen und nach dem gemeinsamen Fr\u00fchst\u00fcck und der Verabschiedung durch die Pipe-Spieler geht es um 08:30 Uhr los. Das Wetter ist absolut ideal.\u2026","rel":"","context":"In &quot;Touren&quot;","block_context":{"text":"Touren","link":"https:\/\/willi-junker.de\/dachs\/?cat=3"},"img":{"alt_text":"","src":"https:\/\/i0.wp.com\/willi-junker.de\/dachs\/wp-content\/uploads\/2017\/06\/5172017214252.jpg?resize=350%2C200","width":350,"height":200,"srcset":"https:\/\/i0.wp.com\/willi-junker.de\/dachs\/wp-content\/uploads\/2017\/06\/5172017214252.jpg?resize=350%2C200 1x, https:\/\/i0.wp.com\/willi-junker.de\/dachs\/wp-content\/uploads\/2017\/06\/5172017214252.jpg?resize=525%2C300 1.5x, https:\/\/i0.wp.com\/willi-junker.de\/dachs\/wp-content\/uploads\/2017\/06\/5172017214252.jpg?resize=700%2C400 2x, https:\/\/i0.wp.com\/willi-junker.de\/dachs\/wp-content\/uploads\/2017\/06\/5172017214252.jpg?resize=1050%2C600 3x, https:\/\/i0.wp.com\/willi-junker.de\/dachs\/wp-content\/uploads\/2017\/06\/5172017214252.jpg?resize=1400%2C800 4x"},"classes":[]},{"id":174,"url":"https:\/\/willi-junker.de\/dachs\/?p=174","url_meta":{"origin":2282,"position":5},"title":"Skiwanderung Hochwald-Idarwald am 29.01.2011","author":"Willi","date":"29.01.2011","format":false,"excerpt":"Der Tag beginnt um 06.00 Uhr. Kurz nach 07.30 Uhr verlasse ich das Haus und um 08:30 Uhr stehe ich am kleinen Parkplatz zwischen Hochscheid und Stipshausen. Erst in der Kammlage liegt gerade gen\u00fcgend Schnee zum Skilanglauf. Hier beginnt die \"Graue Kreuz Loipe\" Die Loipe ist nicht pr\u00e4pariert und so\u2026","rel":"","context":"In &quot;Touren&quot;","block_context":{"text":"Touren","link":"https:\/\/willi-junker.de\/dachs\/?cat=3"},"img":{"alt_text":"kurze Pause","src":"https:\/\/i0.wp.com\/willi-junker.de\/dachs\/wp-content\/uploads\/2011\/01\/1.jpg?resize=350%2C200","width":350,"height":200,"srcset":"https:\/\/i0.wp.com\/willi-junker.de\/dachs\/wp-content\/uploads\/2011\/01\/1.jpg?resize=350%2C200 1x, https:\/\/i0.wp.com\/willi-junker.de\/dachs\/wp-content\/uploads\/2011\/01\/1.jpg?resize=525%2C300 1.5x"},"classes":[]}],"_links":{"self":[{"href":"https:\/\/willi-junker.de\/dachs\/index.php?rest_route=\/wp\/v2\/posts\/2282","targetHints":{"allow":["GET"]}}],"collection":[{"href":"https:\/\/willi-junker.de\/dachs\/index.php?rest_route=\/wp\/v2\/posts"}],"about":[{"href":"https:\/\/willi-junker.de\/dachs\/index.php?rest_route=\/wp\/v2\/types\/post"}],"author":[{"embeddable":true,"href":"https:\/\/willi-junker.de\/dachs\/index.php?rest_route=\/wp\/v2\/users\/1"}],"replies":[{"embeddable":true,"href":"https:\/\/willi-junker.de\/dachs\/index.php?rest_route=%2Fwp%2Fv2%2Fcomments&post=2282"}],"version-history":[{"count":1,"href":"https:\/\/willi-junker.de\/dachs\/index.php?rest_route=\/wp\/v2\/posts\/2282\/revisions"}],"predecessor-version":[{"id":2283,"href":"https:\/\/willi-junker.de\/dachs\/index.php?rest_route=\/wp\/v2\/posts\/2282\/revisions\/2283"}],"wp:attachment":[{"href":"https:\/\/willi-junker.de\/dachs\/index.php?rest_route=%2Fwp%2Fv2%2Fmedia&parent=2282"}],"wp:term":[{"taxonomy":"category","embeddable":true,"href":"https:\/\/willi-junker.de\/dachs\/index.php?rest_route=%2Fwp%2Fv2%2Fcategories&post=2282"},{"taxonomy":"post_tag","embeddable":true,"href":"https:\/\/willi-junker.de\/dachs\/index.php?rest_route=%2Fwp%2Fv2%2Ftags&post=2282"}],"curies":[{"name":"wp","href":"https:\/\/api.w.org\/{rel}","templated":true}]}}