{"id":2280,"date":"2015-06-22T10:54:30","date_gmt":"2015-06-22T08:54:30","guid":{"rendered":"http:\/\/willi-junker.de\/dachs\/?p=2280"},"modified":"2015-06-22T10:54:30","modified_gmt":"2015-06-22T08:54:30","slug":"wir-sind-unterwegs-nach-laubach","status":"publish","type":"post","link":"https:\/\/willi-junker.de\/dachs\/?p=2280","title":{"rendered":"Wir sind unterwegs nach Laubach"},"content":{"rendered":"<p><a href=\"https:\/\/i0.wp.com\/willi-junker.de\/dachs\/wp-content\/uploads\/2015\/06\/wpid-IMAG09811.jpg?ssl=1\"><img data-recalc-dims=\"1\" decoding=\"async\" title=\"IMAG0981.jpg\" class=\"alignnone size-full\" alt=\"image\" src=\"https:\/\/i0.wp.com\/willi-junker.de\/dachs\/wp-content\/uploads\/2015\/06\/wpid-IMAG0981.jpg?w=640&#038;ssl=1\" \/><\/a><\/p>\n<p>und bisher hat es auch nur einmal geregnet.<\/p>\n","protected":false},"excerpt":{"rendered":"<p>und bisher hat es auch nur einmal geregnet.<\/p>\n","protected":false},"author":1,"featured_media":0,"comment_status":"open","ping_status":"open","sticky":false,"template":"","format":"standard","meta":{"_crdt_document":"","jetpack_post_was_ever_published":false,"_jetpack_newsletter_access":"","_jetpack_dont_email_post_to_subs":false,"_jetpack_newsletter_tier_id":0,"_jetpack_memberships_contains_paywalled_content":false,"_jetpack_memberships_contains_paid_content":false,"footnotes":"","jetpack_publicize_message":"","jetpack_publicize_feature_enabled":true,"jetpack_social_post_already_shared":false,"jetpack_social_options":{"image_generator_settings":{"template":"highway","default_image_id":0,"font":"","enabled":false},"version":2}},"categories":[3],"tags":[],"class_list":["post-2280","post","type-post","status-publish","format-standard","hentry","category-touren"],"jetpack_publicize_connections":[],"jetpack_featured_media_url":"","jetpack_sharing_enabled":true,"jetpack_shortlink":"https:\/\/wp.me\/p73o9s-AM","jetpack-related-posts":[{"id":2290,"url":"https:\/\/willi-junker.de\/dachs\/?p=2290","url_meta":{"origin":2280,"position":0},"title":"17:30 Uhr Runkel","author":"Willi","date":"22.06.2015","format":false,"excerpt":"Nach 131 km sind wir in Runkel und haben auch ne nette Unterkunft gefunden. Zum Gl\u00fcck hat es nur einmal geregnet, leider von Pfalzfeld bis Runkel.","rel":"","context":"In &quot;Touren&quot;","block_context":{"text":"Touren","link":"https:\/\/willi-junker.de\/dachs\/?cat=3"},"img":{"alt_text":"","src":"","width":0,"height":0},"classes":[]},{"id":2147,"url":"https:\/\/willi-junker.de\/dachs\/?p=2147","url_meta":{"origin":2280,"position":1},"title":"Erbeskopf","author":"Willi","date":"13.06.2015","format":false,"excerpt":"Nach 6 km sind wir oben und es hat nur einmal geregnet. Dauerregen. \u00a0","rel":"","context":"In &quot;Touren&quot;","block_context":{"text":"Touren","link":"https:\/\/willi-junker.de\/dachs\/?cat=3"},"img":{"alt_text":"image","src":"https:\/\/i0.wp.com\/willi-junker.de\/dachs\/wp-content\/uploads\/2015\/06\/wpid-IMAG0955.jpg?resize=350%2C200","width":350,"height":200,"srcset":"https:\/\/i0.wp.com\/willi-junker.de\/dachs\/wp-content\/uploads\/2015\/06\/wpid-IMAG0955.jpg?resize=350%2C200 1x, https:\/\/i0.wp.com\/willi-junker.de\/dachs\/wp-content\/uploads\/2015\/06\/wpid-IMAG0955.jpg?resize=525%2C300 1.5x"},"classes":[]},{"id":3343,"url":"https:\/\/willi-junker.de\/dachs\/?p=3343","url_meta":{"origin":2280,"position":2},"title":"3. und letzte Runde geschafft","author":"Willi","date":"19.06.2016","format":false,"excerpt":"Um 06:08 Uhr am Morgen erreichen wir den Wanderparkplatz in Hennweiler. Somit ist auch die Nachtrunde abgeschlossen und fast 80 km sind erwandert. Im der Nacht wurden wir in den Gemeindeh\u00e4usern von Bollenbach und Bruschied begr\u00fc\u00dft. Auch an diversen anderen Orten, zum Teil mitten im Wald, wurden wir herzlich in\u2026","rel":"","context":"In &quot;Touren&quot;","block_context":{"text":"Touren","link":"https:\/\/willi-junker.de\/dachs\/?cat=3"},"img":{"alt_text":"","src":"","width":0,"height":0},"classes":[]},{"id":4535,"url":"https:\/\/willi-junker.de\/dachs\/?p=4535","url_meta":{"origin":2280,"position":3},"title":"Tag 4 &#8211; Radtour zum Laubachtreffen im Elsass","author":"Willi","date":"28.06.2018","format":false,"excerpt":"Nach dem tollen Abend gestern in Luneville starten wir auch heute Morgen wieder um kurz nach neun Uhr. Zuerst m\u00fcssen wir wieder zur\u00fcck an den Rhein-Marne-Kanal. Da geht es \u00fcber 20 km ordentlich bergauf und bergab.Die ersten Kilometer am Kanal sind aber auch nicht viel besser. Teils auf tollem Radweg\u2026","rel":"","context":"In &quot;Touren&quot;","block_context":{"text":"Touren","link":"https:\/\/willi-junker.de\/dachs\/?cat=3"},"img":{"alt_text":"","src":"","width":0,"height":0},"classes":[]},{"id":5294,"url":"https:\/\/willi-junker.de\/dachs\/?p=5294","url_meta":{"origin":2280,"position":4},"title":"Kalterer See","author":"Willi","date":"29.10.2019","format":false,"excerpt":"Die ganze Nacht hindurch hat es geregnet und auch am Morgen sieht es nicht gut aus. Also mal mit Genuss Fr\u00fchst\u00fccken und dann Karten studieren.Gegen zehn l\u00e4sst der Regen nach und ab elf ist es trocken, aber heftig schw\u00fcl und neblig. Sicht nach oben und nach unten nahe null.Wir wandern\u2026","rel":"","context":"In &quot;Touren&quot;","block_context":{"text":"Touren","link":"https:\/\/willi-junker.de\/dachs\/?cat=3"},"img":{"alt_text":"","src":"https:\/\/i0.wp.com\/willi-junker.de\/dachs\/wp-content\/uploads\/2019\/10\/20191029_122815130086348.jpg?resize=350%2C200","width":350,"height":200,"srcset":"https:\/\/i0.wp.com\/willi-junker.de\/dachs\/wp-content\/uploads\/2019\/10\/20191029_122815130086348.jpg?resize=350%2C200 1x, https:\/\/i0.wp.com\/willi-junker.de\/dachs\/wp-content\/uploads\/2019\/10\/20191029_122815130086348.jpg?resize=525%2C300 1.5x, https:\/\/i0.wp.com\/willi-junker.de\/dachs\/wp-content\/uploads\/2019\/10\/20191029_122815130086348.jpg?resize=700%2C400 2x, https:\/\/i0.wp.com\/willi-junker.de\/dachs\/wp-content\/uploads\/2019\/10\/20191029_122815130086348.jpg?resize=1050%2C600 3x, https:\/\/i0.wp.com\/willi-junker.de\/dachs\/wp-content\/uploads\/2019\/10\/20191029_122815130086348.jpg?resize=1400%2C800 4x"},"classes":[]},{"id":3256,"url":"https:\/\/willi-junker.de\/dachs\/?p=3256","url_meta":{"origin":2280,"position":5},"title":"Durch Hunsr\u00fccker T\u00e4ler und seine Hochfl\u00e4chen","author":"Willi","date":"17.04.2016","format":false,"excerpt":"Am Sonntagmorgen geht es am Ortsausgang von Laubach in Richtung Kastellaun los. 7 Wanderer treffen sich dort um 7:00 Uhr bei letzten Regentropfen. Es hat die ganze Nacht kr\u00e4ftig geregnet. Wir folgen dem Schinderhannespfad bis nach Kastellaun und von dort geht es auf dem Saar-Hunsr\u00fcck-Steig weiter. \u00dcber den Diellaysteig steigen\u2026","rel":"","context":"In &quot;Touren&quot;","block_context":{"text":"Touren","link":"https:\/\/willi-junker.de\/dachs\/?cat=3"},"img":{"alt_text":"image","src":"https:\/\/i0.wp.com\/willi-junker.de\/dachs\/wp-content\/uploads\/2016\/04\/20160417_085921-1920x1080.jpg?resize=350%2C200","width":350,"height":200,"srcset":"https:\/\/i0.wp.com\/willi-junker.de\/dachs\/wp-content\/uploads\/2016\/04\/20160417_085921-1920x1080.jpg?resize=350%2C200 1x, https:\/\/i0.wp.com\/willi-junker.de\/dachs\/wp-content\/uploads\/2016\/04\/20160417_085921-1920x1080.jpg?resize=525%2C300 1.5x, https:\/\/i0.wp.com\/willi-junker.de\/dachs\/wp-content\/uploads\/2016\/04\/20160417_085921-1920x1080.jpg?resize=700%2C400 2x, https:\/\/i0.wp.com\/willi-junker.de\/dachs\/wp-content\/uploads\/2016\/04\/20160417_085921-1920x1080.jpg?resize=1050%2C600 3x, https:\/\/i0.wp.com\/willi-junker.de\/dachs\/wp-content\/uploads\/2016\/04\/20160417_085921-1920x1080.jpg?resize=1400%2C800 4x"},"classes":[]}],"_links":{"self":[{"href":"https:\/\/willi-junker.de\/dachs\/index.php?rest_route=\/wp\/v2\/posts\/2280","targetHints":{"allow":["GET"]}}],"collection":[{"href":"https:\/\/willi-junker.de\/dachs\/index.php?rest_route=\/wp\/v2\/posts"}],"about":[{"href":"https:\/\/willi-junker.de\/dachs\/index.php?rest_route=\/wp\/v2\/types\/post"}],"author":[{"embeddable":true,"href":"https:\/\/willi-junker.de\/dachs\/index.php?rest_route=\/wp\/v2\/users\/1"}],"replies":[{"embeddable":true,"href":"https:\/\/willi-junker.de\/dachs\/index.php?rest_route=%2Fwp%2Fv2%2Fcomments&post=2280"}],"version-history":[{"count":1,"href":"https:\/\/willi-junker.de\/dachs\/index.php?rest_route=\/wp\/v2\/posts\/2280\/revisions"}],"predecessor-version":[{"id":2281,"href":"https:\/\/willi-junker.de\/dachs\/index.php?rest_route=\/wp\/v2\/posts\/2280\/revisions\/2281"}],"wp:attachment":[{"href":"https:\/\/willi-junker.de\/dachs\/index.php?rest_route=%2Fwp%2Fv2%2Fmedia&parent=2280"}],"wp:term":[{"taxonomy":"category","embeddable":true,"href":"https:\/\/willi-junker.de\/dachs\/index.php?rest_route=%2Fwp%2Fv2%2Fcategories&post=2280"},{"taxonomy":"post_tag","embeddable":true,"href":"https:\/\/willi-junker.de\/dachs\/index.php?rest_route=%2Fwp%2Fv2%2Ftags&post=2280"}],"curies":[{"name":"wp","href":"https:\/\/api.w.org\/{rel}","templated":true}]}}