{"id":2193,"date":"2015-06-14T06:51:42","date_gmt":"2015-06-14T04:51:42","guid":{"rendered":"http:\/\/willi-junker.de\/dachs\/?p=2193"},"modified":"2015-06-15T21:42:45","modified_gmt":"2015-06-15T19:42:45","slug":"0602-uhr-alle-6-im-ziel","status":"publish","type":"post","link":"https:\/\/willi-junker.de\/dachs\/?p=2193","title":{"rendered":"06:02 Uhr &#8211; alle 6 im Ziel"},"content":{"rendered":"<p>Herrlicher Sonnenaufgang und tolles Fr\u00fchst\u00fcck nach dem Duschen.<\/p>\n<p><a href=\"https:\/\/i0.wp.com\/willi-junker.de\/dachs\/wp-content\/uploads\/2015\/06\/2015_24h_rlp_155.jpg?ssl=1\"><img data-recalc-dims=\"1\" loading=\"lazy\" decoding=\"async\" data-attachment-id=\"2252\" data-permalink=\"https:\/\/willi-junker.de\/dachs\/?attachment_id=2252\" data-orig-file=\"https:\/\/i0.wp.com\/willi-junker.de\/dachs\/wp-content\/uploads\/2015\/06\/2015_24h_rlp_155.jpg?fit=1600%2C899&amp;ssl=1\" data-orig-size=\"1600,899\" data-comments-opened=\"1\" data-image-meta=\"{&quot;aperture&quot;:&quot;3.3&quot;,&quot;credit&quot;:&quot;&quot;,&quot;camera&quot;:&quot;DMC-TZ61&quot;,&quot;caption&quot;:&quot;&quot;,&quot;created_timestamp&quot;:&quot;1434263425&quot;,&quot;copyright&quot;:&quot;&quot;,&quot;focal_length&quot;:&quot;4.3&quot;,&quot;iso&quot;:&quot;160&quot;,&quot;shutter_speed&quot;:&quot;0.004&quot;,&quot;title&quot;:&quot;&quot;,&quot;orientation&quot;:&quot;1&quot;}\" data-image-title=\"2015_24h_rlp_155\" data-image-description=\"\" data-image-caption=\"\" data-large-file=\"https:\/\/i0.wp.com\/willi-junker.de\/dachs\/wp-content\/uploads\/2015\/06\/2015_24h_rlp_155.jpg?fit=500%2C281&amp;ssl=1\" class=\"aligncenter size-large wp-image-2252\" src=\"https:\/\/i0.wp.com\/willi-junker.de\/dachs\/wp-content\/uploads\/2015\/06\/2015_24h_rlp_155.jpg?resize=500%2C281&#038;ssl=1\" alt=\"2015_24h_rlp_155\" width=\"500\" height=\"281\" srcset=\"https:\/\/i0.wp.com\/willi-junker.de\/dachs\/wp-content\/uploads\/2015\/06\/2015_24h_rlp_155.jpg?resize=500%2C281&amp;ssl=1 500w, https:\/\/i0.wp.com\/willi-junker.de\/dachs\/wp-content\/uploads\/2015\/06\/2015_24h_rlp_155.jpg?resize=300%2C169&amp;ssl=1 300w, https:\/\/i0.wp.com\/willi-junker.de\/dachs\/wp-content\/uploads\/2015\/06\/2015_24h_rlp_155.jpg?w=1600&amp;ssl=1 1600w, https:\/\/i0.wp.com\/willi-junker.de\/dachs\/wp-content\/uploads\/2015\/06\/2015_24h_rlp_155.jpg?w=1280&amp;ssl=1 1280w\" sizes=\"auto, (max-width: 500px) 100vw, 500px\" \/><\/a> <a href=\"https:\/\/i0.wp.com\/willi-junker.de\/dachs\/wp-content\/uploads\/2015\/06\/2015_24h_rlp_156.jpg?ssl=1\"><img data-recalc-dims=\"1\" loading=\"lazy\" decoding=\"async\" data-attachment-id=\"2253\" data-permalink=\"https:\/\/willi-junker.de\/dachs\/?attachment_id=2253\" data-orig-file=\"https:\/\/i0.wp.com\/willi-junker.de\/dachs\/wp-content\/uploads\/2015\/06\/2015_24h_rlp_156.jpg?fit=1600%2C899&amp;ssl=1\" data-orig-size=\"1600,899\" data-comments-opened=\"1\" data-image-meta=\"{&quot;aperture&quot;:&quot;3.3&quot;,&quot;credit&quot;:&quot;&quot;,&quot;camera&quot;:&quot;DMC-TZ61&quot;,&quot;caption&quot;:&quot;&quot;,&quot;created_timestamp&quot;:&quot;1434263433&quot;,&quot;copyright&quot;:&quot;&quot;,&quot;focal_length&quot;:&quot;4.3&quot;,&quot;iso&quot;:&quot;160&quot;,&quot;shutter_speed&quot;:&quot;0.002&quot;,&quot;title&quot;:&quot;&quot;,&quot;orientation&quot;:&quot;1&quot;}\" data-image-title=\"2015_24h_rlp_156\" data-image-description=\"\" data-image-caption=\"\" data-large-file=\"https:\/\/i0.wp.com\/willi-junker.de\/dachs\/wp-content\/uploads\/2015\/06\/2015_24h_rlp_156.jpg?fit=500%2C281&amp;ssl=1\" class=\"aligncenter size-large wp-image-2253\" src=\"https:\/\/i0.wp.com\/willi-junker.de\/dachs\/wp-content\/uploads\/2015\/06\/2015_24h_rlp_156.jpg?resize=500%2C281&#038;ssl=1\" alt=\"2015_24h_rlp_156\" width=\"500\" height=\"281\" srcset=\"https:\/\/i0.wp.com\/willi-junker.de\/dachs\/wp-content\/uploads\/2015\/06\/2015_24h_rlp_156.jpg?resize=500%2C281&amp;ssl=1 500w, https:\/\/i0.wp.com\/willi-junker.de\/dachs\/wp-content\/uploads\/2015\/06\/2015_24h_rlp_156.jpg?resize=300%2C169&amp;ssl=1 300w, https:\/\/i0.wp.com\/willi-junker.de\/dachs\/wp-content\/uploads\/2015\/06\/2015_24h_rlp_156.jpg?w=1600&amp;ssl=1 1600w, https:\/\/i0.wp.com\/willi-junker.de\/dachs\/wp-content\/uploads\/2015\/06\/2015_24h_rlp_156.jpg?w=1280&amp;ssl=1 1280w\" sizes=\"auto, (max-width: 500px) 100vw, 500px\" \/><\/a><\/p>\n","protected":false},"excerpt":{"rendered":"<p>Herrlicher Sonnenaufgang und tolles Fr\u00fchst\u00fcck nach dem Duschen.<\/p>\n","protected":false},"author":1,"featured_media":0,"comment_status":"open","ping_status":"open","sticky":false,"template":"","format":"standard","meta":{"_crdt_document":"","jetpack_post_was_ever_published":false,"_jetpack_newsletter_access":"","_jetpack_dont_email_post_to_subs":false,"_jetpack_newsletter_tier_id":0,"_jetpack_memberships_contains_paywalled_content":false,"_jetpack_memberships_contains_paid_content":false,"footnotes":"","jetpack_publicize_message":"","jetpack_publicize_feature_enabled":true,"jetpack_social_post_already_shared":false,"jetpack_social_options":{"image_generator_settings":{"template":"highway","default_image_id":0,"font":"","enabled":false},"version":2}},"categories":[3],"tags":[],"class_list":["post-2193","post","type-post","status-publish","format-standard","hentry","category-touren"],"jetpack_publicize_connections":[],"jetpack_featured_media_url":"","jetpack_sharing_enabled":true,"jetpack_shortlink":"https:\/\/wp.me\/p73o9s-zn","jetpack-related-posts":[{"id":3977,"url":"https:\/\/willi-junker.de\/dachs\/?p=3977","url_meta":{"origin":2193,"position":0},"title":"24 Stunden von Rheinland-Pfalz 2017 &#8211; wieder in Hennweiler\u00a0","author":"Willi","date":"17.06.2017","format":false,"excerpt":"Seit heute Morgen um 06:00 stehe ich wieder mit meinem Auto unter den schattigen B\u00e4umen an der L\u00fctzelsoonhalle in Hennweiler. Wir haben wieder eine sch\u00f6ne Gruppe zusammen bekommen und nach dem gemeinsamen Fr\u00fchst\u00fcck und der Verabschiedung durch die Pipe-Spieler geht es um 08:30 Uhr los. Das Wetter ist absolut ideal.\u2026","rel":"","context":"In &quot;Touren&quot;","block_context":{"text":"Touren","link":"https:\/\/willi-junker.de\/dachs\/?cat=3"},"img":{"alt_text":"","src":"https:\/\/i0.wp.com\/willi-junker.de\/dachs\/wp-content\/uploads\/2017\/06\/5172017214252.jpg?resize=350%2C200","width":350,"height":200,"srcset":"https:\/\/i0.wp.com\/willi-junker.de\/dachs\/wp-content\/uploads\/2017\/06\/5172017214252.jpg?resize=350%2C200 1x, https:\/\/i0.wp.com\/willi-junker.de\/dachs\/wp-content\/uploads\/2017\/06\/5172017214252.jpg?resize=525%2C300 1.5x, https:\/\/i0.wp.com\/willi-junker.de\/dachs\/wp-content\/uploads\/2017\/06\/5172017214252.jpg?resize=700%2C400 2x, https:\/\/i0.wp.com\/willi-junker.de\/dachs\/wp-content\/uploads\/2017\/06\/5172017214252.jpg?resize=1050%2C600 3x, https:\/\/i0.wp.com\/willi-junker.de\/dachs\/wp-content\/uploads\/2017\/06\/5172017214252.jpg?resize=1400%2C800 4x"},"classes":[]},{"id":5256,"url":"https:\/\/willi-junker.de\/dachs\/?p=5256","url_meta":{"origin":2193,"position":1},"title":"Radtour nach Bad Sch\u00f6nborn \/ Tag 4 (R\u00fcckreise)","author":"Willi Junker","date":"21.07.2019","format":false,"excerpt":"Schnell ist der Kurztrip nach Bad Sch\u00f6nborn schon an seinem Ende angelangt. Doch heute am Sonntag haben wir uns noch einiges vorgenommen. Nach dem Fr\u00fchst\u00fcck wird gepackt. Wir d\u00fcrfen das Gep\u00e4ck und das Fahrrad weiterhin im Hotel belassen und so k\u00f6nnen wir noch ausgiebig die Therme erkunden. Gegen 14 Uhr\u2026","rel":"","context":"In &quot;Touren&quot;","block_context":{"text":"Touren","link":"https:\/\/willi-junker.de\/dachs\/?cat=3"},"img":{"alt_text":"","src":"https:\/\/i0.wp.com\/willi-junker.de\/dachs\/wp-content\/uploads\/2019\/07\/grafik-1.png?resize=350%2C200&ssl=1","width":350,"height":200,"srcset":"https:\/\/i0.wp.com\/willi-junker.de\/dachs\/wp-content\/uploads\/2019\/07\/grafik-1.png?resize=350%2C200&ssl=1 1x, https:\/\/i0.wp.com\/willi-junker.de\/dachs\/wp-content\/uploads\/2019\/07\/grafik-1.png?resize=525%2C300&ssl=1 1.5x, https:\/\/i0.wp.com\/willi-junker.de\/dachs\/wp-content\/uploads\/2019\/07\/grafik-1.png?resize=700%2C400&ssl=1 2x, https:\/\/i0.wp.com\/willi-junker.de\/dachs\/wp-content\/uploads\/2019\/07\/grafik-1.png?resize=1050%2C600&ssl=1 3x"},"classes":[]},{"id":1538,"url":"https:\/\/willi-junker.de\/dachs\/?p=1538","url_meta":{"origin":2193,"position":2},"title":"05:55 Uhr &#8211; am Ziel","author":"Willi","date":"15.06.2014","format":false,"excerpt":"Nach 74,5 km und 1.692 H\u00f6henmetern bin ich am Ziel. Hat super geklappt. Dudelsackspieler empfangen mich im Ziel. Die Dusche tut gut und das Fr\u00fchst\u00fcck ist reichhaltig. Wir drei Laubacher sitzen nun gl\u00fccklich in der Sonne.","rel":"","context":"In &quot;Touren&quot;","block_context":{"text":"Touren","link":"https:\/\/willi-junker.de\/dachs\/?cat=3"},"img":{"alt_text":"","src":"","width":0,"height":0},"classes":[]},{"id":1235,"url":"https:\/\/willi-junker.de\/dachs\/?p=1235","url_meta":{"origin":2193,"position":3},"title":"Wolkenstein","author":"Willi","date":"13.07.2013","format":false,"excerpt":"Ich bin gestern Abend um 21:15 Uhr in Laubach losgefahren und heute Morgen p\u00fcnktlich um 8:00 Uhr zum Fr\u00fchst\u00fcck in Wolkenstein eingetroffen. Nach dem Fr\u00fchst\u00fcck ging es dann schnell zum Bus, der um 09:22 Uhr in Richtung Corvara startet. In Corvara ist dann Umsteigen angesagt nach Bruneck. Dort umsteigen in\u2026","rel":"","context":"In &quot;Touren&quot;","block_context":{"text":"Touren","link":"https:\/\/willi-junker.de\/dachs\/?cat=3"},"img":{"alt_text":"","src":"","width":0,"height":0},"classes":[]},{"id":517,"url":"https:\/\/willi-junker.de\/dachs\/?p=517","url_meta":{"origin":2193,"position":4},"title":"05:15 &#8211; Aufstehen ; 06:15 &#8211; Abmarsch","author":"Willi","date":"03.09.2011","format":false,"excerpt":"Gehe in der beginnenden D\u00e4mmerung los. Wolkenstein schl\u00e4ft noch, die Mitreisenden auch. Kurz vor der Juac H\u00fctte \u00fcberhole ich tats\u00e4chlich noch zwei Fr\u00fchaufsteher. Um 07:30 Uhr sitze ich beim Fr\u00fchst\u00fcck auf der Regensburger H\u00fctte. Hier ist richtig was los. Die \u00dcbernachtungsg\u00e4ste sind scheinbar schon alle munter. Nach 30 Minuten gehts\u2026","rel":"","context":"In &quot;Touren&quot;","block_context":{"text":"Touren","link":"https:\/\/willi-junker.de\/dachs\/?cat=3"},"img":{"alt_text":"","src":"","width":0,"height":0},"classes":[]},{"id":827,"url":"https:\/\/willi-junker.de\/dachs\/?p=827","url_meta":{"origin":2193,"position":5},"title":"09:15 Uhr &#8211; Abmarsch in Waidring","author":"Willi","date":"23.06.2012","format":false,"excerpt":"Letzte Nacht hat es wieder gewittert und geregnet. Ich habe noch lange nach dem EM-Fu\u00dfballspiel mit den Gastwirten und zwei Einheimischen an der Theke gesessen. Um 08:00 Uhr gab es Fr\u00fchst\u00fcck und um 09:15 Uhr geht es los. Da die Berge sehr wolkenverhangen sind bleib ich heute im Tal. \u00dcber\u2026","rel":"","context":"In &quot;Touren&quot;","block_context":{"text":"Touren","link":"https:\/\/willi-junker.de\/dachs\/?cat=3"},"img":{"alt_text":"","src":"","width":0,"height":0},"classes":[]}],"_links":{"self":[{"href":"https:\/\/willi-junker.de\/dachs\/index.php?rest_route=\/wp\/v2\/posts\/2193","targetHints":{"allow":["GET"]}}],"collection":[{"href":"https:\/\/willi-junker.de\/dachs\/index.php?rest_route=\/wp\/v2\/posts"}],"about":[{"href":"https:\/\/willi-junker.de\/dachs\/index.php?rest_route=\/wp\/v2\/types\/post"}],"author":[{"embeddable":true,"href":"https:\/\/willi-junker.de\/dachs\/index.php?rest_route=\/wp\/v2\/users\/1"}],"replies":[{"embeddable":true,"href":"https:\/\/willi-junker.de\/dachs\/index.php?rest_route=%2Fwp%2Fv2%2Fcomments&post=2193"}],"version-history":[{"count":3,"href":"https:\/\/willi-junker.de\/dachs\/index.php?rest_route=\/wp\/v2\/posts\/2193\/revisions"}],"predecessor-version":[{"id":2255,"href":"https:\/\/willi-junker.de\/dachs\/index.php?rest_route=\/wp\/v2\/posts\/2193\/revisions\/2255"}],"wp:attachment":[{"href":"https:\/\/willi-junker.de\/dachs\/index.php?rest_route=%2Fwp%2Fv2%2Fmedia&parent=2193"}],"wp:term":[{"taxonomy":"category","embeddable":true,"href":"https:\/\/willi-junker.de\/dachs\/index.php?rest_route=%2Fwp%2Fv2%2Fcategories&post=2193"},{"taxonomy":"post_tag","embeddable":true,"href":"https:\/\/willi-junker.de\/dachs\/index.php?rest_route=%2Fwp%2Fv2%2Ftags&post=2193"}],"curies":[{"name":"wp","href":"https:\/\/api.w.org\/{rel}","templated":true}]}}