{"id":219,"date":"2011-04-03T13:00:39","date_gmt":"2011-04-03T11:00:39","guid":{"rendered":"http:\/\/willi-junker.de\/dachs\/?p=219"},"modified":"2011-04-04T00:11:07","modified_gmt":"2011-04-03T22:11:07","slug":"erste-radtour-in-2011","status":"publish","type":"post","link":"https:\/\/willi-junker.de\/dachs\/?p=219","title":{"rendered":"Erste Radtour in 2011"},"content":{"rendered":"<p>Heute unternehme ich die erste Radtour im Jahr 2011. Start ist um 09:15 Uhr.<\/p>\n<p>Am Aldegundismarkt vorbei und \u00fcber Damscheid geht es nach Oberwesel und St. Goar und zur\u00fcck \u00fcber Pfalzfeld und den Radweg.<\/p>\n<p>Gesamt, 56 km und gut 700 H\u00f6henmeter bei einer Fahrzeit von 4 Stunden und 2 Minuten.<\/p>\n<p><span class=\"post_sig\"><a rel=\"attachment wp-att-225\" href=\"https:\/\/willi-junker.de\/dachs\/?attachment_id=225\"><img data-recalc-dims=\"1\" loading=\"lazy\" decoding=\"async\" data-attachment-id=\"225\" data-permalink=\"https:\/\/willi-junker.de\/dachs\/?attachment_id=225\" data-orig-file=\"https:\/\/i0.wp.com\/willi-junker.de\/dachs\/wp-content\/uploads\/2011\/04\/P10102771.jpg?fit=800%2C450&amp;ssl=1\" data-orig-size=\"800,450\" data-comments-opened=\"1\" data-image-meta=\"{&quot;aperture&quot;:&quot;4.4&quot;,&quot;credit&quot;:&quot;&quot;,&quot;camera&quot;:&quot;DMC-TZ10&quot;,&quot;caption&quot;:&quot;&quot;,&quot;created_timestamp&quot;:&quot;1301823703&quot;,&quot;copyright&quot;:&quot;&quot;,&quot;focal_length&quot;:&quot;18.2&quot;,&quot;iso&quot;:&quot;80&quot;,&quot;shutter_speed&quot;:&quot;0.004&quot;,&quot;title&quot;:&quot;&quot;}\" data-image-title=\"Rhein bei Oberwesel\" data-image-description=\"\" data-image-caption=\"\" data-large-file=\"https:\/\/i0.wp.com\/willi-junker.de\/dachs\/wp-content\/uploads\/2011\/04\/P10102771.jpg?fit=500%2C281&amp;ssl=1\" class=\"alignleft size-full wp-image-225\" title=\"Rhein bei Oberwesel\" src=\"https:\/\/i0.wp.com\/willi-junker.de\/dachs\/wp-content\/uploads\/2011\/04\/P10102771.jpg?resize=640%2C360&#038;ssl=1\" alt=\"Rhein bei Oberwesel\" width=\"640\" height=\"360\" srcset=\"https:\/\/i0.wp.com\/willi-junker.de\/dachs\/wp-content\/uploads\/2011\/04\/P10102771.jpg?w=800&amp;ssl=1 800w, https:\/\/i0.wp.com\/willi-junker.de\/dachs\/wp-content\/uploads\/2011\/04\/P10102771.jpg?resize=300%2C168&amp;ssl=1 300w\" sizes=\"auto, (max-width: 640px) 100vw, 640px\" \/><\/a><a rel=\"attachment wp-att-231\" href=\"https:\/\/willi-junker.de\/dachs\/?attachment_id=231\"><img data-recalc-dims=\"1\" loading=\"lazy\" decoding=\"async\" data-attachment-id=\"231\" data-permalink=\"https:\/\/willi-junker.de\/dachs\/?attachment_id=231\" data-orig-file=\"https:\/\/i0.wp.com\/willi-junker.de\/dachs\/wp-content\/uploads\/2011\/04\/P10102782.jpg?fit=800%2C450&amp;ssl=1\" data-orig-size=\"800,450\" data-comments-opened=\"1\" data-image-meta=\"{&quot;aperture&quot;:&quot;4.7&quot;,&quot;credit&quot;:&quot;&quot;,&quot;camera&quot;:&quot;DMC-TZ10&quot;,&quot;caption&quot;:&quot;&quot;,&quot;created_timestamp&quot;:&quot;1301823713&quot;,&quot;copyright&quot;:&quot;&quot;,&quot;focal_length&quot;:&quot;42.6&quot;,&quot;iso&quot;:&quot;80&quot;,&quot;shutter_speed&quot;:&quot;0.003125&quot;,&quot;title&quot;:&quot;&quot;}\" data-image-title=\"Rhein bei Oberwesel\" data-image-description=\"\" data-image-caption=\"\" data-large-file=\"https:\/\/i0.wp.com\/willi-junker.de\/dachs\/wp-content\/uploads\/2011\/04\/P10102782.jpg?fit=500%2C281&amp;ssl=1\" class=\"alignleft size-full wp-image-231\" title=\"Rhein bei Oberwesel\" src=\"https:\/\/i0.wp.com\/willi-junker.de\/dachs\/wp-content\/uploads\/2011\/04\/P10102782.jpg?resize=640%2C360&#038;ssl=1\" alt=\"Rhein bei Oberwesel\" width=\"640\" height=\"360\" srcset=\"https:\/\/i0.wp.com\/willi-junker.de\/dachs\/wp-content\/uploads\/2011\/04\/P10102782.jpg?w=800&amp;ssl=1 800w, https:\/\/i0.wp.com\/willi-junker.de\/dachs\/wp-content\/uploads\/2011\/04\/P10102782.jpg?resize=300%2C168&amp;ssl=1 300w\" sizes=\"auto, (max-width: 640px) 100vw, 640px\" \/><\/a><a rel=\"attachment wp-att-229\" href=\"https:\/\/willi-junker.de\/dachs\/?attachment_id=229\"><img data-recalc-dims=\"1\" loading=\"lazy\" decoding=\"async\" data-attachment-id=\"229\" data-permalink=\"https:\/\/willi-junker.de\/dachs\/?attachment_id=229\" data-orig-file=\"https:\/\/i0.wp.com\/willi-junker.de\/dachs\/wp-content\/uploads\/2011\/04\/P10102861.jpg?fit=800%2C450&amp;ssl=1\" data-orig-size=\"800,450\" data-comments-opened=\"1\" data-image-meta=\"{&quot;aperture&quot;:&quot;4.9&quot;,&quot;credit&quot;:&quot;&quot;,&quot;camera&quot;:&quot;DMC-TZ10&quot;,&quot;caption&quot;:&quot;&quot;,&quot;created_timestamp&quot;:&quot;1301824130&quot;,&quot;copyright&quot;:&quot;&quot;,&quot;focal_length&quot;:&quot;49.2&quot;,&quot;iso&quot;:&quot;80&quot;,&quot;shutter_speed&quot;:&quot;0.004&quot;,&quot;title&quot;:&quot;&quot;}\" data-image-title=\"Buga-Werbung\" data-image-description=\"\" data-image-caption=\"\" data-large-file=\"https:\/\/i0.wp.com\/willi-junker.de\/dachs\/wp-content\/uploads\/2011\/04\/P10102861.jpg?fit=500%2C281&amp;ssl=1\" class=\"alignleft size-full wp-image-229\" title=\"Buga-Werbung\" src=\"https:\/\/i0.wp.com\/willi-junker.de\/dachs\/wp-content\/uploads\/2011\/04\/P10102861.jpg?resize=640%2C360&#038;ssl=1\" alt=\"Buga-Werbung\" width=\"640\" height=\"360\" srcset=\"https:\/\/i0.wp.com\/willi-junker.de\/dachs\/wp-content\/uploads\/2011\/04\/P10102861.jpg?w=800&amp;ssl=1 800w, https:\/\/i0.wp.com\/willi-junker.de\/dachs\/wp-content\/uploads\/2011\/04\/P10102861.jpg?resize=300%2C168&amp;ssl=1 300w\" sizes=\"auto, (max-width: 640px) 100vw, 640px\" \/><\/a><br \/>\n<\/span><\/p>\n","protected":false},"excerpt":{"rendered":"<p>Heute unternehme ich die erste Radtour im Jahr 2011. Start ist um 09:15 Uhr. Am Aldegundismarkt vorbei und \u00fcber Damscheid geht es nach Oberwesel und St. Goar und zur\u00fcck \u00fcber Pfalzfeld und den Radweg. Gesamt, 56 km und gut 700 &hellip; <a href=\"https:\/\/willi-junker.de\/dachs\/?p=219\">Weiterlesen <span class=\"meta-nav\">&rarr;<\/span><\/a><\/p>\n","protected":false},"author":1,"featured_media":0,"comment_status":"open","ping_status":"open","sticky":false,"template":"","format":"standard","meta":{"_crdt_document":"","jetpack_post_was_ever_published":false,"_jetpack_newsletter_access":"","_jetpack_dont_email_post_to_subs":false,"_jetpack_newsletter_tier_id":0,"_jetpack_memberships_contains_paywalled_content":false,"_jetpack_memberships_contains_paid_content":false,"footnotes":"","jetpack_publicize_message":"","jetpack_publicize_feature_enabled":true,"jetpack_social_post_already_shared":false,"jetpack_social_options":{"image_generator_settings":{"template":"highway","default_image_id":0,"font":"","enabled":false},"version":2}},"categories":[3],"tags":[],"class_list":["post-219","post","type-post","status-publish","format-standard","hentry","category-touren"],"jetpack_publicize_connections":[],"jetpack_featured_media_url":"","jetpack_sharing_enabled":true,"jetpack_shortlink":"https:\/\/wp.me\/p73o9s-3x","jetpack-related-posts":[{"id":2539,"url":"https:\/\/willi-junker.de\/dachs\/?p=2539","url_meta":{"origin":219,"position":0},"title":"08:00 Uhr &#8211; Start zur Erkundungstour &#8211; Radtour des Radteams 2015","author":"Willi","date":"26.07.2015","format":false,"excerpt":"Ich versuche heute die Route f\u00fcr unsere Radtour Anfang September zu erkunden. Bin von Laubach \u00fcber den Radweg nach Emmelshausen und weiter \u00fcber Halsenbach und Ney nach Windhausen. Ab hier ist die Stra\u00dfe nach Brodenbach wegen Bauarbeiten gesperrt. Hab dann auf die Eifelseite gewechselt und bin in Kobern-Gondorf hoch nach\u2026","rel":"","context":"In &quot;Touren&quot;","block_context":{"text":"Touren","link":"https:\/\/willi-junker.de\/dachs\/?cat=3"},"img":{"alt_text":"","src":"","width":0,"height":0},"classes":[]},{"id":68,"url":"https:\/\/willi-junker.de\/dachs\/?p=68","url_meta":{"origin":219,"position":1},"title":"Radtour um und auf den Idarkopf","author":"Willi","date":"24.10.2010","format":false,"excerpt":"Sonntag, 10.10.2010 Kurz vor 10.00 Uhr beginnt die Tour. \u00dcber Kirchberg, Woppenroth, Rhaunen, Hottenbach und Hellertshausen geht es hinauf auf den Kamm des Idarwaldes. Oben angekommen folge ich der Loipe hinauf zum Gipfel (An den zwei Steinen - 760m). Danach gehts hinab zur Stra\u00dfe von Stipshausen nach Hochscheid und dann\u2026","rel":"","context":"In &quot;Touren&quot;","block_context":{"text":"Touren","link":"https:\/\/willi-junker.de\/dachs\/?cat=3"},"img":{"alt_text":"","src":"https:\/\/i0.wp.com\/willi-junker.de\/dachs\/wp-content\/uploads\/2010\/10\/P07.jpg?resize=350%2C200","width":350,"height":200},"classes":[]},{"id":5626,"url":"https:\/\/willi-junker.de\/dachs\/?p=5626","url_meta":{"origin":219,"position":2},"title":"Etappe 1 &#8211; Radtour nach Bad Mingolsheim","author":"Willi","date":"17.04.2024","format":false,"excerpt":"Heute Morgen beginnt meine k\u00fchle Radtour nach Bad Mingolsheim. Ich habe extra noch eine Stunde l\u00e4nger gewartet bis zum Losfahren, aber die Temperatur liegt noch immer bei drei Grad. Die Sonne blinzelt durch die Wolken. Also packe ich mein Fahrrad und los geht es. Die Route ist mir bekannt. 2019\u2026","rel":"","context":"In &quot;Touren&quot;","block_context":{"text":"Touren","link":"https:\/\/willi-junker.de\/dachs\/?cat=3"},"img":{"alt_text":"","src":"https:\/\/i0.wp.com\/willi-junker.de\/dachs\/wp-content\/uploads\/2024\/04\/img_20240417_092532_hdr2396000828602827369.jpg?resize=350%2C200&ssl=1","width":350,"height":200,"srcset":"https:\/\/i0.wp.com\/willi-junker.de\/dachs\/wp-content\/uploads\/2024\/04\/img_20240417_092532_hdr2396000828602827369.jpg?resize=350%2C200&ssl=1 1x, https:\/\/i0.wp.com\/willi-junker.de\/dachs\/wp-content\/uploads\/2024\/04\/img_20240417_092532_hdr2396000828602827369.jpg?resize=525%2C300&ssl=1 1.5x, https:\/\/i0.wp.com\/willi-junker.de\/dachs\/wp-content\/uploads\/2024\/04\/img_20240417_092532_hdr2396000828602827369.jpg?resize=700%2C400&ssl=1 2x, https:\/\/i0.wp.com\/willi-junker.de\/dachs\/wp-content\/uploads\/2024\/04\/img_20240417_092532_hdr2396000828602827369.jpg?resize=1050%2C600&ssl=1 3x, https:\/\/i0.wp.com\/willi-junker.de\/dachs\/wp-content\/uploads\/2024\/04\/img_20240417_092532_hdr2396000828602827369.jpg?resize=1400%2C800&ssl=1 4x"},"classes":[]},{"id":5242,"url":"https:\/\/willi-junker.de\/dachs\/?p=5242","url_meta":{"origin":219,"position":3},"title":"Radtour nach Bad Sch\u00f6nborn \/ Tag 3","author":"Willi Junker","date":"20.07.2019","format":false,"excerpt":"Heute habe ich nicht ganz so viel Zeit f\u00fcr eine ausf\u00fchrliche Radtour, da f\u00fcr den Nachmittag noch ein weiterer Programmpunkt angepeilt wird. Daher starte ich schon gegen 09:30 Uhr in Richtung Graben-Neudorf. Hierher m\u00f6chte ich den Weg ein wenig erkunden, da ich am Sonntagnachmittag von hier nach Hause fahren m\u00f6chte.\u2026","rel":"","context":"In &quot;Touren&quot;","block_context":{"text":"Touren","link":"https:\/\/willi-junker.de\/dachs\/?cat=3"},"img":{"alt_text":"","src":"https:\/\/i0.wp.com\/willi-junker.de\/dachs\/wp-content\/uploads\/2019\/07\/20190720_105258850339699.jpg?resize=350%2C200&ssl=1","width":350,"height":200,"srcset":"https:\/\/i0.wp.com\/willi-junker.de\/dachs\/wp-content\/uploads\/2019\/07\/20190720_105258850339699.jpg?resize=350%2C200&ssl=1 1x, https:\/\/i0.wp.com\/willi-junker.de\/dachs\/wp-content\/uploads\/2019\/07\/20190720_105258850339699.jpg?resize=525%2C300&ssl=1 1.5x, https:\/\/i0.wp.com\/willi-junker.de\/dachs\/wp-content\/uploads\/2019\/07\/20190720_105258850339699.jpg?resize=700%2C400&ssl=1 2x, https:\/\/i0.wp.com\/willi-junker.de\/dachs\/wp-content\/uploads\/2019\/07\/20190720_105258850339699.jpg?resize=1050%2C600&ssl=1 3x, https:\/\/i0.wp.com\/willi-junker.de\/dachs\/wp-content\/uploads\/2019\/07\/20190720_105258850339699.jpg?resize=1400%2C800&ssl=1 4x"},"classes":[]},{"id":4483,"url":"https:\/\/willi-junker.de\/dachs\/?p=4483","url_meta":{"origin":219,"position":4},"title":"Tag 1 &#8211; Radtour zum Laubachtreffen 2018 im Elsass","author":"Willi","date":"25.06.2018","format":false,"excerpt":"In diesem Jahr radeln wir ins Elsass. Bei leichtem Nieselregen starten wir (5 Radler) am Montag, 25.06.2018 um acht Uhr am Gemeindehaus in Laubach. Zuerst geht es quer \u00fcber den Hunsr\u00fcck bis nach Senheim und ab hier folgen wir der Mosel aufw\u00e4rts. In Ediger gibt es Fr\u00fchst\u00fcck. Wir folgen den\u2026","rel":"","context":"In &quot;Touren&quot;","block_context":{"text":"Touren","link":"https:\/\/willi-junker.de\/dachs\/?cat=3"},"img":{"alt_text":"","src":"","width":0,"height":0},"classes":[]},{"id":2555,"url":"https:\/\/willi-junker.de\/dachs\/?p=2555","url_meta":{"origin":219,"position":5},"title":"Die Wanderung beginnt","author":"Willi","date":"18.08.2015","format":false,"excerpt":"Es ist Punkt 16:00 Uhr, als ich auf dem Bahnsteig in Lindau stehe. Vor vielen Jahren habe ich mal eine Radtour hier beendet und 1991 habe ich knapp oberhalb von Lindau meine Radtour nach Nizza begonnen. Nur so ganz ohne Fahrzeug habe ich bisher hier noch nie rumgestanden. Nach ein\u2026","rel":"","context":"In &quot;Touren&quot;","block_context":{"text":"Touren","link":"https:\/\/willi-junker.de\/dachs\/?cat=3"},"img":{"alt_text":"","src":"","width":0,"height":0},"classes":[]}],"_links":{"self":[{"href":"https:\/\/willi-junker.de\/dachs\/index.php?rest_route=\/wp\/v2\/posts\/219","targetHints":{"allow":["GET"]}}],"collection":[{"href":"https:\/\/willi-junker.de\/dachs\/index.php?rest_route=\/wp\/v2\/posts"}],"about":[{"href":"https:\/\/willi-junker.de\/dachs\/index.php?rest_route=\/wp\/v2\/types\/post"}],"author":[{"embeddable":true,"href":"https:\/\/willi-junker.de\/dachs\/index.php?rest_route=\/wp\/v2\/users\/1"}],"replies":[{"embeddable":true,"href":"https:\/\/willi-junker.de\/dachs\/index.php?rest_route=%2Fwp%2Fv2%2Fcomments&post=219"}],"version-history":[{"count":11,"href":"https:\/\/willi-junker.de\/dachs\/index.php?rest_route=\/wp\/v2\/posts\/219\/revisions"}],"predecessor-version":[{"id":240,"href":"https:\/\/willi-junker.de\/dachs\/index.php?rest_route=\/wp\/v2\/posts\/219\/revisions\/240"}],"wp:attachment":[{"href":"https:\/\/willi-junker.de\/dachs\/index.php?rest_route=%2Fwp%2Fv2%2Fmedia&parent=219"}],"wp:term":[{"taxonomy":"category","embeddable":true,"href":"https:\/\/willi-junker.de\/dachs\/index.php?rest_route=%2Fwp%2Fv2%2Fcategories&post=219"},{"taxonomy":"post_tag","embeddable":true,"href":"https:\/\/willi-junker.de\/dachs\/index.php?rest_route=%2Fwp%2Fv2%2Ftags&post=219"}],"curies":[{"name":"wp","href":"https:\/\/api.w.org\/{rel}","templated":true}]}}