{"id":2187,"date":"2015-06-14T04:35:09","date_gmt":"2015-06-14T02:35:09","guid":{"rendered":"http:\/\/willi-junker.de\/dachs\/?p=2187"},"modified":"2015-06-15T22:04:32","modified_gmt":"2015-06-15T20:04:32","slug":"041530-uhr-schneppenbach","status":"publish","type":"post","link":"https:\/\/willi-junker.de\/dachs\/?p=2187","title":{"rendered":"04:15 Uhr &#8211; Schneppenbach &#8211; Der L\u00fctzelsoon erwartet uns"},"content":{"rendered":"<p>Jetzt nur noch durch den L\u00fctzelsoon, dann ist das Ziel in unmittelbarer N\u00e4he.<br \/>\nDie Nacht war schneller vorbei als erwartet und am Nordosthimmel wird es schon deutlich heller.<\/p>\n<div id=\"attachment_2241\" style=\"width: 510px\" class=\"wp-caption aligncenter\"><a href=\"https:\/\/i0.wp.com\/willi-junker.de\/dachs\/wp-content\/uploads\/2015\/06\/2015_24h_rlp_148.jpg?ssl=1\"><img data-recalc-dims=\"1\" loading=\"lazy\" decoding=\"async\" aria-describedby=\"caption-attachment-2241\" data-attachment-id=\"2241\" data-permalink=\"https:\/\/willi-junker.de\/dachs\/?attachment_id=2241\" data-orig-file=\"https:\/\/i0.wp.com\/willi-junker.de\/dachs\/wp-content\/uploads\/2015\/06\/2015_24h_rlp_148.jpg?fit=1600%2C899&amp;ssl=1\" data-orig-size=\"1600,899\" data-comments-opened=\"1\" data-image-meta=\"{&quot;aperture&quot;:&quot;3.3&quot;,&quot;credit&quot;:&quot;&quot;,&quot;camera&quot;:&quot;DMC-TZ61&quot;,&quot;caption&quot;:&quot;&quot;,&quot;created_timestamp&quot;:&quot;1434258188&quot;,&quot;copyright&quot;:&quot;&quot;,&quot;focal_length&quot;:&quot;4.3&quot;,&quot;iso&quot;:&quot;400&quot;,&quot;shutter_speed&quot;:&quot;0.066666666666667&quot;,&quot;title&quot;:&quot;&quot;,&quot;orientation&quot;:&quot;1&quot;}\" data-image-title=\"2015_24h_rlp_148\" data-image-description=\"\" data-image-caption=\"&lt;p&gt;Blick zur\u00fcck in Hahnenbachtal und auf Schneppenbach&lt;\/p&gt;\n\" data-large-file=\"https:\/\/i0.wp.com\/willi-junker.de\/dachs\/wp-content\/uploads\/2015\/06\/2015_24h_rlp_148.jpg?fit=500%2C281&amp;ssl=1\" class=\"wp-image-2241 size-large\" src=\"https:\/\/i0.wp.com\/willi-junker.de\/dachs\/wp-content\/uploads\/2015\/06\/2015_24h_rlp_148.jpg?resize=500%2C281&#038;ssl=1\" alt=\"2015_24h_rlp_148\" width=\"500\" height=\"281\" srcset=\"https:\/\/i0.wp.com\/willi-junker.de\/dachs\/wp-content\/uploads\/2015\/06\/2015_24h_rlp_148.jpg?resize=500%2C281&amp;ssl=1 500w, https:\/\/i0.wp.com\/willi-junker.de\/dachs\/wp-content\/uploads\/2015\/06\/2015_24h_rlp_148.jpg?resize=300%2C169&amp;ssl=1 300w, https:\/\/i0.wp.com\/willi-junker.de\/dachs\/wp-content\/uploads\/2015\/06\/2015_24h_rlp_148.jpg?w=1600&amp;ssl=1 1600w, https:\/\/i0.wp.com\/willi-junker.de\/dachs\/wp-content\/uploads\/2015\/06\/2015_24h_rlp_148.jpg?w=1280&amp;ssl=1 1280w\" sizes=\"auto, (max-width: 500px) 100vw, 500px\" \/><\/a><p id=\"caption-attachment-2241\" class=\"wp-caption-text\">Blick zur\u00fcck in Hahnenbachtal und auf Schneppenbach<\/p><\/div>\n<div id=\"attachment_2242\" style=\"width: 510px\" class=\"wp-caption aligncenter\"><a href=\"https:\/\/i0.wp.com\/willi-junker.de\/dachs\/wp-content\/uploads\/2015\/06\/2015_24h_rlp_149.jpg?ssl=1\"><img data-recalc-dims=\"1\" loading=\"lazy\" decoding=\"async\" aria-describedby=\"caption-attachment-2242\" data-attachment-id=\"2242\" data-permalink=\"https:\/\/willi-junker.de\/dachs\/?attachment_id=2242\" data-orig-file=\"https:\/\/i0.wp.com\/willi-junker.de\/dachs\/wp-content\/uploads\/2015\/06\/2015_24h_rlp_149.jpg?fit=1600%2C899&amp;ssl=1\" data-orig-size=\"1600,899\" data-comments-opened=\"1\" data-image-meta=\"{&quot;aperture&quot;:&quot;5.1&quot;,&quot;credit&quot;:&quot;&quot;,&quot;camera&quot;:&quot;DMC-TZ61&quot;,&quot;caption&quot;:&quot;&quot;,&quot;created_timestamp&quot;:&quot;1434258198&quot;,&quot;copyright&quot;:&quot;&quot;,&quot;focal_length&quot;:&quot;19&quot;,&quot;iso&quot;:&quot;2000&quot;,&quot;shutter_speed&quot;:&quot;0.066666666666667&quot;,&quot;title&quot;:&quot;&quot;,&quot;orientation&quot;:&quot;1&quot;}\" data-image-title=\"2015_24h_rlp_149\" data-image-description=\"\" data-image-caption=\"\" data-large-file=\"https:\/\/i0.wp.com\/willi-junker.de\/dachs\/wp-content\/uploads\/2015\/06\/2015_24h_rlp_149.jpg?fit=500%2C281&amp;ssl=1\" class=\"wp-image-2242 size-large\" src=\"https:\/\/i0.wp.com\/willi-junker.de\/dachs\/wp-content\/uploads\/2015\/06\/2015_24h_rlp_149.jpg?resize=500%2C281&#038;ssl=1\" alt=\"2015_24h_rlp_149\" width=\"500\" height=\"281\" srcset=\"https:\/\/i0.wp.com\/willi-junker.de\/dachs\/wp-content\/uploads\/2015\/06\/2015_24h_rlp_149.jpg?resize=500%2C281&amp;ssl=1 500w, https:\/\/i0.wp.com\/willi-junker.de\/dachs\/wp-content\/uploads\/2015\/06\/2015_24h_rlp_149.jpg?resize=300%2C169&amp;ssl=1 300w, https:\/\/i0.wp.com\/willi-junker.de\/dachs\/wp-content\/uploads\/2015\/06\/2015_24h_rlp_149.jpg?w=1600&amp;ssl=1 1600w, https:\/\/i0.wp.com\/willi-junker.de\/dachs\/wp-content\/uploads\/2015\/06\/2015_24h_rlp_149.jpg?w=1280&amp;ssl=1 1280w\" sizes=\"auto, (max-width: 500px) 100vw, 500px\" \/><\/a><p id=\"caption-attachment-2242\" class=\"wp-caption-text\">Schneppenbach<\/p><\/div>\n<div id=\"attachment_2243\" style=\"width: 510px\" class=\"wp-caption aligncenter\"><a href=\"https:\/\/i0.wp.com\/willi-junker.de\/dachs\/wp-content\/uploads\/2015\/06\/2015_24h_rlp_151.jpg?ssl=1\"><img data-recalc-dims=\"1\" loading=\"lazy\" decoding=\"async\" aria-describedby=\"caption-attachment-2243\" data-attachment-id=\"2243\" data-permalink=\"https:\/\/willi-junker.de\/dachs\/?attachment_id=2243\" data-orig-file=\"https:\/\/i0.wp.com\/willi-junker.de\/dachs\/wp-content\/uploads\/2015\/06\/2015_24h_rlp_151.jpg?fit=1600%2C899&amp;ssl=1\" data-orig-size=\"1600,899\" data-comments-opened=\"1\" data-image-meta=\"{&quot;aperture&quot;:&quot;3.6&quot;,&quot;credit&quot;:&quot;&quot;,&quot;camera&quot;:&quot;DMC-TZ61&quot;,&quot;caption&quot;:&quot;&quot;,&quot;created_timestamp&quot;:&quot;1434259335&quot;,&quot;copyright&quot;:&quot;&quot;,&quot;focal_length&quot;:&quot;5.8&quot;,&quot;iso&quot;:&quot;400&quot;,&quot;shutter_speed&quot;:&quot;0.025&quot;,&quot;title&quot;:&quot;&quot;,&quot;orientation&quot;:&quot;1&quot;}\" data-image-title=\"2015_24h_rlp_151\" data-image-description=\"\" data-image-caption=\"\" data-large-file=\"https:\/\/i0.wp.com\/willi-junker.de\/dachs\/wp-content\/uploads\/2015\/06\/2015_24h_rlp_151.jpg?fit=500%2C281&amp;ssl=1\" class=\"wp-image-2243 size-large\" src=\"https:\/\/i0.wp.com\/willi-junker.de\/dachs\/wp-content\/uploads\/2015\/06\/2015_24h_rlp_151.jpg?resize=500%2C281&#038;ssl=1\" alt=\"2015_24h_rlp_151\" width=\"500\" height=\"281\" srcset=\"https:\/\/i0.wp.com\/willi-junker.de\/dachs\/wp-content\/uploads\/2015\/06\/2015_24h_rlp_151.jpg?resize=500%2C281&amp;ssl=1 500w, https:\/\/i0.wp.com\/willi-junker.de\/dachs\/wp-content\/uploads\/2015\/06\/2015_24h_rlp_151.jpg?resize=300%2C169&amp;ssl=1 300w, https:\/\/i0.wp.com\/willi-junker.de\/dachs\/wp-content\/uploads\/2015\/06\/2015_24h_rlp_151.jpg?w=1600&amp;ssl=1 1600w, https:\/\/i0.wp.com\/willi-junker.de\/dachs\/wp-content\/uploads\/2015\/06\/2015_24h_rlp_151.jpg?w=1280&amp;ssl=1 1280w\" sizes=\"auto, (max-width: 500px) 100vw, 500px\" \/><\/a><p id=\"caption-attachment-2243\" class=\"wp-caption-text\">Ein erster Blick auf Hennweiler. Das Ziel naht.<\/p><\/div>\n<p>&nbsp;<\/p>\n","protected":false},"excerpt":{"rendered":"<p>Jetzt nur noch durch den L\u00fctzelsoon, dann ist das Ziel in unmittelbarer N\u00e4he. Die Nacht war schneller vorbei als erwartet und am Nordosthimmel wird es schon deutlich heller. &nbsp;<\/p>\n","protected":false},"author":1,"featured_media":0,"comment_status":"open","ping_status":"open","sticky":false,"template":"","format":"standard","meta":{"_crdt_document":"","jetpack_post_was_ever_published":false,"_jetpack_newsletter_access":"","_jetpack_dont_email_post_to_subs":false,"_jetpack_newsletter_tier_id":0,"_jetpack_memberships_contains_paywalled_content":false,"_jetpack_memberships_contains_paid_content":false,"footnotes":"","jetpack_publicize_message":"","jetpack_publicize_feature_enabled":true,"jetpack_social_post_already_shared":false,"jetpack_social_options":{"image_generator_settings":{"template":"highway","default_image_id":0,"font":"","enabled":false},"version":2}},"categories":[3],"tags":[],"class_list":["post-2187","post","type-post","status-publish","format-standard","hentry","category-touren"],"jetpack_publicize_connections":[],"jetpack_featured_media_url":"","jetpack_sharing_enabled":true,"jetpack_shortlink":"https:\/\/wp.me\/p73o9s-zh","jetpack-related-posts":[{"id":2183,"url":"https:\/\/willi-junker.de\/dachs\/?p=2183","url_meta":{"origin":2187,"position":0},"title":"01:00 Uhr &#8211; Wir sind in der Dunkelheit unterwegs","author":"Willi","date":"14.06.2015","format":false,"excerpt":"Wir sind wieder unterwegs. Habe bis 0:30 Uhr im Auto geschlafen. Um 0:45 Uhr sind wir abmarschbereit und verschwinden so ziemlich als letzte vom Wandermarktplatz. Die ersten Wanderer sind schon gegen 23:00 Uhr losmarschiert, die gef\u00fchrte Gruppe um 0:00 Uhr und wir gut 45 Minuten sp\u00e4ter. So sollten wir ziemlich\u2026","rel":"","context":"In &quot;Touren&quot;","block_context":{"text":"Touren","link":"https:\/\/willi-junker.de\/dachs\/?cat=3"},"img":{"alt_text":"1. Pause in Woppenroth","src":"https:\/\/i0.wp.com\/willi-junker.de\/dachs\/wp-content\/uploads\/2015\/06\/2015_24h_rlp_140-500x299.jpg?resize=350%2C200","width":350,"height":200},"classes":[]},{"id":1594,"url":"https:\/\/willi-junker.de\/dachs\/?p=1594","url_meta":{"origin":2187,"position":1},"title":"Vortour zum Radfahrwochenende des Radteams","author":"Willi","date":"06.07.2014","format":false,"excerpt":"Bin nach gut 1,5 Stunden in Schneppenbach. Hab jetzt 30 km.","rel":"","context":"In &quot;Touren&quot;","block_context":{"text":"Touren","link":"https:\/\/willi-junker.de\/dachs\/?cat=3"},"img":{"alt_text":"","src":"","width":0,"height":0},"classes":[]},{"id":1597,"url":"https:\/\/willi-junker.de\/dachs\/?p=1597","url_meta":{"origin":2187,"position":2},"title":"Gem\u00fcnden &#8211; 15:45 Uhr","author":"Willi","date":"06.07.2014","format":false,"excerpt":"Bin von Schneppenbach \u00fcber Bruschied, Hennweiler und Oberhausen nach Kirn. Dann\u00a0 entlang der Nahe bis nach Monzingen (55 km). Dann \u00fcber kleine Str\u00e4\u00dfchen hinauf in den Soonwald. Auf H\u00f6he der Trifth\u00fctte erwischt mich ein kurzer Schauer. Es k\u00fchlt dabei von 29 auf 23 Grad ab. Die Saunabedingungen bleiben trotzdem. Weiter\u2026","rel":"","context":"In &quot;Touren&quot;","block_context":{"text":"Touren","link":"https:\/\/willi-junker.de\/dachs\/?cat=3"},"img":{"alt_text":"","src":"","width":0,"height":0},"classes":[]},{"id":242,"url":"https:\/\/willi-junker.de\/dachs\/?p=242","url_meta":{"origin":2187,"position":3},"title":"Radtour Oberstein &#8211; 12.06.2011","author":"Willi","date":"12.06.2011","format":false,"excerpt":"Heute Morgen ist es schweinekalt, nur 4 Grad. Daher starte ich erst gegen 08:15 Uhr mit meiner Tour nach Oberstein. \u00dcber Alterk\u00fclz, W\u00fcschheim und das Faas geht es nach Kostenz und von dort \u00fcber Niedersohren, Laufersweiler und Rhaunen nach Hottenbach. Dort mache ich eine kurze Pause und genie\u00dfe die Aussicht.\u2026","rel":"","context":"In &quot;Touren&quot;","block_context":{"text":"Touren","link":"https:\/\/willi-junker.de\/dachs\/?cat=3"},"img":{"alt_text":"Hottenbach - Blick zum Idarkopf","src":"https:\/\/i0.wp.com\/willi-junker.de\/dachs\/wp-content\/uploads\/2011\/06\/901.jpg?resize=350%2C200","width":350,"height":200,"srcset":"https:\/\/i0.wp.com\/willi-junker.de\/dachs\/wp-content\/uploads\/2011\/06\/901.jpg?resize=350%2C200 1x, https:\/\/i0.wp.com\/willi-junker.de\/dachs\/wp-content\/uploads\/2011\/06\/901.jpg?resize=525%2C300 1.5x, https:\/\/i0.wp.com\/willi-junker.de\/dachs\/wp-content\/uploads\/2011\/06\/901.jpg?resize=700%2C400 2x, https:\/\/i0.wp.com\/willi-junker.de\/dachs\/wp-content\/uploads\/2011\/06\/901.jpg?resize=1050%2C600 3x, https:\/\/i0.wp.com\/willi-junker.de\/dachs\/wp-content\/uploads\/2011\/06\/901.jpg?resize=1400%2C800 4x"},"classes":[]},{"id":2469,"url":"https:\/\/willi-junker.de\/dachs\/?p=2469","url_meta":{"origin":2187,"position":4},"title":"Werra &#8211; Ulster &#8211; Fulda alles Vergangenheit","author":"Willi","date":"29.06.2015","format":false,"excerpt":"Seit 19:30 Uhr bin ich in Neuhof, 15 km s\u00fcdlich von Fulda. 147 km sind dann heute wieder zusammen gekommen. Es lief heute prima. Der Werratalweg ist ein Gedicht. Sehr abwechslungsreich. In Herleshausen musste ich dann mal nachtanken. Ganz sch\u00f6n warm heute. Dann gehts wieder zur\u00fcck nach Th\u00fcringen. Die Landesgrenzen\u2026","rel":"","context":"In &quot;Touren&quot;","block_context":{"text":"Touren","link":"https:\/\/willi-junker.de\/dachs\/?cat=3"},"img":{"alt_text":"","src":"","width":0,"height":0},"classes":[]},{"id":1507,"url":"https:\/\/willi-junker.de\/dachs\/?p=1507","url_meta":{"origin":2187,"position":5},"title":"16:15 Uhr &#8211; 50,5 km &#8211; Ebschied","author":"Willi","date":"08.06.2014","format":false,"excerpt":"Nach langer Durststrecke sitze ich bei Hans in Ebschied. Noch gut 2 km und die Badewanne erwartet mich.","rel":"","context":"In &quot;Touren&quot;","block_context":{"text":"Touren","link":"https:\/\/willi-junker.de\/dachs\/?cat=3"},"img":{"alt_text":"","src":"","width":0,"height":0},"classes":[]}],"_links":{"self":[{"href":"https:\/\/willi-junker.de\/dachs\/index.php?rest_route=\/wp\/v2\/posts\/2187","targetHints":{"allow":["GET"]}}],"collection":[{"href":"https:\/\/willi-junker.de\/dachs\/index.php?rest_route=\/wp\/v2\/posts"}],"about":[{"href":"https:\/\/willi-junker.de\/dachs\/index.php?rest_route=\/wp\/v2\/types\/post"}],"author":[{"embeddable":true,"href":"https:\/\/willi-junker.de\/dachs\/index.php?rest_route=\/wp\/v2\/users\/1"}],"replies":[{"embeddable":true,"href":"https:\/\/willi-junker.de\/dachs\/index.php?rest_route=%2Fwp%2Fv2%2Fcomments&post=2187"}],"version-history":[{"count":5,"href":"https:\/\/willi-junker.de\/dachs\/index.php?rest_route=\/wp\/v2\/posts\/2187\/revisions"}],"predecessor-version":[{"id":2265,"href":"https:\/\/willi-junker.de\/dachs\/index.php?rest_route=\/wp\/v2\/posts\/2187\/revisions\/2265"}],"wp:attachment":[{"href":"https:\/\/willi-junker.de\/dachs\/index.php?rest_route=%2Fwp%2Fv2%2Fmedia&parent=2187"}],"wp:term":[{"taxonomy":"category","embeddable":true,"href":"https:\/\/willi-junker.de\/dachs\/index.php?rest_route=%2Fwp%2Fv2%2Fcategories&post=2187"},{"taxonomy":"post_tag","embeddable":true,"href":"https:\/\/willi-junker.de\/dachs\/index.php?rest_route=%2Fwp%2Fv2%2Ftags&post=2187"}],"curies":[{"name":"wp","href":"https:\/\/api.w.org\/{rel}","templated":true}]}}