{"id":2183,"date":"2015-06-14T02:56:46","date_gmt":"2015-06-14T00:56:46","guid":{"rendered":"http:\/\/willi-junker.de\/dachs\/?p=2183"},"modified":"2015-06-15T22:06:34","modified_gmt":"2015-06-15T20:06:34","slug":"0100-uhr","status":"publish","type":"post","link":"https:\/\/willi-junker.de\/dachs\/?p=2183","title":{"rendered":"01:00 Uhr &#8211; Wir sind in der Dunkelheit unterwegs"},"content":{"rendered":"<p>Wir sind wieder unterwegs. Habe bis 0:30 Uhr im Auto geschlafen. Um 0:45 Uhr sind wir abmarschbereit und verschwinden so ziemlich als letzte vom Wandermarktplatz. Die ersten Wanderer sind schon gegen 23:00 Uhr losmarschiert, die gef\u00fchrte Gruppe um 0:00 Uhr und wir gut 45 Minuten sp\u00e4ter. So sollten wir ziemlich genau um 6:00 Uhr zur\u00fcck sein und k\u00f6nnen direkt zum Fr\u00fchst\u00fcck \u00fcbergehen, so zumindest der Plan.<\/p>\n<div id=\"attachment_2235\" style=\"width: 510px\" class=\"wp-caption aligncenter\"><a href=\"https:\/\/i0.wp.com\/willi-junker.de\/dachs\/wp-content\/uploads\/2015\/06\/2015_24h_rlp_140.jpg?ssl=1\"><img data-recalc-dims=\"1\" loading=\"lazy\" decoding=\"async\" aria-describedby=\"caption-attachment-2235\" data-attachment-id=\"2235\" data-permalink=\"https:\/\/willi-junker.de\/dachs\/?attachment_id=2235\" data-orig-file=\"https:\/\/i0.wp.com\/willi-junker.de\/dachs\/wp-content\/uploads\/2015\/06\/2015_24h_rlp_140.jpg?fit=1600%2C958&amp;ssl=1\" data-orig-size=\"1600,958\" data-comments-opened=\"1\" data-image-meta=\"{&quot;aperture&quot;:&quot;0&quot;,&quot;credit&quot;:&quot;&quot;,&quot;camera&quot;:&quot;HTC Desire&quot;,&quot;caption&quot;:&quot;&quot;,&quot;created_timestamp&quot;:&quot;1434250595&quot;,&quot;copyright&quot;:&quot;&quot;,&quot;focal_length&quot;:&quot;4.31&quot;,&quot;iso&quot;:&quot;455&quot;,&quot;shutter_speed&quot;:&quot;0&quot;,&quot;title&quot;:&quot;&quot;,&quot;orientation&quot;:&quot;1&quot;}\" data-image-title=\"2015_24h_rlp_140\" data-image-description=\"\" data-image-caption=\"&lt;p&gt;1. Pause in Woppenroth&lt;\/p&gt;\n\" data-large-file=\"https:\/\/i0.wp.com\/willi-junker.de\/dachs\/wp-content\/uploads\/2015\/06\/2015_24h_rlp_140.jpg?fit=500%2C299&amp;ssl=1\" class=\"size-large wp-image-2235\" src=\"https:\/\/i0.wp.com\/willi-junker.de\/dachs\/wp-content\/uploads\/2015\/06\/2015_24h_rlp_140.jpg?resize=500%2C299&#038;ssl=1\" alt=\"1. Pause in Woppenroth\" width=\"500\" height=\"299\" srcset=\"https:\/\/i0.wp.com\/willi-junker.de\/dachs\/wp-content\/uploads\/2015\/06\/2015_24h_rlp_140.jpg?resize=500%2C299&amp;ssl=1 500w, https:\/\/i0.wp.com\/willi-junker.de\/dachs\/wp-content\/uploads\/2015\/06\/2015_24h_rlp_140.jpg?resize=300%2C180&amp;ssl=1 300w, https:\/\/i0.wp.com\/willi-junker.de\/dachs\/wp-content\/uploads\/2015\/06\/2015_24h_rlp_140.jpg?w=1600&amp;ssl=1 1600w, https:\/\/i0.wp.com\/willi-junker.de\/dachs\/wp-content\/uploads\/2015\/06\/2015_24h_rlp_140.jpg?w=1280&amp;ssl=1 1280w\" sizes=\"auto, (max-width: 500px) 100vw, 500px\" \/><\/a><p id=\"caption-attachment-2235\" class=\"wp-caption-text\">1. Pause in Woppenroth<\/p><\/div>\n<div id=\"attachment_2238\" style=\"width: 510px\" class=\"wp-caption aligncenter\"><a href=\"https:\/\/i0.wp.com\/willi-junker.de\/dachs\/wp-content\/uploads\/2015\/06\/2015_24h_rlp_146.jpg?ssl=1\"><img data-recalc-dims=\"1\" loading=\"lazy\" decoding=\"async\" aria-describedby=\"caption-attachment-2238\" data-attachment-id=\"2238\" data-permalink=\"https:\/\/willi-junker.de\/dachs\/?attachment_id=2238\" data-orig-file=\"https:\/\/i0.wp.com\/willi-junker.de\/dachs\/wp-content\/uploads\/2015\/06\/2015_24h_rlp_146.jpg?fit=1600%2C958&amp;ssl=1\" data-orig-size=\"1600,958\" data-comments-opened=\"1\" data-image-meta=\"{&quot;aperture&quot;:&quot;0&quot;,&quot;credit&quot;:&quot;&quot;,&quot;camera&quot;:&quot;HTC Desire&quot;,&quot;caption&quot;:&quot;&quot;,&quot;created_timestamp&quot;:&quot;1434255884&quot;,&quot;copyright&quot;:&quot;&quot;,&quot;focal_length&quot;:&quot;4.31&quot;,&quot;iso&quot;:&quot;339&quot;,&quot;shutter_speed&quot;:&quot;0&quot;,&quot;title&quot;:&quot;&quot;,&quot;orientation&quot;:&quot;1&quot;}\" data-image-title=\"2015_24h_rlp_146\" data-image-description=\"\" data-image-caption=\"&lt;p&gt;Pause in Schneppenbach&lt;\/p&gt;\n\" data-large-file=\"https:\/\/i0.wp.com\/willi-junker.de\/dachs\/wp-content\/uploads\/2015\/06\/2015_24h_rlp_146.jpg?fit=500%2C299&amp;ssl=1\" class=\"wp-image-2238 size-large\" src=\"https:\/\/i0.wp.com\/willi-junker.de\/dachs\/wp-content\/uploads\/2015\/06\/2015_24h_rlp_146.jpg?resize=500%2C299&#038;ssl=1\" alt=\"Pause in Schneppenbach\" width=\"500\" height=\"299\" srcset=\"https:\/\/i0.wp.com\/willi-junker.de\/dachs\/wp-content\/uploads\/2015\/06\/2015_24h_rlp_146.jpg?resize=500%2C299&amp;ssl=1 500w, https:\/\/i0.wp.com\/willi-junker.de\/dachs\/wp-content\/uploads\/2015\/06\/2015_24h_rlp_146.jpg?resize=300%2C180&amp;ssl=1 300w, https:\/\/i0.wp.com\/willi-junker.de\/dachs\/wp-content\/uploads\/2015\/06\/2015_24h_rlp_146.jpg?w=1600&amp;ssl=1 1600w, https:\/\/i0.wp.com\/willi-junker.de\/dachs\/wp-content\/uploads\/2015\/06\/2015_24h_rlp_146.jpg?w=1280&amp;ssl=1 1280w\" sizes=\"auto, (max-width: 500px) 100vw, 500px\" \/><\/a><p id=\"caption-attachment-2238\" class=\"wp-caption-text\">2. Pause in Schneppenbach<\/p><\/div>\n<div id=\"attachment_2237\" style=\"width: 510px\" class=\"wp-caption aligncenter\"><a href=\"https:\/\/i0.wp.com\/willi-junker.de\/dachs\/wp-content\/uploads\/2015\/06\/2015_24h_rlp_144.jpg?ssl=1\"><img data-recalc-dims=\"1\" loading=\"lazy\" decoding=\"async\" aria-describedby=\"caption-attachment-2237\" data-attachment-id=\"2237\" data-permalink=\"https:\/\/willi-junker.de\/dachs\/?attachment_id=2237\" data-orig-file=\"https:\/\/i0.wp.com\/willi-junker.de\/dachs\/wp-content\/uploads\/2015\/06\/2015_24h_rlp_144.jpg?fit=1600%2C899&amp;ssl=1\" data-orig-size=\"1600,899\" data-comments-opened=\"1\" data-image-meta=\"{&quot;aperture&quot;:&quot;3.3&quot;,&quot;credit&quot;:&quot;&quot;,&quot;camera&quot;:&quot;DMC-TZ61&quot;,&quot;caption&quot;:&quot;&quot;,&quot;created_timestamp&quot;:&quot;1434255579&quot;,&quot;copyright&quot;:&quot;&quot;,&quot;focal_length&quot;:&quot;4.3&quot;,&quot;iso&quot;:&quot;3200&quot;,&quot;shutter_speed&quot;:&quot;0.25&quot;,&quot;title&quot;:&quot;&quot;,&quot;orientation&quot;:&quot;1&quot;}\" data-image-title=\"2015_24h_rlp_144\" data-image-description=\"\" data-image-caption=\"&lt;p&gt;Fr\u00fch Morgens in Schneppenbach&lt;\/p&gt;\n\" data-large-file=\"https:\/\/i0.wp.com\/willi-junker.de\/dachs\/wp-content\/uploads\/2015\/06\/2015_24h_rlp_144.jpg?fit=500%2C281&amp;ssl=1\" class=\"size-large wp-image-2237\" src=\"https:\/\/i0.wp.com\/willi-junker.de\/dachs\/wp-content\/uploads\/2015\/06\/2015_24h_rlp_144.jpg?resize=500%2C281&#038;ssl=1\" alt=\"Fr\u00fch Morgens in Schneppenbach\" width=\"500\" height=\"281\" srcset=\"https:\/\/i0.wp.com\/willi-junker.de\/dachs\/wp-content\/uploads\/2015\/06\/2015_24h_rlp_144.jpg?resize=500%2C281&amp;ssl=1 500w, https:\/\/i0.wp.com\/willi-junker.de\/dachs\/wp-content\/uploads\/2015\/06\/2015_24h_rlp_144.jpg?resize=300%2C169&amp;ssl=1 300w, https:\/\/i0.wp.com\/willi-junker.de\/dachs\/wp-content\/uploads\/2015\/06\/2015_24h_rlp_144.jpg?w=1600&amp;ssl=1 1600w, https:\/\/i0.wp.com\/willi-junker.de\/dachs\/wp-content\/uploads\/2015\/06\/2015_24h_rlp_144.jpg?w=1280&amp;ssl=1 1280w\" sizes=\"auto, (max-width: 500px) 100vw, 500px\" \/><\/a><p id=\"caption-attachment-2237\" class=\"wp-caption-text\">Fr\u00fch Morgens in Schneppenbach<\/p><\/div>\n<div id=\"attachment_2236\" style=\"width: 510px\" class=\"wp-caption aligncenter\"><a href=\"https:\/\/i0.wp.com\/willi-junker.de\/dachs\/wp-content\/uploads\/2015\/06\/2015_24h_rlp_141.jpg?ssl=1\"><img data-recalc-dims=\"1\" loading=\"lazy\" decoding=\"async\" aria-describedby=\"caption-attachment-2236\" data-attachment-id=\"2236\" data-permalink=\"https:\/\/willi-junker.de\/dachs\/?attachment_id=2236\" data-orig-file=\"https:\/\/i0.wp.com\/willi-junker.de\/dachs\/wp-content\/uploads\/2015\/06\/2015_24h_rlp_141.jpg?fit=1600%2C899&amp;ssl=1\" data-orig-size=\"1600,899\" data-comments-opened=\"1\" data-image-meta=\"{&quot;aperture&quot;:&quot;3.3&quot;,&quot;credit&quot;:&quot;&quot;,&quot;camera&quot;:&quot;DMC-TZ61&quot;,&quot;caption&quot;:&quot;&quot;,&quot;created_timestamp&quot;:&quot;1434254996&quot;,&quot;copyright&quot;:&quot;&quot;,&quot;focal_length&quot;:&quot;4.3&quot;,&quot;iso&quot;:&quot;5000&quot;,&quot;shutter_speed&quot;:&quot;0.25&quot;,&quot;title&quot;:&quot;&quot;,&quot;orientation&quot;:&quot;1&quot;}\" data-image-title=\"2015_24h_rlp_141\" data-image-description=\"\" data-image-caption=\"&lt;p&gt;Stirnlampen in der Morgend\u00e4mmerung&lt;\/p&gt;\n\" data-large-file=\"https:\/\/i0.wp.com\/willi-junker.de\/dachs\/wp-content\/uploads\/2015\/06\/2015_24h_rlp_141.jpg?fit=500%2C281&amp;ssl=1\" class=\"size-large wp-image-2236\" src=\"https:\/\/i0.wp.com\/willi-junker.de\/dachs\/wp-content\/uploads\/2015\/06\/2015_24h_rlp_141.jpg?resize=500%2C281&#038;ssl=1\" alt=\"Stirnlampen in der Morgend\u00e4mmerung\" width=\"500\" height=\"281\" srcset=\"https:\/\/i0.wp.com\/willi-junker.de\/dachs\/wp-content\/uploads\/2015\/06\/2015_24h_rlp_141.jpg?resize=500%2C281&amp;ssl=1 500w, https:\/\/i0.wp.com\/willi-junker.de\/dachs\/wp-content\/uploads\/2015\/06\/2015_24h_rlp_141.jpg?resize=300%2C169&amp;ssl=1 300w, https:\/\/i0.wp.com\/willi-junker.de\/dachs\/wp-content\/uploads\/2015\/06\/2015_24h_rlp_141.jpg?w=1600&amp;ssl=1 1600w, https:\/\/i0.wp.com\/willi-junker.de\/dachs\/wp-content\/uploads\/2015\/06\/2015_24h_rlp_141.jpg?w=1280&amp;ssl=1 1280w\" sizes=\"auto, (max-width: 500px) 100vw, 500px\" \/><\/a><p id=\"caption-attachment-2236\" class=\"wp-caption-text\">Stirnlampen in der Morgend\u00e4mmerung<\/p><\/div>\n","protected":false},"excerpt":{"rendered":"<p>Wir sind wieder unterwegs. Habe bis 0:30 Uhr im Auto geschlafen. Um 0:45 Uhr sind wir abmarschbereit und verschwinden so ziemlich als letzte vom Wandermarktplatz. Die ersten Wanderer sind schon gegen 23:00 Uhr losmarschiert, die gef\u00fchrte Gruppe um 0:00 Uhr &hellip; <a href=\"https:\/\/willi-junker.de\/dachs\/?p=2183\">Weiterlesen <span class=\"meta-nav\">&rarr;<\/span><\/a><\/p>\n","protected":false},"author":1,"featured_media":0,"comment_status":"open","ping_status":"open","sticky":false,"template":"","format":"standard","meta":{"_crdt_document":"","jetpack_post_was_ever_published":false,"_jetpack_newsletter_access":"","_jetpack_dont_email_post_to_subs":false,"_jetpack_newsletter_tier_id":0,"_jetpack_memberships_contains_paywalled_content":false,"_jetpack_memberships_contains_paid_content":false,"footnotes":"","jetpack_publicize_message":"","jetpack_publicize_feature_enabled":true,"jetpack_social_post_already_shared":false,"jetpack_social_options":{"image_generator_settings":{"template":"highway","default_image_id":0,"font":"","enabled":false},"version":2}},"categories":[3],"tags":[],"class_list":["post-2183","post","type-post","status-publish","format-standard","hentry","category-touren"],"jetpack_publicize_connections":[],"jetpack_featured_media_url":"","jetpack_sharing_enabled":true,"jetpack_shortlink":"https:\/\/wp.me\/p73o9s-zd","jetpack-related-posts":[{"id":4535,"url":"https:\/\/willi-junker.de\/dachs\/?p=4535","url_meta":{"origin":2183,"position":0},"title":"Tag 4 &#8211; Radtour zum Laubachtreffen im Elsass","author":"Willi","date":"28.06.2018","format":false,"excerpt":"Nach dem tollen Abend gestern in Luneville starten wir auch heute Morgen wieder um kurz nach neun Uhr. Zuerst m\u00fcssen wir wieder zur\u00fcck an den Rhein-Marne-Kanal. Da geht es \u00fcber 20 km ordentlich bergauf und bergab.Die ersten Kilometer am Kanal sind aber auch nicht viel besser. Teils auf tollem Radweg\u2026","rel":"","context":"In &quot;Touren&quot;","block_context":{"text":"Touren","link":"https:\/\/willi-junker.de\/dachs\/?cat=3"},"img":{"alt_text":"","src":"","width":0,"height":0},"classes":[]},{"id":975,"url":"https:\/\/willi-junker.de\/dachs\/?p=975","url_meta":{"origin":2183,"position":1},"title":"Puezh\u00fctte und \u00dcbersteigung Col de la Pieres","author":"Willi","date":"07.07.2012","format":false,"excerpt":"Heute haben wir nochmals eine richtig gro\u00dfe Runde gemacht. Mit dem Lift ging es hoch auf das Gr\u00f6dner Joch. Ab dann den Rest zu Fu\u00df. Kurz nach 10:00 Uhr sind wir an der Jimmy-H\u00fctte. Kurz dahinter ist der Einstieg in den Fernwanderweg 2. Es geht hoch zum Cirjoch und weiter\u2026","rel":"","context":"In &quot;Touren&quot;","block_context":{"text":"Touren","link":"https:\/\/willi-junker.de\/dachs\/?cat=3"},"img":{"alt_text":"","src":"","width":0,"height":0},"classes":[]},{"id":4527,"url":"https:\/\/willi-junker.de\/dachs\/?p=4527","url_meta":{"origin":2183,"position":2},"title":"Tag 3 &#8211; Radtour zum Laubachtreffen im Elsass","author":"Willi","date":"27.06.2018","format":false,"excerpt":"Nach ruhiger Nacht und gutem Fr\u00fchst\u00fcck sind wir wieder auf Tour seit kurz nach 9 Uhr. Gegen 10:15 Uhr sind wir schon an der Kathedrale in Metz. Von Metz geht es weiter nach Nancy. Der Weg ist nicht immer so leicht zu finden. Zwischendurch nehmen wir noch das Mittagessen ein.\u2026","rel":"","context":"In &quot;Touren&quot;","block_context":{"text":"Touren","link":"https:\/\/willi-junker.de\/dachs\/?cat=3"},"img":{"alt_text":"","src":"https:\/\/i0.wp.com\/willi-junker.de\/dachs\/wp-content\/uploads\/2018\/06\/20180627_102233860068205.jpg?resize=350%2C200","width":350,"height":200,"srcset":"https:\/\/i0.wp.com\/willi-junker.de\/dachs\/wp-content\/uploads\/2018\/06\/20180627_102233860068205.jpg?resize=350%2C200 1x, https:\/\/i0.wp.com\/willi-junker.de\/dachs\/wp-content\/uploads\/2018\/06\/20180627_102233860068205.jpg?resize=525%2C300 1.5x, https:\/\/i0.wp.com\/willi-junker.de\/dachs\/wp-content\/uploads\/2018\/06\/20180627_102233860068205.jpg?resize=700%2C400 2x, https:\/\/i0.wp.com\/willi-junker.de\/dachs\/wp-content\/uploads\/2018\/06\/20180627_102233860068205.jpg?resize=1050%2C600 3x, https:\/\/i0.wp.com\/willi-junker.de\/dachs\/wp-content\/uploads\/2018\/06\/20180627_102233860068205.jpg?resize=1400%2C800 4x"},"classes":[]},{"id":1385,"url":"https:\/\/willi-junker.de\/dachs\/?p=1385","url_meta":{"origin":2183,"position":3},"title":"Radtour Radteam 2013","author":"Willi","date":"07.09.2013","format":false,"excerpt":"Heute Morgen haben wir uns um 08:00 Uhr zum gemeinsamen Fr\u00fchst\u00fcck getroffen. P\u00fcnktlich um 09:00 h\u00f6rt der Regen auf und um 09:30 Uhr machen wir uns auf den Weg. Gegen 11:30 Uhr sind wir in St. Aldegund und beginnen mit dem Aufstieg in die Eifel. Um 13:30 Uhr gibt es\u2026","rel":"","context":"In &quot;Touren&quot;","block_context":{"text":"Touren","link":"https:\/\/willi-junker.de\/dachs\/?cat=3"},"img":{"alt_text":"","src":"","width":0,"height":0},"classes":[]},{"id":1154,"url":"https:\/\/willi-junker.de\/dachs\/?p=1154","url_meta":{"origin":2183,"position":4},"title":"14. Wintertour des TuS Laubach","author":"Willi","date":"26.02.2013","format":false,"excerpt":"Heute Morgen sind wir gegen 06:30 Uhr am Issinger Weiher angekommen. Die Berge sind toll verschneit. Ab 07:00 Uhr gibt es Fr\u00fchst\u00fcck und seit 09:00 Uhr sind wir am Kronplatz unterwegs.","rel":"","context":"In &quot;Touren&quot;","block_context":{"text":"Touren","link":"https:\/\/willi-junker.de\/dachs\/?cat=3"},"img":{"alt_text":"","src":"","width":0,"height":0},"classes":[]},{"id":4105,"url":"https:\/\/willi-junker.de\/dachs\/?p=4105","url_meta":{"origin":2183,"position":5},"title":"H\u00fcttenwanderung &#8211; Tag 5","author":"Willi","date":"22.07.2017","format":false,"excerpt":"In der Nacht gewittert es noch mehrfach. Besonders heftig ist es gegen vier Uhr. Wie jeden Tag bin ich auch heute um sechs Uhr munter und um halb sieben drehe ich bei leichtem Regen eine Runde um die H\u00fctte. Ich bin mir nicht sicher, ob ich direkt nach dem Fr\u00fchst\u00fcck\u2026","rel":"","context":"In &quot;Touren&quot;","block_context":{"text":"Touren","link":"https:\/\/willi-junker.de\/dachs\/?cat=3"},"img":{"alt_text":"","src":"https:\/\/i0.wp.com\/willi-junker.de\/dachs\/wp-content\/uploads\/2017\/07\/wp-image-2136841590.jpg?resize=350%2C200","width":350,"height":200,"srcset":"https:\/\/i0.wp.com\/willi-junker.de\/dachs\/wp-content\/uploads\/2017\/07\/wp-image-2136841590.jpg?resize=350%2C200 1x, https:\/\/i0.wp.com\/willi-junker.de\/dachs\/wp-content\/uploads\/2017\/07\/wp-image-2136841590.jpg?resize=525%2C300 1.5x, https:\/\/i0.wp.com\/willi-junker.de\/dachs\/wp-content\/uploads\/2017\/07\/wp-image-2136841590.jpg?resize=700%2C400 2x, https:\/\/i0.wp.com\/willi-junker.de\/dachs\/wp-content\/uploads\/2017\/07\/wp-image-2136841590.jpg?resize=1050%2C600 3x, https:\/\/i0.wp.com\/willi-junker.de\/dachs\/wp-content\/uploads\/2017\/07\/wp-image-2136841590.jpg?resize=1400%2C800 4x"},"classes":[]}],"_links":{"self":[{"href":"https:\/\/willi-junker.de\/dachs\/index.php?rest_route=\/wp\/v2\/posts\/2183","targetHints":{"allow":["GET"]}}],"collection":[{"href":"https:\/\/willi-junker.de\/dachs\/index.php?rest_route=\/wp\/v2\/posts"}],"about":[{"href":"https:\/\/willi-junker.de\/dachs\/index.php?rest_route=\/wp\/v2\/types\/post"}],"author":[{"embeddable":true,"href":"https:\/\/willi-junker.de\/dachs\/index.php?rest_route=\/wp\/v2\/users\/1"}],"replies":[{"embeddable":true,"href":"https:\/\/willi-junker.de\/dachs\/index.php?rest_route=%2Fwp%2Fv2%2Fcomments&post=2183"}],"version-history":[{"count":5,"href":"https:\/\/willi-junker.de\/dachs\/index.php?rest_route=\/wp\/v2\/posts\/2183\/revisions"}],"predecessor-version":[{"id":2266,"href":"https:\/\/willi-junker.de\/dachs\/index.php?rest_route=\/wp\/v2\/posts\/2183\/revisions\/2266"}],"wp:attachment":[{"href":"https:\/\/willi-junker.de\/dachs\/index.php?rest_route=%2Fwp%2Fv2%2Fmedia&parent=2183"}],"wp:term":[{"taxonomy":"category","embeddable":true,"href":"https:\/\/willi-junker.de\/dachs\/index.php?rest_route=%2Fwp%2Fv2%2Fcategories&post=2183"},{"taxonomy":"post_tag","embeddable":true,"href":"https:\/\/willi-junker.de\/dachs\/index.php?rest_route=%2Fwp%2Fv2%2Ftags&post=2183"}],"curies":[{"name":"wp","href":"https:\/\/api.w.org\/{rel}","templated":true}]}}