{"id":2167,"date":"2015-06-13T18:00:00","date_gmt":"2015-06-13T16:00:00","guid":{"rendered":"http:\/\/willi-junker.de\/dachs\/?p=2167"},"modified":"2015-06-15T21:08:09","modified_gmt":"2015-06-15T19:08:09","slug":"skywalk-38-km","status":"publish","type":"post","link":"https:\/\/willi-junker.de\/dachs\/?p=2167","title":{"rendered":"Skywalk 38 km"},"content":{"rendered":"<p>Ein toller R\u00fcckweg mit einem Abstecher zum Skywalk in St. Johannisberg.<\/p>\n<p><a href=\"https:\/\/i0.wp.com\/willi-junker.de\/dachs\/wp-content\/uploads\/2015\/06\/2015_24h_rlp_077.jpg?ssl=1\"><img data-recalc-dims=\"1\" loading=\"lazy\" decoding=\"async\" data-attachment-id=\"2210\" data-permalink=\"https:\/\/willi-junker.de\/dachs\/?attachment_id=2210\" data-orig-file=\"https:\/\/i0.wp.com\/willi-junker.de\/dachs\/wp-content\/uploads\/2015\/06\/2015_24h_rlp_077.jpg?fit=1600%2C899&amp;ssl=1\" data-orig-size=\"1600,899\" data-comments-opened=\"1\" data-image-meta=\"{&quot;aperture&quot;:&quot;3.3&quot;,&quot;credit&quot;:&quot;&quot;,&quot;camera&quot;:&quot;DMC-TZ61&quot;,&quot;caption&quot;:&quot;&quot;,&quot;created_timestamp&quot;:&quot;1434218711&quot;,&quot;copyright&quot;:&quot;&quot;,&quot;focal_length&quot;:&quot;4.3&quot;,&quot;iso&quot;:&quot;100&quot;,&quot;shutter_speed&quot;:&quot;0.003125&quot;,&quot;title&quot;:&quot;&quot;,&quot;orientation&quot;:&quot;1&quot;}\" data-image-title=\"2015_24h_rlp_077\" data-image-description=\"\" data-image-caption=\"\" data-large-file=\"https:\/\/i0.wp.com\/willi-junker.de\/dachs\/wp-content\/uploads\/2015\/06\/2015_24h_rlp_077.jpg?fit=500%2C281&amp;ssl=1\" class=\"aligncenter size-large wp-image-2210\" src=\"https:\/\/i0.wp.com\/willi-junker.de\/dachs\/wp-content\/uploads\/2015\/06\/2015_24h_rlp_077.jpg?resize=500%2C281&#038;ssl=1\" alt=\"2015_24h_rlp_077\" width=\"500\" height=\"281\" srcset=\"https:\/\/i0.wp.com\/willi-junker.de\/dachs\/wp-content\/uploads\/2015\/06\/2015_24h_rlp_077.jpg?resize=500%2C281&amp;ssl=1 500w, https:\/\/i0.wp.com\/willi-junker.de\/dachs\/wp-content\/uploads\/2015\/06\/2015_24h_rlp_077.jpg?resize=300%2C169&amp;ssl=1 300w, https:\/\/i0.wp.com\/willi-junker.de\/dachs\/wp-content\/uploads\/2015\/06\/2015_24h_rlp_077.jpg?w=1600&amp;ssl=1 1600w, https:\/\/i0.wp.com\/willi-junker.de\/dachs\/wp-content\/uploads\/2015\/06\/2015_24h_rlp_077.jpg?w=1280&amp;ssl=1 1280w\" sizes=\"auto, (max-width: 500px) 100vw, 500px\" \/><\/a> <a href=\"https:\/\/i0.wp.com\/willi-junker.de\/dachs\/wp-content\/uploads\/2015\/06\/2015_24h_rlp_079.jpg?ssl=1\"><img data-recalc-dims=\"1\" loading=\"lazy\" decoding=\"async\" data-attachment-id=\"2211\" data-permalink=\"https:\/\/willi-junker.de\/dachs\/?attachment_id=2211\" data-orig-file=\"https:\/\/i0.wp.com\/willi-junker.de\/dachs\/wp-content\/uploads\/2015\/06\/2015_24h_rlp_079.jpg?fit=1600%2C899&amp;ssl=1\" data-orig-size=\"1600,899\" data-comments-opened=\"1\" data-image-meta=\"{&quot;aperture&quot;:&quot;3.3&quot;,&quot;credit&quot;:&quot;&quot;,&quot;camera&quot;:&quot;DMC-TZ61&quot;,&quot;caption&quot;:&quot;&quot;,&quot;created_timestamp&quot;:&quot;1434218724&quot;,&quot;copyright&quot;:&quot;&quot;,&quot;focal_length&quot;:&quot;4.3&quot;,&quot;iso&quot;:&quot;100&quot;,&quot;shutter_speed&quot;:&quot;0.0025&quot;,&quot;title&quot;:&quot;&quot;,&quot;orientation&quot;:&quot;1&quot;}\" data-image-title=\"2015_24h_rlp_079\" data-image-description=\"\" data-image-caption=\"\" data-large-file=\"https:\/\/i0.wp.com\/willi-junker.de\/dachs\/wp-content\/uploads\/2015\/06\/2015_24h_rlp_079.jpg?fit=500%2C281&amp;ssl=1\" class=\"aligncenter size-large wp-image-2211\" src=\"https:\/\/i0.wp.com\/willi-junker.de\/dachs\/wp-content\/uploads\/2015\/06\/2015_24h_rlp_079.jpg?resize=500%2C281&#038;ssl=1\" alt=\"2015_24h_rlp_079\" width=\"500\" height=\"281\" srcset=\"https:\/\/i0.wp.com\/willi-junker.de\/dachs\/wp-content\/uploads\/2015\/06\/2015_24h_rlp_079.jpg?resize=500%2C281&amp;ssl=1 500w, https:\/\/i0.wp.com\/willi-junker.de\/dachs\/wp-content\/uploads\/2015\/06\/2015_24h_rlp_079.jpg?resize=300%2C169&amp;ssl=1 300w, https:\/\/i0.wp.com\/willi-junker.de\/dachs\/wp-content\/uploads\/2015\/06\/2015_24h_rlp_079.jpg?w=1600&amp;ssl=1 1600w, https:\/\/i0.wp.com\/willi-junker.de\/dachs\/wp-content\/uploads\/2015\/06\/2015_24h_rlp_079.jpg?w=1280&amp;ssl=1 1280w\" sizes=\"auto, (max-width: 500px) 100vw, 500px\" \/><\/a> <a href=\"https:\/\/i0.wp.com\/willi-junker.de\/dachs\/wp-content\/uploads\/2015\/06\/2015_24h_rlp_086.jpg?ssl=1\"><img data-recalc-dims=\"1\" loading=\"lazy\" decoding=\"async\" data-attachment-id=\"2212\" data-permalink=\"https:\/\/willi-junker.de\/dachs\/?attachment_id=2212\" data-orig-file=\"https:\/\/i0.wp.com\/willi-junker.de\/dachs\/wp-content\/uploads\/2015\/06\/2015_24h_rlp_086.jpg?fit=1600%2C899&amp;ssl=1\" data-orig-size=\"1600,899\" data-comments-opened=\"1\" data-image-meta=\"{&quot;aperture&quot;:&quot;3.3&quot;,&quot;credit&quot;:&quot;&quot;,&quot;camera&quot;:&quot;DMC-TZ61&quot;,&quot;caption&quot;:&quot;&quot;,&quot;created_timestamp&quot;:&quot;1434218974&quot;,&quot;copyright&quot;:&quot;&quot;,&quot;focal_length&quot;:&quot;4.3&quot;,&quot;iso&quot;:&quot;160&quot;,&quot;shutter_speed&quot;:&quot;0.00076923076923077&quot;,&quot;title&quot;:&quot;&quot;,&quot;orientation&quot;:&quot;1&quot;}\" data-image-title=\"2015_24h_rlp_086\" data-image-description=\"\" data-image-caption=\"\" data-large-file=\"https:\/\/i0.wp.com\/willi-junker.de\/dachs\/wp-content\/uploads\/2015\/06\/2015_24h_rlp_086.jpg?fit=500%2C281&amp;ssl=1\" class=\"aligncenter size-large wp-image-2212\" src=\"https:\/\/i0.wp.com\/willi-junker.de\/dachs\/wp-content\/uploads\/2015\/06\/2015_24h_rlp_086.jpg?resize=500%2C281&#038;ssl=1\" alt=\"2015_24h_rlp_086\" width=\"500\" height=\"281\" srcset=\"https:\/\/i0.wp.com\/willi-junker.de\/dachs\/wp-content\/uploads\/2015\/06\/2015_24h_rlp_086.jpg?resize=500%2C281&amp;ssl=1 500w, https:\/\/i0.wp.com\/willi-junker.de\/dachs\/wp-content\/uploads\/2015\/06\/2015_24h_rlp_086.jpg?resize=300%2C169&amp;ssl=1 300w, https:\/\/i0.wp.com\/willi-junker.de\/dachs\/wp-content\/uploads\/2015\/06\/2015_24h_rlp_086.jpg?w=1600&amp;ssl=1 1600w, https:\/\/i0.wp.com\/willi-junker.de\/dachs\/wp-content\/uploads\/2015\/06\/2015_24h_rlp_086.jpg?w=1280&amp;ssl=1 1280w\" sizes=\"auto, (max-width: 500px) 100vw, 500px\" \/><\/a> <a href=\"https:\/\/i0.wp.com\/willi-junker.de\/dachs\/wp-content\/uploads\/2015\/06\/2015_24h_rlp_087.jpg?ssl=1\"><img data-recalc-dims=\"1\" loading=\"lazy\" decoding=\"async\" data-attachment-id=\"2213\" data-permalink=\"https:\/\/willi-junker.de\/dachs\/?attachment_id=2213\" data-orig-file=\"https:\/\/i0.wp.com\/willi-junker.de\/dachs\/wp-content\/uploads\/2015\/06\/2015_24h_rlp_087.jpg?fit=1600%2C899&amp;ssl=1\" data-orig-size=\"1600,899\" data-comments-opened=\"1\" data-image-meta=\"{&quot;aperture&quot;:&quot;3.3&quot;,&quot;credit&quot;:&quot;&quot;,&quot;camera&quot;:&quot;DMC-TZ61&quot;,&quot;caption&quot;:&quot;&quot;,&quot;created_timestamp&quot;:&quot;1434218984&quot;,&quot;copyright&quot;:&quot;&quot;,&quot;focal_length&quot;:&quot;4.3&quot;,&quot;iso&quot;:&quot;160&quot;,&quot;shutter_speed&quot;:&quot;0.001&quot;,&quot;title&quot;:&quot;&quot;,&quot;orientation&quot;:&quot;1&quot;}\" data-image-title=\"2015_24h_rlp_087\" data-image-description=\"\" data-image-caption=\"\" data-large-file=\"https:\/\/i0.wp.com\/willi-junker.de\/dachs\/wp-content\/uploads\/2015\/06\/2015_24h_rlp_087.jpg?fit=500%2C281&amp;ssl=1\" class=\"aligncenter size-large wp-image-2213\" src=\"https:\/\/i0.wp.com\/willi-junker.de\/dachs\/wp-content\/uploads\/2015\/06\/2015_24h_rlp_087.jpg?resize=500%2C281&#038;ssl=1\" alt=\"2015_24h_rlp_087\" width=\"500\" height=\"281\" srcset=\"https:\/\/i0.wp.com\/willi-junker.de\/dachs\/wp-content\/uploads\/2015\/06\/2015_24h_rlp_087.jpg?resize=500%2C281&amp;ssl=1 500w, https:\/\/i0.wp.com\/willi-junker.de\/dachs\/wp-content\/uploads\/2015\/06\/2015_24h_rlp_087.jpg?resize=300%2C169&amp;ssl=1 300w, https:\/\/i0.wp.com\/willi-junker.de\/dachs\/wp-content\/uploads\/2015\/06\/2015_24h_rlp_087.jpg?w=1600&amp;ssl=1 1600w, https:\/\/i0.wp.com\/willi-junker.de\/dachs\/wp-content\/uploads\/2015\/06\/2015_24h_rlp_087.jpg?w=1280&amp;ssl=1 1280w\" sizes=\"auto, (max-width: 500px) 100vw, 500px\" \/><\/a> <a href=\"https:\/\/i0.wp.com\/willi-junker.de\/dachs\/wp-content\/uploads\/2015\/06\/2015_24h_rlp_091.jpg?ssl=1\"><img data-recalc-dims=\"1\" loading=\"lazy\" decoding=\"async\" data-attachment-id=\"2214\" data-permalink=\"https:\/\/willi-junker.de\/dachs\/?attachment_id=2214\" data-orig-file=\"https:\/\/i0.wp.com\/willi-junker.de\/dachs\/wp-content\/uploads\/2015\/06\/2015_24h_rlp_091.jpg?fit=1600%2C562&amp;ssl=1\" data-orig-size=\"1600,562\" data-comments-opened=\"1\" data-image-meta=\"{&quot;aperture&quot;:&quot;8&quot;,&quot;credit&quot;:&quot;&quot;,&quot;camera&quot;:&quot;DMC-TZ61&quot;,&quot;caption&quot;:&quot;&quot;,&quot;created_timestamp&quot;:&quot;1434219024&quot;,&quot;copyright&quot;:&quot;&quot;,&quot;focal_length&quot;:&quot;4.3&quot;,&quot;iso&quot;:&quot;100&quot;,&quot;shutter_speed&quot;:&quot;0.008&quot;,&quot;title&quot;:&quot;&quot;,&quot;orientation&quot;:&quot;1&quot;}\" data-image-title=\"2015_24h_rlp_091\" data-image-description=\"\" data-image-caption=\"\" data-large-file=\"https:\/\/i0.wp.com\/willi-junker.de\/dachs\/wp-content\/uploads\/2015\/06\/2015_24h_rlp_091.jpg?fit=500%2C176&amp;ssl=1\" class=\"aligncenter size-large wp-image-2214\" src=\"https:\/\/i0.wp.com\/willi-junker.de\/dachs\/wp-content\/uploads\/2015\/06\/2015_24h_rlp_091.jpg?resize=500%2C176&#038;ssl=1\" alt=\"2015_24h_rlp_091\" width=\"500\" height=\"176\" srcset=\"https:\/\/i0.wp.com\/willi-junker.de\/dachs\/wp-content\/uploads\/2015\/06\/2015_24h_rlp_091.jpg?resize=500%2C176&amp;ssl=1 500w, https:\/\/i0.wp.com\/willi-junker.de\/dachs\/wp-content\/uploads\/2015\/06\/2015_24h_rlp_091.jpg?resize=300%2C105&amp;ssl=1 300w, https:\/\/i0.wp.com\/willi-junker.de\/dachs\/wp-content\/uploads\/2015\/06\/2015_24h_rlp_091.jpg?w=1600&amp;ssl=1 1600w, https:\/\/i0.wp.com\/willi-junker.de\/dachs\/wp-content\/uploads\/2015\/06\/2015_24h_rlp_091.jpg?w=1280&amp;ssl=1 1280w\" sizes=\"auto, (max-width: 500px) 100vw, 500px\" \/><\/a><\/p>\n<p>&nbsp;<\/p>\n","protected":false},"excerpt":{"rendered":"<p>Ein toller R\u00fcckweg mit einem Abstecher zum Skywalk in St. Johannisberg. &nbsp;<\/p>\n","protected":false},"author":1,"featured_media":0,"comment_status":"open","ping_status":"open","sticky":false,"template":"","format":"standard","meta":{"_crdt_document":"","jetpack_post_was_ever_published":false,"_jetpack_newsletter_access":"","_jetpack_dont_email_post_to_subs":false,"_jetpack_newsletter_tier_id":0,"_jetpack_memberships_contains_paywalled_content":false,"_jetpack_memberships_contains_paid_content":false,"footnotes":"","jetpack_publicize_message":"","jetpack_publicize_feature_enabled":true,"jetpack_social_post_already_shared":false,"jetpack_social_options":{"image_generator_settings":{"template":"highway","default_image_id":0,"font":"","enabled":false},"version":2}},"categories":[3],"tags":[],"class_list":["post-2167","post","type-post","status-publish","format-standard","hentry","category-touren"],"jetpack_publicize_connections":[],"jetpack_featured_media_url":"","jetpack_sharing_enabled":true,"jetpack_shortlink":"https:\/\/wp.me\/p73o9s-yX","jetpack-related-posts":[{"id":3819,"url":"https:\/\/willi-junker.de\/dachs\/?p=3819","url_meta":{"origin":2167,"position":0},"title":"4. Skitag &#8211; Seiser Alm","author":"Willi","date":"07.03.2017","format":false,"excerpt":"09:25 Uhr - Monte Pana im Skibus. Bin \u00fcber den Ciampinoi und den Piz Sella hier her\u00fcber. Tolle 4,4 km lange Abfahrt hier her\u00fcber.\u00a0 Weiter geht's \u00fcber die Saltria und die Williamsh\u00fctte nach Compatsch und den Puflatsch (11 Uhr). Dann folgt noch ein Abstecher zur Arnikah\u00fctte. Hier habe ich mich\u2026","rel":"","context":"In &quot;Touren&quot;","block_context":{"text":"Touren","link":"https:\/\/willi-junker.de\/dachs\/?cat=3"},"img":{"alt_text":"","src":"https:\/\/i0.wp.com\/willi-junker.de\/dachs\/wp-content\/uploads\/2017\/03\/wp-image-49103105jpg.jpg?resize=350%2C200","width":350,"height":200,"srcset":"https:\/\/i0.wp.com\/willi-junker.de\/dachs\/wp-content\/uploads\/2017\/03\/wp-image-49103105jpg.jpg?resize=350%2C200 1x, https:\/\/i0.wp.com\/willi-junker.de\/dachs\/wp-content\/uploads\/2017\/03\/wp-image-49103105jpg.jpg?resize=525%2C300 1.5x, https:\/\/i0.wp.com\/willi-junker.de\/dachs\/wp-content\/uploads\/2017\/03\/wp-image-49103105jpg.jpg?resize=700%2C400 2x"},"classes":[]},{"id":2666,"url":"https:\/\/willi-junker.de\/dachs\/?p=2666","url_meta":{"origin":2167,"position":1},"title":"17:30 Uhr &#8211; St. Anton am Arlberg","author":"Willi","date":"23.08.2015","format":false,"excerpt":"Die Tour heute war sehr abwechslungsreich. Von absoluter Stille bis unglaublichem Autoverkehr. Der Arlbergpass war zum Gl\u00fcck schnell abgehakt. Nach dem Flexenpass war von einem ausgeschildertem Wanderweg nicht immer zu sprechen. Bin ein paar Schlenker gelaufen bei der Spurensuche. In den anspruchsvollen Passagen,war der Weg aber immer erkennnbar, und es\u2026","rel":"","context":"In &quot;Touren&quot;","block_context":{"text":"Touren","link":"https:\/\/willi-junker.de\/dachs\/?cat=3"},"img":{"alt_text":"image","src":"https:\/\/i0.wp.com\/willi-junker.de\/dachs\/wp-content\/uploads\/2015\/08\/wpid-IMAG1202.jpg?resize=350%2C200","width":350,"height":200,"srcset":"https:\/\/i0.wp.com\/willi-junker.de\/dachs\/wp-content\/uploads\/2015\/08\/wpid-IMAG1202.jpg?resize=350%2C200 1x, https:\/\/i0.wp.com\/willi-junker.de\/dachs\/wp-content\/uploads\/2015\/08\/wpid-IMAG1202.jpg?resize=525%2C300 1.5x"},"classes":[]},{"id":5230,"url":"https:\/\/willi-junker.de\/dachs\/?p=5230","url_meta":{"origin":2167,"position":2},"title":"Radtour nach Bad Sch\u00f6nborn \/ Tag 2","author":"Willi Junker","date":"19.07.2019","format":false,"excerpt":"Auch heute sitze ich wieder auf dem Rad, aber bei Weitem nich so fr\u00fch als gestern. Nach einem ausf\u00fchrlichen Fr\u00fchst\u00fcck starte ich gegen 10:15 Uhr. Mein Weg f\u00fchrt mich zuerst ins Fremdenverkehrsamt. Danach will ich weiter in Richtung Schwetzingen. Schwetzingen lockt mit einer gro\u00dfen Schlo\u00dfanlage und liegt ca. 30 Kilometer\u2026","rel":"","context":"In &quot;Touren&quot;","block_context":{"text":"Touren","link":"https:\/\/willi-junker.de\/dachs\/?cat=3"},"img":{"alt_text":"","src":"https:\/\/i0.wp.com\/willi-junker.de\/dachs\/wp-content\/uploads\/2019\/07\/20190719_1129171132900057.jpg?resize=350%2C200&ssl=1","width":350,"height":200,"srcset":"https:\/\/i0.wp.com\/willi-junker.de\/dachs\/wp-content\/uploads\/2019\/07\/20190719_1129171132900057.jpg?resize=350%2C200&ssl=1 1x, https:\/\/i0.wp.com\/willi-junker.de\/dachs\/wp-content\/uploads\/2019\/07\/20190719_1129171132900057.jpg?resize=525%2C300&ssl=1 1.5x, https:\/\/i0.wp.com\/willi-junker.de\/dachs\/wp-content\/uploads\/2019\/07\/20190719_1129171132900057.jpg?resize=700%2C400&ssl=1 2x, https:\/\/i0.wp.com\/willi-junker.de\/dachs\/wp-content\/uploads\/2019\/07\/20190719_1129171132900057.jpg?resize=1050%2C600&ssl=1 3x"},"classes":[]},{"id":1352,"url":"https:\/\/willi-junker.de\/dachs\/?p=1352","url_meta":{"origin":2167,"position":3},"title":"Rasch\u00f6tz","author":"Willi","date":"26.07.2013","format":false,"excerpt":"Heute ist ein wirklicher Ruhetag. Ich fahre mit dem Bus nach St. Ulrich und von dort mit der Standseilbahn auf den Rasch\u00f6tz. Dort verbringe ich den Rest des Tages, bei herrlichem Wetter und toller Aussicht.","rel":"","context":"In &quot;Touren&quot;","block_context":{"text":"Touren","link":"https:\/\/willi-junker.de\/dachs\/?cat=3"},"img":{"alt_text":"","src":"","width":0,"height":0},"classes":[]},{"id":4333,"url":"https:\/\/willi-junker.de\/dachs\/?p=4333","url_meta":{"origin":2167,"position":4},"title":"Vortour Radtour Radteam TuS Laubach 2017","author":"Willi","date":"29.08.2017","format":false,"excerpt":"Heute ist ein wunderbar sonniger Tag. Ich starte um 08:00 Uhr mit dem Auto und fahre nach Manderscheid in der Eifel. Den Ort erkunde ich noch etwas und gegen zehn Uhr beginne ich mit der Tour. Es geht sofort steil bergab und nach gut einer Minute sind ca 100 H\u00f6henmeter\u2026","rel":"","context":"In &quot;Touren&quot;","block_context":{"text":"Touren","link":"https:\/\/willi-junker.de\/dachs\/?cat=3"},"img":{"alt_text":"","src":"","width":0,"height":0},"classes":[]},{"id":1347,"url":"https:\/\/willi-junker.de\/dachs\/?p=1347","url_meta":{"origin":2167,"position":5},"title":"Val Cedul &#8211; Puezh\u00fctte &#8211; Regensburger","author":"Willi","date":"25.07.2013","format":false,"excerpt":"Heute steige ich durch das einsame Cedultal hinauf zum Cresp\u00ebinajoch auf. Dort treffe ich auf den H\u00f6henweg 2, dem ich bis zur Puezh\u00fctte folge. Oben treffe ich auf Tanja, Stefan und die Zwillinge. Der Abstieg, zuerst mit einem Aufstieg auf ein Joch verbunden, erfolgt \u00fcber die Regensburger, und die Sangon-H\u00fctte.\u2026","rel":"","context":"In &quot;Touren&quot;","block_context":{"text":"Touren","link":"https:\/\/willi-junker.de\/dachs\/?cat=3"},"img":{"alt_text":"","src":"","width":0,"height":0},"classes":[]}],"_links":{"self":[{"href":"https:\/\/willi-junker.de\/dachs\/index.php?rest_route=\/wp\/v2\/posts\/2167","targetHints":{"allow":["GET"]}}],"collection":[{"href":"https:\/\/willi-junker.de\/dachs\/index.php?rest_route=\/wp\/v2\/posts"}],"about":[{"href":"https:\/\/willi-junker.de\/dachs\/index.php?rest_route=\/wp\/v2\/types\/post"}],"author":[{"embeddable":true,"href":"https:\/\/willi-junker.de\/dachs\/index.php?rest_route=\/wp\/v2\/users\/1"}],"replies":[{"embeddable":true,"href":"https:\/\/willi-junker.de\/dachs\/index.php?rest_route=%2Fwp%2Fv2%2Fcomments&post=2167"}],"version-history":[{"count":5,"href":"https:\/\/willi-junker.de\/dachs\/index.php?rest_route=\/wp\/v2\/posts\/2167\/revisions"}],"predecessor-version":[{"id":2218,"href":"https:\/\/willi-junker.de\/dachs\/index.php?rest_route=\/wp\/v2\/posts\/2167\/revisions\/2218"}],"wp:attachment":[{"href":"https:\/\/willi-junker.de\/dachs\/index.php?rest_route=%2Fwp%2Fv2%2Fmedia&parent=2167"}],"wp:term":[{"taxonomy":"category","embeddable":true,"href":"https:\/\/willi-junker.de\/dachs\/index.php?rest_route=%2Fwp%2Fv2%2Fcategories&post=2167"},{"taxonomy":"post_tag","embeddable":true,"href":"https:\/\/willi-junker.de\/dachs\/index.php?rest_route=%2Fwp%2Fv2%2Ftags&post=2167"}],"curies":[{"name":"wp","href":"https:\/\/api.w.org\/{rel}","templated":true}]}}