{"id":2147,"date":"2015-06-13T10:27:52","date_gmt":"2015-06-13T08:27:52","guid":{"rendered":"http:\/\/willi-junker.de\/dachs\/?p=2147"},"modified":"2015-06-15T20:20:28","modified_gmt":"2015-06-15T18:20:28","slug":"erbeskopf-2","status":"publish","type":"post","link":"https:\/\/willi-junker.de\/dachs\/?p=2147","title":{"rendered":"Erbeskopf"},"content":{"rendered":"<p>Nach 6 km sind wir oben und es hat nur einmal geregnet.<br \/>\nDauerregen.<\/p>\n<p>&nbsp;<\/p>\n<div style=\"width: 610px\" class=\"wp-caption alignnone\"><a href=\"https:\/\/i0.wp.com\/willi-junker.de\/dachs\/wp-content\/uploads\/2015\/06\/wpid-IMAG09551.jpg?ssl=1\"><img data-recalc-dims=\"1\" loading=\"lazy\" decoding=\"async\" title=\"IMAG0955.jpg\" src=\"https:\/\/i0.wp.com\/willi-junker.de\/dachs\/wp-content\/uploads\/2015\/06\/wpid-IMAG0955.jpg?resize=600%2C359&#038;ssl=1\" alt=\"image\" width=\"600\" height=\"359\" \/><\/a><p class=\"wp-caption-text\">Erbeskopf \/ Blick \u00fcber&#8217;s Land<\/p><\/div>\n<div style=\"width: 610px\" class=\"wp-caption alignnone\"><a href=\"https:\/\/i0.wp.com\/willi-junker.de\/dachs\/wp-content\/uploads\/2015\/06\/wpid-IMAG09581.jpg?ssl=1\"><img data-recalc-dims=\"1\" loading=\"lazy\" decoding=\"async\" title=\"IMAG0958.jpg\" src=\"https:\/\/i0.wp.com\/willi-junker.de\/dachs\/wp-content\/uploads\/2015\/06\/wpid-IMAG0958.jpg?resize=600%2C359&#038;ssl=1\" alt=\"image\" width=\"600\" height=\"359\" \/><\/a><p class=\"wp-caption-text\">Der Gipfel ist erklommen und die Belohnung folgt<\/p><\/div>\n<div style=\"width: 610px\" class=\"wp-caption alignnone\"><a href=\"https:\/\/i0.wp.com\/willi-junker.de\/dachs\/wp-content\/uploads\/2015\/06\/wpid-IMAG09571.jpg?ssl=1\"><img data-recalc-dims=\"1\" loading=\"lazy\" decoding=\"async\" title=\"IMAG0957.jpg\" src=\"https:\/\/i0.wp.com\/willi-junker.de\/dachs\/wp-content\/uploads\/2015\/06\/wpid-IMAG0957.jpg?resize=600%2C359&#038;ssl=1\" alt=\"image\" width=\"600\" height=\"359\" \/><\/a><p class=\"wp-caption-text\">Erbeskopf<\/p><\/div>\n","protected":false},"excerpt":{"rendered":"<p>Nach 6 km sind wir oben und es hat nur einmal geregnet. Dauerregen. &nbsp;<\/p>\n","protected":false},"author":1,"featured_media":0,"comment_status":"open","ping_status":"open","sticky":false,"template":"","format":"standard","meta":{"_crdt_document":"","jetpack_post_was_ever_published":false,"_jetpack_newsletter_access":"","_jetpack_dont_email_post_to_subs":false,"_jetpack_newsletter_tier_id":0,"_jetpack_memberships_contains_paywalled_content":false,"_jetpack_memberships_contains_paid_content":false,"footnotes":"","jetpack_publicize_message":"","jetpack_publicize_feature_enabled":true,"jetpack_social_post_already_shared":false,"jetpack_social_options":{"image_generator_settings":{"template":"highway","default_image_id":0,"font":"","enabled":false},"version":2}},"categories":[3],"tags":[],"class_list":["post-2147","post","type-post","status-publish","format-standard","hentry","category-touren"],"jetpack_publicize_connections":[],"jetpack_featured_media_url":"","jetpack_sharing_enabled":true,"jetpack_shortlink":"https:\/\/wp.me\/p73o9s-yD","jetpack-related-posts":[{"id":1187,"url":"https:\/\/willi-junker.de\/dachs\/?p=1187","url_meta":{"origin":2147,"position":0},"title":"Erbeskopf","author":"Willi","date":"29.03.2013","format":false,"excerpt":"Um ca. 11:30 Uhr erreiche ich \u00fcber die 8,4 km lange Hochwaldloipe den Fu\u00df des Erbeskopfes. Gleichzeitig kommt Familie Redfern an. Sie wollen heute den Hunsr\u00fccker Schnee genie\u00dfen. Ich versorge mich erstmal mit kalten und hei\u00dfen Getr\u00e4nken und einem kleinen Imbiss. Danach geht es zu Fu\u00df die Piste 2 hoch\u2026","rel":"","context":"In &quot;Touren&quot;","block_context":{"text":"Touren","link":"https:\/\/willi-junker.de\/dachs\/?cat=3"},"img":{"alt_text":"Piste 1 - Erbeskopf","src":"https:\/\/i0.wp.com\/willi-junker.de\/dachs\/wp-content\/uploads\/2013\/03\/3-500x281.jpg?resize=350%2C200","width":350,"height":200},"classes":[]},{"id":1112,"url":"https:\/\/willi-junker.de\/dachs\/?p=1112","url_meta":{"origin":2147,"position":1},"title":"Skilanglauf &#8211; Nach 20 km ist der Erbeskopf erreicht","author":"Willi","date":"26.01.2013","format":false,"excerpt":"Bin heute Morgen um 8:30 Uhr am Idarkopf losgelaufen. Auf teils ungespurter Loipe bei gerade ausreichender Schneeh\u00f6he ging es recht anspruchsvoll immer der Kammlage entlang zum Erbeskopf. Unversch\u00e4mt ist, da\u00df auf ca 1 km B\u00e4ume frisch gef\u00e4llt wurden. Das hat mich bestimmt eine halbe Stunde gekostet. Au\u00dferdem wurden viele Schilder\u2026","rel":"","context":"In &quot;Touren&quot;","block_context":{"text":"Touren","link":"https:\/\/willi-junker.de\/dachs\/?cat=3"},"img":{"alt_text":"","src":"","width":0,"height":0},"classes":[]},{"id":3385,"url":"https:\/\/willi-junker.de\/dachs\/?p=3385","url_meta":{"origin":2147,"position":2},"title":"13:15 Uhr &#8211; Sohren","author":"Willi","date":"24.06.2016","format":false,"excerpt":"Vom Erbeskopf bis kurz vor Laufersweiler h\u00e4lt sich der meist geteerte Waldweg immer zwischen 550 und 600 Metern. Das d\u00fcrften insgesamt um die 20 km sein. Das macht richtig Laune. Aus dem Bachtal bis hoch nach Laufersweiler steht eine kurze Bergwertung an. Das Gewitter im R\u00fccken spornt etwas an. Im\u2026","rel":"","context":"In &quot;Touren&quot;","block_context":{"text":"Touren","link":"https:\/\/willi-junker.de\/dachs\/?cat=3"},"img":{"alt_text":"","src":"","width":0,"height":0},"classes":[]},{"id":1143,"url":"https:\/\/willi-junker.de\/dachs\/?p=1143","url_meta":{"origin":2147,"position":3},"title":"Wieder Erbeskopf","author":"Willi","date":"23.02.2013","format":false,"excerpt":"Bin heute Morgen um 08:30 Uhr vom Parkplatz am Idarkopf losgelaufen. Nach 20 km bin ich um 12 Uhr am Pilz zum Pils am Erbeskopf eingekehrt. Es schneit best\u00e4ndig und ist recht kalt. Der Schnee ist sehr stumpf und ich musste die Graue Kreuz wie auch die Schinderhannes-Loipe komplett selbst\u2026","rel":"","context":"In &quot;Touren&quot;","block_context":{"text":"Touren","link":"https:\/\/willi-junker.de\/dachs\/?cat=3"},"img":{"alt_text":"P1070544","src":"https:\/\/i0.wp.com\/willi-junker.de\/dachs\/wp-content\/uploads\/2013\/02\/P1070544-500x281.jpg?resize=350%2C200","width":350,"height":200},"classes":[]},{"id":3398,"url":"https:\/\/willi-junker.de\/dachs\/?p=3398","url_meta":{"origin":2147,"position":4},"title":"Vortour Radtour Radteam des TuS Laubach 2016","author":"Willi","date":"10.07.2016","format":false,"excerpt":"Um 05:15 Uhr bin ich abreisebereit. Es ist noch k\u00fchl und in den T\u00e4lern liegt leichter Nebel. Es geht quer durch den Hunsr\u00fcck bis nach Rhaunen. In Woppenroth bin ich mal kurz von Wildschweinen umgeben. Von Woppenroth geht es weiter \u00fcber Sulzbach nach Allenbach. Hier mu\u00df der \"Pass\" nach Thranenweier\u2026","rel":"","context":"In &quot;Touren&quot;","block_context":{"text":"Touren","link":"https:\/\/willi-junker.de\/dachs\/?cat=3"},"img":{"alt_text":"","src":"https:\/\/i0.wp.com\/willi-junker.de\/dachs\/wp-content\/uploads\/2016\/07\/wp-image-395811942jpg.jpg?resize=350%2C200","width":350,"height":200,"srcset":"https:\/\/i0.wp.com\/willi-junker.de\/dachs\/wp-content\/uploads\/2016\/07\/wp-image-395811942jpg.jpg?resize=350%2C200 1x, https:\/\/i0.wp.com\/willi-junker.de\/dachs\/wp-content\/uploads\/2016\/07\/wp-image-395811942jpg.jpg?resize=525%2C300 1.5x, https:\/\/i0.wp.com\/willi-junker.de\/dachs\/wp-content\/uploads\/2016\/07\/wp-image-395811942jpg.jpg?resize=700%2C400 2x"},"classes":[]},{"id":1200,"url":"https:\/\/willi-junker.de\/dachs\/?p=1200","url_meta":{"origin":2147,"position":5},"title":"Letzter Skitag Saison 2012\/2013","author":"Willi","date":"07.04.2013","format":false,"excerpt":"Bin heute wieder im Idar- und Hochwald unterwegs. Nach 29 km sitze ich an der Talstation vom Erbeskopf. Hab jetzt noch 20 km bis zum Auto.","rel":"","context":"In &quot;Touren&quot;","block_context":{"text":"Touren","link":"https:\/\/willi-junker.de\/dachs\/?cat=3"},"img":{"alt_text":"","src":"","width":0,"height":0},"classes":[]}],"_links":{"self":[{"href":"https:\/\/willi-junker.de\/dachs\/index.php?rest_route=\/wp\/v2\/posts\/2147","targetHints":{"allow":["GET"]}}],"collection":[{"href":"https:\/\/willi-junker.de\/dachs\/index.php?rest_route=\/wp\/v2\/posts"}],"about":[{"href":"https:\/\/willi-junker.de\/dachs\/index.php?rest_route=\/wp\/v2\/types\/post"}],"author":[{"embeddable":true,"href":"https:\/\/willi-junker.de\/dachs\/index.php?rest_route=\/wp\/v2\/users\/1"}],"replies":[{"embeddable":true,"href":"https:\/\/willi-junker.de\/dachs\/index.php?rest_route=%2Fwp%2Fv2%2Fcomments&post=2147"}],"version-history":[{"count":3,"href":"https:\/\/willi-junker.de\/dachs\/index.php?rest_route=\/wp\/v2\/posts\/2147\/revisions"}],"predecessor-version":[{"id":2197,"href":"https:\/\/willi-junker.de\/dachs\/index.php?rest_route=\/wp\/v2\/posts\/2147\/revisions\/2197"}],"wp:attachment":[{"href":"https:\/\/willi-junker.de\/dachs\/index.php?rest_route=%2Fwp%2Fv2%2Fmedia&parent=2147"}],"wp:term":[{"taxonomy":"category","embeddable":true,"href":"https:\/\/willi-junker.de\/dachs\/index.php?rest_route=%2Fwp%2Fv2%2Fcategories&post=2147"},{"taxonomy":"post_tag","embeddable":true,"href":"https:\/\/willi-junker.de\/dachs\/index.php?rest_route=%2Fwp%2Fv2%2Ftags&post=2147"}],"curies":[{"name":"wp","href":"https:\/\/api.w.org\/{rel}","templated":true}]}}