{"id":2137,"date":"2015-06-13T07:15:16","date_gmt":"2015-06-13T05:15:16","guid":{"rendered":"http:\/\/willi-junker.de\/dachs\/?p=2137"},"modified":"2015-06-13T07:15:16","modified_gmt":"2015-06-13T05:15:16","slug":"es-geht-los-2","status":"publish","type":"post","link":"https:\/\/willi-junker.de\/dachs\/?p=2137","title":{"rendered":"Es geht los"},"content":{"rendered":"<p><a href=\"https:\/\/i0.wp.com\/willi-junker.de\/dachs\/wp-content\/uploads\/2015\/06\/wpid-IMAG09541.jpg?ssl=1\"><img data-recalc-dims=\"1\" decoding=\"async\" title=\"IMAG0954.jpg\" class=\"alignnone size-full\" alt=\"image\" src=\"https:\/\/i0.wp.com\/willi-junker.de\/dachs\/wp-content\/uploads\/2015\/06\/wpid-IMAG0954.jpg?w=640&#038;ssl=1\" \/><\/a><\/p>\n<p>Nach dem Fr\u00fchst\u00fcck geht es los. Die Spannung steigt.<\/p>\n","protected":false},"excerpt":{"rendered":"<p>Nach dem Fr\u00fchst\u00fcck geht es los. Die Spannung steigt.<\/p>\n","protected":false},"author":1,"featured_media":0,"comment_status":"open","ping_status":"open","sticky":false,"template":"","format":"standard","meta":{"_crdt_document":"","jetpack_post_was_ever_published":false,"_jetpack_newsletter_access":"","_jetpack_dont_email_post_to_subs":false,"_jetpack_newsletter_tier_id":0,"_jetpack_memberships_contains_paywalled_content":false,"_jetpack_memberships_contains_paid_content":false,"footnotes":"","jetpack_publicize_message":"","jetpack_publicize_feature_enabled":true,"jetpack_social_post_already_shared":false,"jetpack_social_options":{"image_generator_settings":{"template":"highway","default_image_id":0,"font":"","enabled":false},"version":2}},"categories":[3],"tags":[],"class_list":["post-2137","post","type-post","status-publish","format-standard","hentry","category-touren"],"jetpack_publicize_connections":[],"jetpack_featured_media_url":"","jetpack_sharing_enabled":true,"jetpack_shortlink":"https:\/\/wp.me\/p73o9s-yt","jetpack-related-posts":[{"id":4763,"url":"https:\/\/willi-junker.de\/dachs\/?p=4763","url_meta":{"origin":2137,"position":0},"title":"Tag 2 &#8211; Radtour Radteam TuS Laubach","author":"Willi","date":"02.09.2018","format":false,"excerpt":"Heute lassen wir es ruhig angehen. Bis in die Heimat ist es nicht mehr weit. Nach einem ausgiebigen Fr\u00fchst\u00fcck radeln wir um 10:00 Uhr los. Es geht direkt \u00fcber die F\u00e4hre nach Bingen. Von dort folgen wir dem Radweg bis nach Niederheimbach. Dann geht es links ab in den Hunsr\u00fcck.\u2026","rel":"","context":"In &quot;Touren&quot;","block_context":{"text":"Touren","link":"https:\/\/willi-junker.de\/dachs\/?cat=3"},"img":{"alt_text":"","src":"https:\/\/i0.wp.com\/willi-junker.de\/dachs\/wp-content\/uploads\/2018\/09\/20180902_100835-1265047348.jpg?resize=350%2C200","width":350,"height":200,"srcset":"https:\/\/i0.wp.com\/willi-junker.de\/dachs\/wp-content\/uploads\/2018\/09\/20180902_100835-1265047348.jpg?resize=350%2C200 1x, https:\/\/i0.wp.com\/willi-junker.de\/dachs\/wp-content\/uploads\/2018\/09\/20180902_100835-1265047348.jpg?resize=525%2C300 1.5x, https:\/\/i0.wp.com\/willi-junker.de\/dachs\/wp-content\/uploads\/2018\/09\/20180902_100835-1265047348.jpg?resize=700%2C400 2x, https:\/\/i0.wp.com\/willi-junker.de\/dachs\/wp-content\/uploads\/2018\/09\/20180902_100835-1265047348.jpg?resize=1050%2C600 3x, https:\/\/i0.wp.com\/willi-junker.de\/dachs\/wp-content\/uploads\/2018\/09\/20180902_100835-1265047348.jpg?resize=1400%2C800 4x"},"classes":[]},{"id":4105,"url":"https:\/\/willi-junker.de\/dachs\/?p=4105","url_meta":{"origin":2137,"position":1},"title":"H\u00fcttenwanderung &#8211; Tag 5","author":"Willi","date":"22.07.2017","format":false,"excerpt":"In der Nacht gewittert es noch mehrfach. Besonders heftig ist es gegen vier Uhr. Wie jeden Tag bin ich auch heute um sechs Uhr munter und um halb sieben drehe ich bei leichtem Regen eine Runde um die H\u00fctte. Ich bin mir nicht sicher, ob ich direkt nach dem Fr\u00fchst\u00fcck\u2026","rel":"","context":"In &quot;Touren&quot;","block_context":{"text":"Touren","link":"https:\/\/willi-junker.de\/dachs\/?cat=3"},"img":{"alt_text":"","src":"https:\/\/i0.wp.com\/willi-junker.de\/dachs\/wp-content\/uploads\/2017\/07\/wp-image-2136841590.jpg?resize=350%2C200","width":350,"height":200,"srcset":"https:\/\/i0.wp.com\/willi-junker.de\/dachs\/wp-content\/uploads\/2017\/07\/wp-image-2136841590.jpg?resize=350%2C200 1x, https:\/\/i0.wp.com\/willi-junker.de\/dachs\/wp-content\/uploads\/2017\/07\/wp-image-2136841590.jpg?resize=525%2C300 1.5x, https:\/\/i0.wp.com\/willi-junker.de\/dachs\/wp-content\/uploads\/2017\/07\/wp-image-2136841590.jpg?resize=700%2C400 2x, https:\/\/i0.wp.com\/willi-junker.de\/dachs\/wp-content\/uploads\/2017\/07\/wp-image-2136841590.jpg?resize=1050%2C600 3x, https:\/\/i0.wp.com\/willi-junker.de\/dachs\/wp-content\/uploads\/2017\/07\/wp-image-2136841590.jpg?resize=1400%2C800 4x"},"classes":[]},{"id":2752,"url":"https:\/\/willi-junker.de\/dachs\/?p=2752","url_meta":{"origin":2137,"position":2},"title":"11:20 Uhr &#8211; Radurschlalm","author":"Willi","date":"27.08.2015","format":false,"excerpt":"Bin heute um 08:30 Uhr los, nach dem Fr\u00fchst\u00fcck, das ich gemeinsam mit den beiden Hunsr\u00fcckern eingenommen habe. Der Einstieg ins Tal ist extrem steil, da die Klamm \u00fcberwunden werden muss. Bis zur Radurschlalm geht es stetig bergauf und nach gut 12 km beginnt auf der Alm der Einstieg in\u2026","rel":"","context":"In &quot;Touren&quot;","block_context":{"text":"Touren","link":"https:\/\/willi-junker.de\/dachs\/?cat=3"},"img":{"alt_text":"","src":"","width":0,"height":0},"classes":[]},{"id":4749,"url":"https:\/\/willi-junker.de\/dachs\/?p=4749","url_meta":{"origin":2137,"position":3},"title":"Tag 1 &#8211; Radtour Radteam TuS Laubach","author":"Willi","date":"01.09.2018","format":false,"excerpt":"Heute Morgen sind wir um 9 Uhr am Gemeindehaus los geradelt. \u00dcber Laudert, Perscheid und Langscheid geht es hinab nach Oberwesel. Am Marktplatz, an der B\u00e4ckerei, gibt es Fr\u00fchst\u00fcck. Dann geht es weiter zur Kauber F\u00e4hre und auf rechtsrheiniger Seite bis nach Lorch. In Lorch endet das Wispertal. Diesem folgen\u2026","rel":"","context":"In &quot;Touren&quot;","block_context":{"text":"Touren","link":"https:\/\/willi-junker.de\/dachs\/?cat=3"},"img":{"alt_text":"","src":"https:\/\/i0.wp.com\/willi-junker.de\/dachs\/wp-content\/uploads\/2018\/09\/20180901_191148.jpg?fit=1200%2C675&ssl=1&resize=350%2C200","width":350,"height":200,"srcset":"https:\/\/i0.wp.com\/willi-junker.de\/dachs\/wp-content\/uploads\/2018\/09\/20180901_191148.jpg?fit=1200%2C675&ssl=1&resize=350%2C200 1x, https:\/\/i0.wp.com\/willi-junker.de\/dachs\/wp-content\/uploads\/2018\/09\/20180901_191148.jpg?fit=1200%2C675&ssl=1&resize=525%2C300 1.5x, https:\/\/i0.wp.com\/willi-junker.de\/dachs\/wp-content\/uploads\/2018\/09\/20180901_191148.jpg?fit=1200%2C675&ssl=1&resize=700%2C400 2x, https:\/\/i0.wp.com\/willi-junker.de\/dachs\/wp-content\/uploads\/2018\/09\/20180901_191148.jpg?fit=1200%2C675&ssl=1&resize=1050%2C600 3x"},"classes":[]},{"id":827,"url":"https:\/\/willi-junker.de\/dachs\/?p=827","url_meta":{"origin":2137,"position":4},"title":"09:15 Uhr &#8211; Abmarsch in Waidring","author":"Willi","date":"23.06.2012","format":false,"excerpt":"Letzte Nacht hat es wieder gewittert und geregnet. Ich habe noch lange nach dem EM-Fu\u00dfballspiel mit den Gastwirten und zwei Einheimischen an der Theke gesessen. Um 08:00 Uhr gab es Fr\u00fchst\u00fcck und um 09:15 Uhr geht es los. Da die Berge sehr wolkenverhangen sind bleib ich heute im Tal. \u00dcber\u2026","rel":"","context":"In &quot;Touren&quot;","block_context":{"text":"Touren","link":"https:\/\/willi-junker.de\/dachs\/?cat=3"},"img":{"alt_text":"","src":"","width":0,"height":0},"classes":[]},{"id":5319,"url":"https:\/\/willi-junker.de\/dachs\/?p=5319","url_meta":{"origin":2137,"position":5},"title":"Wolkenstein \/ Seceda","author":"Willi","date":"27.10.2019","format":false,"excerpt":"Nach dem Fr\u00fchst\u00fcck geht es ins Gr\u00f6dnertal. Das Wetter ist unglaublich gut. Weit und breit kein W\u00f6lkchen zu sehen. Vom Parkplatz der Dantercepi\u00ebs geht es in Richtung Langental. Dann \u00fcber den Kreuzweg bis nach Daunei und von dort hoch zur Juac-H\u00fctte. Da wir uns komplett au\u00dferhalb der Saison befinden, ist\u2026","rel":"","context":"In &quot;Touren&quot;","block_context":{"text":"Touren","link":"https:\/\/willi-junker.de\/dachs\/?cat=3"},"img":{"alt_text":"","src":"https:\/\/i0.wp.com\/willi-junker.de\/dachs\/wp-content\/uploads\/2019\/10\/20191027_1124451139096172.jpg?resize=350%2C200&ssl=1","width":350,"height":200,"srcset":"https:\/\/i0.wp.com\/willi-junker.de\/dachs\/wp-content\/uploads\/2019\/10\/20191027_1124451139096172.jpg?resize=350%2C200&ssl=1 1x, https:\/\/i0.wp.com\/willi-junker.de\/dachs\/wp-content\/uploads\/2019\/10\/20191027_1124451139096172.jpg?resize=525%2C300&ssl=1 1.5x, https:\/\/i0.wp.com\/willi-junker.de\/dachs\/wp-content\/uploads\/2019\/10\/20191027_1124451139096172.jpg?resize=700%2C400&ssl=1 2x, https:\/\/i0.wp.com\/willi-junker.de\/dachs\/wp-content\/uploads\/2019\/10\/20191027_1124451139096172.jpg?resize=1050%2C600&ssl=1 3x, https:\/\/i0.wp.com\/willi-junker.de\/dachs\/wp-content\/uploads\/2019\/10\/20191027_1124451139096172.jpg?resize=1400%2C800&ssl=1 4x"},"classes":[]}],"_links":{"self":[{"href":"https:\/\/willi-junker.de\/dachs\/index.php?rest_route=\/wp\/v2\/posts\/2137","targetHints":{"allow":["GET"]}}],"collection":[{"href":"https:\/\/willi-junker.de\/dachs\/index.php?rest_route=\/wp\/v2\/posts"}],"about":[{"href":"https:\/\/willi-junker.de\/dachs\/index.php?rest_route=\/wp\/v2\/types\/post"}],"author":[{"embeddable":true,"href":"https:\/\/willi-junker.de\/dachs\/index.php?rest_route=\/wp\/v2\/users\/1"}],"replies":[{"embeddable":true,"href":"https:\/\/willi-junker.de\/dachs\/index.php?rest_route=%2Fwp%2Fv2%2Fcomments&post=2137"}],"version-history":[{"count":1,"href":"https:\/\/willi-junker.de\/dachs\/index.php?rest_route=\/wp\/v2\/posts\/2137\/revisions"}],"predecessor-version":[{"id":2138,"href":"https:\/\/willi-junker.de\/dachs\/index.php?rest_route=\/wp\/v2\/posts\/2137\/revisions\/2138"}],"wp:attachment":[{"href":"https:\/\/willi-junker.de\/dachs\/index.php?rest_route=%2Fwp%2Fv2%2Fmedia&parent=2137"}],"wp:term":[{"taxonomy":"category","embeddable":true,"href":"https:\/\/willi-junker.de\/dachs\/index.php?rest_route=%2Fwp%2Fv2%2Fcategories&post=2137"},{"taxonomy":"post_tag","embeddable":true,"href":"https:\/\/willi-junker.de\/dachs\/index.php?rest_route=%2Fwp%2Fv2%2Ftags&post=2137"}],"curies":[{"name":"wp","href":"https:\/\/api.w.org\/{rel}","templated":true}]}}