{"id":2131,"date":"2015-06-07T14:00:00","date_gmt":"2015-06-07T12:00:00","guid":{"rendered":"http:\/\/willi-junker.de\/dachs\/?p=2131"},"modified":"2015-06-07T14:58:51","modified_gmt":"2015-06-07T12:58:51","slug":"zurueck-auf-dem-hunsrueck","status":"publish","type":"post","link":"https:\/\/willi-junker.de\/dachs\/?p=2131","title":{"rendered":"Zur\u00fcck auf dem Hunsr\u00fcck"},"content":{"rendered":"<p><a href=\"https:\/\/i0.wp.com\/willi-junker.de\/dachs\/wp-content\/uploads\/2015\/06\/wpid-IMAG09471.jpg?ssl=1\"><img data-recalc-dims=\"1\" decoding=\"async\" title=\"IMAG0947.jpg\" class=\"alignnone size-full\" alt=\"image\" src=\"https:\/\/i0.wp.com\/willi-junker.de\/dachs\/wp-content\/uploads\/2015\/06\/wpid-IMAG0947.jpg?w=640&#038;ssl=1\" \/><\/a><\/p>\n<p><a href=\"https:\/\/i0.wp.com\/willi-junker.de\/dachs\/wp-content\/uploads\/2015\/06\/wpid-IMAG09481.jpg?ssl=1\"><img data-recalc-dims=\"1\" decoding=\"async\" title=\"IMAG0948.jpg\" class=\"alignnone size-full\" alt=\"image\" src=\"https:\/\/i0.wp.com\/willi-junker.de\/dachs\/wp-content\/uploads\/2015\/06\/wpid-IMAG0948.jpg?w=640&#038;ssl=1\" \/><\/a><\/p>\n<p>Nach 56 km bin ich zur\u00fcck. Einfach toll heute.<\/p>\n","protected":false},"excerpt":{"rendered":"<p>Nach 56 km bin ich zur\u00fcck. Einfach toll heute.<\/p>\n","protected":false},"author":1,"featured_media":0,"comment_status":"open","ping_status":"open","sticky":false,"template":"","format":"standard","meta":{"_crdt_document":"","jetpack_post_was_ever_published":false,"_jetpack_newsletter_access":"","_jetpack_dont_email_post_to_subs":false,"_jetpack_newsletter_tier_id":0,"_jetpack_memberships_contains_paywalled_content":false,"_jetpack_memberships_contains_paid_content":false,"footnotes":"","jetpack_publicize_message":"","jetpack_publicize_feature_enabled":true,"jetpack_social_post_already_shared":false,"jetpack_social_options":{"image_generator_settings":{"template":"highway","default_image_id":0,"font":"","enabled":false},"version":2}},"categories":[3],"tags":[],"class_list":["post-2131","post","type-post","status-publish","format-standard","hentry","category-touren"],"jetpack_publicize_connections":[],"jetpack_featured_media_url":"","jetpack_sharing_enabled":true,"jetpack_shortlink":"https:\/\/wp.me\/p73o9s-yn","jetpack-related-posts":[{"id":1173,"url":"https:\/\/willi-junker.de\/dachs\/?p=1173","url_meta":{"origin":2131,"position":0},"title":"Letzter Skitag.","author":"Willi","date":"02.03.2013","format":false,"excerpt":"Ich hatte schon gestern den letzten Skitag. Heute gehen wir zu f\u00fcnft spazieren, ich erk\u00e4ltungsbedingt. Wir sind hoch zum Langlaufzentrum Pfalzen. Der Rest der Gruppe ist auf dem Kronplatz. Heute Abend, nach dem Abendessen, gehts zur\u00fcck in den Hunsr\u00fcck.","rel":"","context":"In &quot;Touren&quot;","block_context":{"text":"Touren","link":"https:\/\/willi-junker.de\/dachs\/?cat=3"},"img":{"alt_text":"","src":"","width":0,"height":0},"classes":[]},{"id":3941,"url":"https:\/\/willi-junker.de\/dachs\/?p=3941","url_meta":{"origin":2131,"position":1},"title":"Oster-Wandertour 2017","author":"Willi","date":"16.04.2017","format":false,"excerpt":"Bin heute am 1. Ostertag schon fr\u00fch losgefahren und treffe gegen 08:50 Uhr am Parkplatz am Hunsr\u00fcckhaus am Erbeskopf ein. Es ist noch ganz sch\u00f6n k\u00fchl, die Grashalme teilweise gefroren. Zuerst folge ich der Traumschleife Gipfelrauschen gegen den Uhrzeigersinn. Er f\u00fchrt mich bis \u00fcber den Gipfelkamm. Dort biege ich dann\u2026","rel":"","context":"In &quot;Touren&quot;","block_context":{"text":"Touren","link":"https:\/\/willi-junker.de\/dachs\/?cat=3"},"img":{"alt_text":"","src":"https:\/\/i0.wp.com\/willi-junker.de\/dachs\/wp-content\/uploads\/2017\/04\/2017_03_16_001-500x281.jpg?resize=350%2C200","width":350,"height":200},"classes":[]},{"id":4263,"url":"https:\/\/willi-junker.de\/dachs\/?p=4263","url_meta":{"origin":2131,"position":2},"title":"Tag 12 &#8211; Ein ruhiger Tag auf der Seiser Alm\u00a0","author":"Willi","date":"29.07.2017","format":false,"excerpt":"Heute bin ich dann doch mal etwas sp\u00e4ter aufgestanden. Nach dem Fr\u00fchst\u00fcck geht es mit dem Bus nach St. Ulrich und mit der Seilbahn hoch auf die Seiser Alm. Dann einmal quer r\u00fcber bis zur Saltner Schwaige. \u00a0 Dort habe ich mit Patrick gesessen bis Tanja und Andre von der\u2026","rel":"","context":"In &quot;Touren&quot;","block_context":{"text":"Touren","link":"https:\/\/willi-junker.de\/dachs\/?cat=3"},"img":{"alt_text":"","src":"https:\/\/i0.wp.com\/willi-junker.de\/dachs\/wp-content\/uploads\/2017\/07\/wp-image-211246506.jpg?resize=350%2C200","width":350,"height":200,"srcset":"https:\/\/i0.wp.com\/willi-junker.de\/dachs\/wp-content\/uploads\/2017\/07\/wp-image-211246506.jpg?resize=350%2C200 1x, https:\/\/i0.wp.com\/willi-junker.de\/dachs\/wp-content\/uploads\/2017\/07\/wp-image-211246506.jpg?resize=525%2C300 1.5x, https:\/\/i0.wp.com\/willi-junker.de\/dachs\/wp-content\/uploads\/2017\/07\/wp-image-211246506.jpg?resize=700%2C400 2x, https:\/\/i0.wp.com\/willi-junker.de\/dachs\/wp-content\/uploads\/2017\/07\/wp-image-211246506.jpg?resize=1050%2C600 3x, https:\/\/i0.wp.com\/willi-junker.de\/dachs\/wp-content\/uploads\/2017\/07\/wp-image-211246506.jpg?resize=1400%2C800 4x"},"classes":[]},{"id":4334,"url":"https:\/\/willi-junker.de\/dachs\/?p=4334","url_meta":{"origin":2131,"position":3},"title":"Allerheiligen &#8211; Wandern auf dem Saar-Hunsr\u00fcck-Steig und diversen Traumschleifen\u00a0","author":"Willi","date":"01.11.2017","format":false,"excerpt":"Bin heute Morgen bei blauem Himmel und einstelligen Temperaturen \u00fcber den Schinderhannespfad nach Kastellaun. Auf dem Marktplatz bin ich auf den Saar-Hunsr\u00fcck-Steig gesto\u00dfen. Zuerst \u00fcber die Burg und dann weiter in Richtung Uhler und Mannebach. Dann kommt nach knapp 20 km das Tor zur Traumschleife Baybachtal. Gegen 12:20 Uhr bin\u2026","rel":"","context":"In &quot;Touren&quot;","block_context":{"text":"Touren","link":"https:\/\/willi-junker.de\/dachs\/?cat=3"},"img":{"alt_text":"","src":"","width":0,"height":0},"classes":[]},{"id":4871,"url":"https:\/\/willi-junker.de\/dachs\/?p=4871","url_meta":{"origin":2131,"position":4},"title":"Saar-Hunsr\u00fcck-Steig r\u00fcckw\u00e4rts &#8211; Tag 4 &#8211; Etappe 17","author":"Willi","date":"12.10.2018","format":false,"excerpt":"Punkt acht verlasse ich das Hotel. Meine Schwester mit Hund f\u00e4hrt auch gerade vor. Sie l\u00e4uft noch die ersten f\u00fcnf km bis zum Aussichtspunkt am Flughafen Hahn mit, dann kehrt sie von dort zum Auto zur\u00fcck. Der Weg bis Hahn geht durch ein tolles Seitental. Das macht Laune. Die f\u00fcnf\u2026","rel":"","context":"In &quot;Touren&quot;","block_context":{"text":"Touren","link":"https:\/\/willi-junker.de\/dachs\/?cat=3"},"img":{"alt_text":"","src":"https:\/\/i0.wp.com\/willi-junker.de\/dachs\/wp-content\/uploads\/2018\/10\/20181012_093832-1704176580.jpg?resize=350%2C200","width":350,"height":200,"srcset":"https:\/\/i0.wp.com\/willi-junker.de\/dachs\/wp-content\/uploads\/2018\/10\/20181012_093832-1704176580.jpg?resize=350%2C200 1x, https:\/\/i0.wp.com\/willi-junker.de\/dachs\/wp-content\/uploads\/2018\/10\/20181012_093832-1704176580.jpg?resize=525%2C300 1.5x, https:\/\/i0.wp.com\/willi-junker.de\/dachs\/wp-content\/uploads\/2018\/10\/20181012_093832-1704176580.jpg?resize=700%2C400 2x, https:\/\/i0.wp.com\/willi-junker.de\/dachs\/wp-content\/uploads\/2018\/10\/20181012_093832-1704176580.jpg?resize=1050%2C600 3x, https:\/\/i0.wp.com\/willi-junker.de\/dachs\/wp-content\/uploads\/2018\/10\/20181012_093832-1704176580.jpg?resize=1400%2C800 4x"},"classes":[]},{"id":3038,"url":"https:\/\/willi-junker.de\/dachs\/?p=3038","url_meta":{"origin":2131,"position":5},"title":"08:00 Boppard &#8211; Zu Fu\u00df zur\u00fcck in den Hunsr\u00fcck","author":"Willi","date":"08.11.2015","format":false,"excerpt":"Ich stehe in Boppard am Rhein. Die Sonne ist gerade aufgegangen. Von hier laufe ich zu Fu\u00df bis nach Laubach. D\u00fcrfte in etwa eine Marathondistanz bei rauskommen. Das Wetter ist toll. Im Rheintal wabert noch leicht der Nebel. Auf Hunsr\u00fcck- und Taunush\u00f6hen ist es sonnig.","rel":"","context":"In &quot;Touren&quot;","block_context":{"text":"Touren","link":"https:\/\/willi-junker.de\/dachs\/?cat=3"},"img":{"alt_text":"","src":"","width":0,"height":0},"classes":[]}],"_links":{"self":[{"href":"https:\/\/willi-junker.de\/dachs\/index.php?rest_route=\/wp\/v2\/posts\/2131","targetHints":{"allow":["GET"]}}],"collection":[{"href":"https:\/\/willi-junker.de\/dachs\/index.php?rest_route=\/wp\/v2\/posts"}],"about":[{"href":"https:\/\/willi-junker.de\/dachs\/index.php?rest_route=\/wp\/v2\/types\/post"}],"author":[{"embeddable":true,"href":"https:\/\/willi-junker.de\/dachs\/index.php?rest_route=\/wp\/v2\/users\/1"}],"replies":[{"embeddable":true,"href":"https:\/\/willi-junker.de\/dachs\/index.php?rest_route=%2Fwp%2Fv2%2Fcomments&post=2131"}],"version-history":[{"count":1,"href":"https:\/\/willi-junker.de\/dachs\/index.php?rest_route=\/wp\/v2\/posts\/2131\/revisions"}],"predecessor-version":[{"id":2132,"href":"https:\/\/willi-junker.de\/dachs\/index.php?rest_route=\/wp\/v2\/posts\/2131\/revisions\/2132"}],"wp:attachment":[{"href":"https:\/\/willi-junker.de\/dachs\/index.php?rest_route=%2Fwp%2Fv2%2Fmedia&parent=2131"}],"wp:term":[{"taxonomy":"category","embeddable":true,"href":"https:\/\/willi-junker.de\/dachs\/index.php?rest_route=%2Fwp%2Fv2%2Fcategories&post=2131"},{"taxonomy":"post_tag","embeddable":true,"href":"https:\/\/willi-junker.de\/dachs\/index.php?rest_route=%2Fwp%2Fv2%2Ftags&post=2131"}],"curies":[{"name":"wp","href":"https:\/\/api.w.org\/{rel}","templated":true}]}}