{"id":2109,"date":"2015-05-10T19:15:00","date_gmt":"2015-05-10T17:15:00","guid":{"rendered":"http:\/\/willi-junker.de\/dachs\/?p=2109"},"modified":"2015-05-10T20:13:08","modified_gmt":"2015-05-10T18:13:08","slug":"1915-uhr-spesenroth","status":"publish","type":"post","link":"https:\/\/willi-junker.de\/dachs\/?p=2109","title":{"rendered":"19:15 Uhr Spesenroth"},"content":{"rendered":"<p>Im S\u00fcden, am Horizont hat die Tour heute Morgen begonnen.<\/p>\n<p><a href=\"https:\/\/i0.wp.com\/willi-junker.de\/dachs\/wp-content\/uploads\/2015\/05\/wpid-IMAG09301.jpg?ssl=1\"><img data-recalc-dims=\"1\" decoding=\"async\" title=\"IMAG0930.jpg\" class=\"alignnone size-full\" alt=\"image\" src=\"https:\/\/i0.wp.com\/willi-junker.de\/dachs\/wp-content\/uploads\/2015\/05\/wpid-IMAG0930.jpg?w=640&#038;ssl=1\" \/><\/a><\/p>\n","protected":false},"excerpt":{"rendered":"<p>Im S\u00fcden, am Horizont hat die Tour heute Morgen begonnen.<\/p>\n","protected":false},"author":1,"featured_media":0,"comment_status":"open","ping_status":"open","sticky":false,"template":"","format":"standard","meta":{"_crdt_document":"","jetpack_post_was_ever_published":false,"_jetpack_newsletter_access":"","_jetpack_dont_email_post_to_subs":false,"_jetpack_newsletter_tier_id":0,"_jetpack_memberships_contains_paywalled_content":false,"_jetpack_memberships_contains_paid_content":false,"footnotes":"","jetpack_publicize_message":"","jetpack_publicize_feature_enabled":true,"jetpack_social_post_already_shared":false,"jetpack_social_options":{"image_generator_settings":{"template":"highway","default_image_id":0,"font":"","enabled":false},"version":2}},"categories":[3],"tags":[],"class_list":["post-2109","post","type-post","status-publish","format-standard","hentry","category-touren"],"jetpack_publicize_connections":[],"jetpack_featured_media_url":"","jetpack_sharing_enabled":true,"jetpack_shortlink":"https:\/\/wp.me\/p73o9s-y1","jetpack-related-posts":[{"id":1657,"url":"https:\/\/willi-junker.de\/dachs\/?p=1657","url_meta":{"origin":2109,"position":0},"title":"Im Dauerregen auf die Regensburger H\u00fctte","author":"Willi","date":"23.08.2014","format":false,"excerpt":"Bin heute Morgen um kurz vor 9 Uhr los. Nach 10 Minuten hat dann der Regen begonnen. Das wird heute wohl ein H\u00fcttentag.","rel":"","context":"In &quot;Touren&quot;","block_context":{"text":"Touren","link":"https:\/\/willi-junker.de\/dachs\/?cat=3"},"img":{"alt_text":"","src":"","width":0,"height":0},"classes":[]},{"id":1175,"url":"https:\/\/willi-junker.de\/dachs\/?p=1175","url_meta":{"origin":2109,"position":1},"title":"Parkplatz OK-H\u00fctte Morbach","author":"Willi","date":"29.03.2013","format":false,"excerpt":"Bin heute Morgen um 07:45 Uhr, bei leichtem Schneefall, zum Parkplatz oberhalb von Morbach unterweg. Hier lasse ich das Auto stehen und laufe in Richtung S\u00fcden auf der Kahlheidloipe los. Wie fast immer bin ich auch heute der Erste in der Spur und darf mal wieder spuren. Seit gestern hat\u2026","rel":"","context":"In &quot;Touren&quot;","block_context":{"text":"Touren","link":"https:\/\/willi-junker.de\/dachs\/?cat=3"},"img":{"alt_text":"Hochwaldloipe","src":"https:\/\/i0.wp.com\/willi-junker.de\/dachs\/wp-content\/uploads\/2013\/03\/1-500x299.jpg?resize=350%2C200","width":350,"height":200},"classes":[]},{"id":3806,"url":"https:\/\/willi-junker.de\/dachs\/?p=3806","url_meta":{"origin":2109,"position":2},"title":"3. Skitag &#8211; Eine gro\u00dfe Rundtour","author":"Willi","date":"06.03.2017","format":false,"excerpt":"Heute Morgen geht es schon fr\u00fch los. Um 9 Uhr bin ich schon in Plan de Gralba. Weiter geht es durch die Steinerne Stadt und durch das Skigebiet von Canazei hinab nach Alba.\u00a0 \u00dcber Alba f\u00fchrt die Tour weiter ins Skigebiet Pozza Bufaure und hinab nach Pozza. Dort bin ich\u2026","rel":"","context":"In &quot;Touren&quot;","block_context":{"text":"Touren","link":"https:\/\/willi-junker.de\/dachs\/?cat=3"},"img":{"alt_text":"","src":"https:\/\/i0.wp.com\/willi-junker.de\/dachs\/wp-content\/uploads\/2017\/03\/wp-image-1771660300jpg.jpg?resize=350%2C200","width":350,"height":200,"srcset":"https:\/\/i0.wp.com\/willi-junker.de\/dachs\/wp-content\/uploads\/2017\/03\/wp-image-1771660300jpg.jpg?resize=350%2C200 1x, https:\/\/i0.wp.com\/willi-junker.de\/dachs\/wp-content\/uploads\/2017\/03\/wp-image-1771660300jpg.jpg?resize=525%2C300 1.5x, https:\/\/i0.wp.com\/willi-junker.de\/dachs\/wp-content\/uploads\/2017\/03\/wp-image-1771660300jpg.jpg?resize=700%2C400 2x"},"classes":[]},{"id":4527,"url":"https:\/\/willi-junker.de\/dachs\/?p=4527","url_meta":{"origin":2109,"position":3},"title":"Tag 3 &#8211; Radtour zum Laubachtreffen im Elsass","author":"Willi","date":"27.06.2018","format":false,"excerpt":"Nach ruhiger Nacht und gutem Fr\u00fchst\u00fcck sind wir wieder auf Tour seit kurz nach 9 Uhr. Gegen 10:15 Uhr sind wir schon an der Kathedrale in Metz. Von Metz geht es weiter nach Nancy. Der Weg ist nicht immer so leicht zu finden. Zwischendurch nehmen wir noch das Mittagessen ein.\u2026","rel":"","context":"In &quot;Touren&quot;","block_context":{"text":"Touren","link":"https:\/\/willi-junker.de\/dachs\/?cat=3"},"img":{"alt_text":"","src":"https:\/\/i0.wp.com\/willi-junker.de\/dachs\/wp-content\/uploads\/2018\/06\/20180627_102233860068205.jpg?resize=350%2C200","width":350,"height":200,"srcset":"https:\/\/i0.wp.com\/willi-junker.de\/dachs\/wp-content\/uploads\/2018\/06\/20180627_102233860068205.jpg?resize=350%2C200 1x, https:\/\/i0.wp.com\/willi-junker.de\/dachs\/wp-content\/uploads\/2018\/06\/20180627_102233860068205.jpg?resize=525%2C300 1.5x, https:\/\/i0.wp.com\/willi-junker.de\/dachs\/wp-content\/uploads\/2018\/06\/20180627_102233860068205.jpg?resize=700%2C400 2x, https:\/\/i0.wp.com\/willi-junker.de\/dachs\/wp-content\/uploads\/2018\/06\/20180627_102233860068205.jpg?resize=1050%2C600 3x, https:\/\/i0.wp.com\/willi-junker.de\/dachs\/wp-content\/uploads\/2018\/06\/20180627_102233860068205.jpg?resize=1400%2C800 4x"},"classes":[]},{"id":922,"url":"https:\/\/willi-junker.de\/dachs\/?p=922","url_meta":{"origin":2109,"position":4},"title":"L\u00fcsener Alm &#8211; kurz und knackig","author":"Willi","date":"02.07.2012","format":false,"excerpt":"Um 09:00 Uhr stehe ich fertig bepackt an der Rezeption vom Hotel Weiher. Leider ist mein Aufenthalt hier viel zu kurz gewesen. Gestern Abend gab es ein super Galadiner mit Sektempfang im Garten. Da ich das Haus ja nur vom Winter kenne, gab es hier bisher nur Gl\u00fchwein. Danach gab's\u2026","rel":"","context":"In &quot;Touren&quot;","block_context":{"text":"Touren","link":"https:\/\/willi-junker.de\/dachs\/?cat=3"},"img":{"alt_text":"","src":"","width":0,"height":0},"classes":[]},{"id":2585,"url":"https:\/\/willi-junker.de\/dachs\/?p=2585","url_meta":{"origin":2109,"position":5},"title":"10:00 Uhr &#8211; auf dem Weg nach Sibratsgf\u00e4ll","author":"Willi","date":"20.08.2015","format":false,"excerpt":"In der Bildmitte liegt Lingenau. Dort war ich letzte Nacht. Ich bin heute erst um 10:00 Uhr losmarschiert. Zuerst bin ich bis Hittisau an der Stra\u00dfe vorbei, um die heftige Schlucht im S\u00fcden zu umgehen. Von Hittisau bin ich dann in Richtung Sibratsgf\u00e4ll abgebogen um mich immer sch\u00f6n oberhalb der\u2026","rel":"","context":"In &quot;Touren&quot;","block_context":{"text":"Touren","link":"https:\/\/willi-junker.de\/dachs\/?cat=3"},"img":{"alt_text":"","src":"","width":0,"height":0},"classes":[]}],"_links":{"self":[{"href":"https:\/\/willi-junker.de\/dachs\/index.php?rest_route=\/wp\/v2\/posts\/2109","targetHints":{"allow":["GET"]}}],"collection":[{"href":"https:\/\/willi-junker.de\/dachs\/index.php?rest_route=\/wp\/v2\/posts"}],"about":[{"href":"https:\/\/willi-junker.de\/dachs\/index.php?rest_route=\/wp\/v2\/types\/post"}],"author":[{"embeddable":true,"href":"https:\/\/willi-junker.de\/dachs\/index.php?rest_route=\/wp\/v2\/users\/1"}],"replies":[{"embeddable":true,"href":"https:\/\/willi-junker.de\/dachs\/index.php?rest_route=%2Fwp%2Fv2%2Fcomments&post=2109"}],"version-history":[{"count":1,"href":"https:\/\/willi-junker.de\/dachs\/index.php?rest_route=\/wp\/v2\/posts\/2109\/revisions"}],"predecessor-version":[{"id":2110,"href":"https:\/\/willi-junker.de\/dachs\/index.php?rest_route=\/wp\/v2\/posts\/2109\/revisions\/2110"}],"wp:attachment":[{"href":"https:\/\/willi-junker.de\/dachs\/index.php?rest_route=%2Fwp%2Fv2%2Fmedia&parent=2109"}],"wp:term":[{"taxonomy":"category","embeddable":true,"href":"https:\/\/willi-junker.de\/dachs\/index.php?rest_route=%2Fwp%2Fv2%2Fcategories&post=2109"},{"taxonomy":"post_tag","embeddable":true,"href":"https:\/\/willi-junker.de\/dachs\/index.php?rest_route=%2Fwp%2Fv2%2Ftags&post=2109"}],"curies":[{"name":"wp","href":"https:\/\/api.w.org\/{rel}","templated":true}]}}