{"id":2105,"date":"2015-05-10T18:45:00","date_gmt":"2015-05-10T16:45:00","guid":{"rendered":"http:\/\/willi-junker.de\/dachs\/?p=2105"},"modified":"2015-05-10T20:10:54","modified_gmt":"2015-05-10T18:10:54","slug":"1845-uhr-hohe-buch","status":"publish","type":"post","link":"https:\/\/willi-junker.de\/dachs\/?p=2105","title":{"rendered":"18:45 Uhr Hohe Buch"},"content":{"rendered":"<p>43 sch\u00f6ne Kilometer sind zu Ende. Aber ich muss ja nochmals zur\u00fcck nach Laubach.<\/p>\n","protected":false},"excerpt":{"rendered":"<p>43 sch\u00f6ne Kilometer sind zu Ende. Aber ich muss ja nochmals zur\u00fcck nach Laubach.<\/p>\n","protected":false},"author":1,"featured_media":0,"comment_status":"open","ping_status":"open","sticky":false,"template":"","format":"standard","meta":{"_crdt_document":"","jetpack_post_was_ever_published":false,"_jetpack_newsletter_access":"","_jetpack_dont_email_post_to_subs":false,"_jetpack_newsletter_tier_id":0,"_jetpack_memberships_contains_paywalled_content":false,"_jetpack_memberships_contains_paid_content":false,"footnotes":"","jetpack_publicize_message":"","jetpack_publicize_feature_enabled":true,"jetpack_social_post_already_shared":false,"jetpack_social_options":{"image_generator_settings":{"template":"highway","default_image_id":0,"font":"","enabled":false},"version":2}},"categories":[3],"tags":[],"class_list":["post-2105","post","type-post","status-publish","format-standard","hentry","category-touren"],"jetpack_publicize_connections":[],"jetpack_featured_media_url":"","jetpack_sharing_enabled":true,"jetpack_shortlink":"https:\/\/wp.me\/p73o9s-xX","jetpack-related-posts":[{"id":4669,"url":"https:\/\/willi-junker.de\/dachs\/?p=4669","url_meta":{"origin":2105,"position":0},"title":"RAM100K &#8211; Rhein-Ahr-Marsch 2018","author":"Willi","date":"06.07.2018","format":false,"excerpt":"Heute probiere ich mal was Neues. 24 Stundenwanderungen hab ich ja schon einige gemacht, aber noch nie mehr als 80 km. Das soll sich heute \u00e4ndern. Heute stehen 100 km auf dem Programm. Start und Ziel in Rheinbach bei Bonn. Heute Abend um 20:00 Uhr geht es los. Zuerst geht\u2026","rel":"","context":"In &quot;Touren&quot;","block_context":{"text":"Touren","link":"https:\/\/willi-junker.de\/dachs\/?cat=3"},"img":{"alt_text":"","src":"https:\/\/i0.wp.com\/willi-junker.de\/dachs\/wp-content\/uploads\/2018\/07\/20180706_154457646968539.jpg?resize=350%2C200","width":350,"height":200,"srcset":"https:\/\/i0.wp.com\/willi-junker.de\/dachs\/wp-content\/uploads\/2018\/07\/20180706_154457646968539.jpg?resize=350%2C200 1x, https:\/\/i0.wp.com\/willi-junker.de\/dachs\/wp-content\/uploads\/2018\/07\/20180706_154457646968539.jpg?resize=525%2C300 1.5x, https:\/\/i0.wp.com\/willi-junker.de\/dachs\/wp-content\/uploads\/2018\/07\/20180706_154457646968539.jpg?resize=700%2C400 2x, https:\/\/i0.wp.com\/willi-junker.de\/dachs\/wp-content\/uploads\/2018\/07\/20180706_154457646968539.jpg?resize=1050%2C600 3x, https:\/\/i0.wp.com\/willi-junker.de\/dachs\/wp-content\/uploads\/2018\/07\/20180706_154457646968539.jpg?resize=1400%2C800 4x"},"classes":[]},{"id":5153,"url":"https:\/\/willi-junker.de\/dachs\/?p=5153","url_meta":{"origin":2105,"position":1},"title":"Skitag 5 &#8211; Wintertour des TuS Laubach eV","author":"Willi","date":"09.02.2019","format":false,"excerpt":"Am letzten Skitag sind wir wieder am Kronplatz. Die Koffer sind gepackt und die Zimmer verlassen. Die Sonne scheint auch heuer wieder. Auf zur letzten Runde. So ganz konnte ich es mir dann doch nicht verkneifen und habe das Skigebiet verlassen. Hab noch eine ordentliche Runde in Alta Badia gedreht.\u2026","rel":"","context":"In &quot;Touren&quot;","block_context":{"text":"Touren","link":"https:\/\/willi-junker.de\/dachs\/?cat=3"},"img":{"alt_text":"","src":"","width":0,"height":0},"classes":[]},{"id":2609,"url":"https:\/\/willi-junker.de\/dachs\/?p=2609","url_meta":{"origin":2105,"position":2},"title":"09:00 Uhr &#8211; es geht zur ersten Scharte","author":"Willi","date":"21.08.2015","format":false,"excerpt":"P\u00fcnktlich um 09:00 Uhr verabschiede ich mich von der gastlichen Familie. Zuerst laufe ich etwas auf dem Weg zur\u00fcck auf dem ich gestern in den Weiler kam. Dann geht es in Richtung S\u00fcden, leicht ansteigend. Ganz am Ende des Tales endet der Schotterweg und es beginnt ein wilder Steig, total\u2026","rel":"","context":"In &quot;Touren&quot;","block_context":{"text":"Touren","link":"https:\/\/willi-junker.de\/dachs\/?cat=3"},"img":{"alt_text":"","src":"","width":0,"height":0},"classes":[]},{"id":5484,"url":"https:\/\/willi-junker.de\/dachs\/?p=5484","url_meta":{"origin":2105,"position":3},"title":"24-Stunden-Wanderung \/ Private Edition 2021","author":"Willi","date":"24.06.2021","format":false,"excerpt":"Da in diesem Jahr die 24-Stunden-Wanderung von RLP in Hennweiler wieder nicht stattfinden konnte, haben meine Schwester und ich uns \u00fcberlegt eine eigene Veranstaltung durchzuf\u00fchren. Freitag, den 25. Juni 2021 haben wir uns daf\u00fcr ausgesucht. Start um Punkt 00:00 Uhr in Laubach und dann open End, soweit die F\u00fc\u00dfe tragen.\u2026","rel":"","context":"In &quot;Touren&quot;","block_context":{"text":"Touren","link":"https:\/\/willi-junker.de\/dachs\/?cat=3"},"img":{"alt_text":"","src":"https:\/\/i0.wp.com\/willi-junker.de\/dachs\/wp-content\/uploads\/2021\/11\/IMG-20210625-WA0003.jpg?resize=350%2C200&ssl=1","width":350,"height":200,"srcset":"https:\/\/i0.wp.com\/willi-junker.de\/dachs\/wp-content\/uploads\/2021\/11\/IMG-20210625-WA0003.jpg?resize=350%2C200&ssl=1 1x, https:\/\/i0.wp.com\/willi-junker.de\/dachs\/wp-content\/uploads\/2021\/11\/IMG-20210625-WA0003.jpg?resize=525%2C300&ssl=1 1.5x, https:\/\/i0.wp.com\/willi-junker.de\/dachs\/wp-content\/uploads\/2021\/11\/IMG-20210625-WA0003.jpg?resize=700%2C400&ssl=1 2x, https:\/\/i0.wp.com\/willi-junker.de\/dachs\/wp-content\/uploads\/2021\/11\/IMG-20210625-WA0003.jpg?resize=1050%2C600&ssl=1 3x, https:\/\/i0.wp.com\/willi-junker.de\/dachs\/wp-content\/uploads\/2021\/11\/IMG-20210625-WA0003.jpg?resize=1400%2C800&ssl=1 4x"},"classes":[]},{"id":5256,"url":"https:\/\/willi-junker.de\/dachs\/?p=5256","url_meta":{"origin":2105,"position":4},"title":"Radtour nach Bad Sch\u00f6nborn \/ Tag 4 (R\u00fcckreise)","author":"Willi Junker","date":"21.07.2019","format":false,"excerpt":"Schnell ist der Kurztrip nach Bad Sch\u00f6nborn schon an seinem Ende angelangt. Doch heute am Sonntag haben wir uns noch einiges vorgenommen. Nach dem Fr\u00fchst\u00fcck wird gepackt. Wir d\u00fcrfen das Gep\u00e4ck und das Fahrrad weiterhin im Hotel belassen und so k\u00f6nnen wir noch ausgiebig die Therme erkunden. Gegen 14 Uhr\u2026","rel":"","context":"In &quot;Touren&quot;","block_context":{"text":"Touren","link":"https:\/\/willi-junker.de\/dachs\/?cat=3"},"img":{"alt_text":"","src":"https:\/\/i0.wp.com\/willi-junker.de\/dachs\/wp-content\/uploads\/2019\/07\/grafik-1.png?resize=350%2C200&ssl=1","width":350,"height":200,"srcset":"https:\/\/i0.wp.com\/willi-junker.de\/dachs\/wp-content\/uploads\/2019\/07\/grafik-1.png?resize=350%2C200&ssl=1 1x, https:\/\/i0.wp.com\/willi-junker.de\/dachs\/wp-content\/uploads\/2019\/07\/grafik-1.png?resize=525%2C300&ssl=1 1.5x, https:\/\/i0.wp.com\/willi-junker.de\/dachs\/wp-content\/uploads\/2019\/07\/grafik-1.png?resize=700%2C400&ssl=1 2x, https:\/\/i0.wp.com\/willi-junker.de\/dachs\/wp-content\/uploads\/2019\/07\/grafik-1.png?resize=1050%2C600&ssl=1 3x"},"classes":[]},{"id":4535,"url":"https:\/\/willi-junker.de\/dachs\/?p=4535","url_meta":{"origin":2105,"position":5},"title":"Tag 4 &#8211; Radtour zum Laubachtreffen im Elsass","author":"Willi","date":"28.06.2018","format":false,"excerpt":"Nach dem tollen Abend gestern in Luneville starten wir auch heute Morgen wieder um kurz nach neun Uhr. Zuerst m\u00fcssen wir wieder zur\u00fcck an den Rhein-Marne-Kanal. Da geht es \u00fcber 20 km ordentlich bergauf und bergab.Die ersten Kilometer am Kanal sind aber auch nicht viel besser. Teils auf tollem Radweg\u2026","rel":"","context":"In &quot;Touren&quot;","block_context":{"text":"Touren","link":"https:\/\/willi-junker.de\/dachs\/?cat=3"},"img":{"alt_text":"","src":"","width":0,"height":0},"classes":[]}],"_links":{"self":[{"href":"https:\/\/willi-junker.de\/dachs\/index.php?rest_route=\/wp\/v2\/posts\/2105","targetHints":{"allow":["GET"]}}],"collection":[{"href":"https:\/\/willi-junker.de\/dachs\/index.php?rest_route=\/wp\/v2\/posts"}],"about":[{"href":"https:\/\/willi-junker.de\/dachs\/index.php?rest_route=\/wp\/v2\/types\/post"}],"author":[{"embeddable":true,"href":"https:\/\/willi-junker.de\/dachs\/index.php?rest_route=\/wp\/v2\/users\/1"}],"replies":[{"embeddable":true,"href":"https:\/\/willi-junker.de\/dachs\/index.php?rest_route=%2Fwp%2Fv2%2Fcomments&post=2105"}],"version-history":[{"count":1,"href":"https:\/\/willi-junker.de\/dachs\/index.php?rest_route=\/wp\/v2\/posts\/2105\/revisions"}],"predecessor-version":[{"id":2106,"href":"https:\/\/willi-junker.de\/dachs\/index.php?rest_route=\/wp\/v2\/posts\/2105\/revisions\/2106"}],"wp:attachment":[{"href":"https:\/\/willi-junker.de\/dachs\/index.php?rest_route=%2Fwp%2Fv2%2Fmedia&parent=2105"}],"wp:term":[{"taxonomy":"category","embeddable":true,"href":"https:\/\/willi-junker.de\/dachs\/index.php?rest_route=%2Fwp%2Fv2%2Fcategories&post=2105"},{"taxonomy":"post_tag","embeddable":true,"href":"https:\/\/willi-junker.de\/dachs\/index.php?rest_route=%2Fwp%2Fv2%2Ftags&post=2105"}],"curies":[{"name":"wp","href":"https:\/\/api.w.org\/{rel}","templated":true}]}}