{"id":2103,"date":"2015-05-10T19:45:00","date_gmt":"2015-05-10T17:45:00","guid":{"rendered":"http:\/\/willi-junker.de\/dachs\/?p=2103"},"modified":"2015-05-10T20:09:49","modified_gmt":"2015-05-10T18:09:49","slug":"1945-uhr-fast-am-ziel","status":"publish","type":"post","link":"https:\/\/willi-junker.de\/dachs\/?p=2103","title":{"rendered":"19:45 Uhr &#8211; fast  am Ziel"},"content":{"rendered":"<p>Das Ziel ist in Sicht.<\/p>\n<p><a href=\"https:\/\/i0.wp.com\/willi-junker.de\/dachs\/wp-content\/uploads\/2015\/05\/wpid-IMAG09311.jpg?ssl=1\"><img data-recalc-dims=\"1\" decoding=\"async\" title=\"IMAG0931.jpg\" class=\"alignnone size-full\" alt=\"image\" src=\"https:\/\/i0.wp.com\/willi-junker.de\/dachs\/wp-content\/uploads\/2015\/05\/wpid-IMAG0931.jpg?w=640&#038;ssl=1\" \/><\/a><\/p>\n<p>Jetzt noch ein kurzer Einkehrschwung.<\/p>\n","protected":false},"excerpt":{"rendered":"<p>Das Ziel ist in Sicht. Jetzt noch ein kurzer Einkehrschwung.<\/p>\n","protected":false},"author":1,"featured_media":0,"comment_status":"open","ping_status":"open","sticky":false,"template":"","format":"standard","meta":{"_crdt_document":"","jetpack_post_was_ever_published":false,"_jetpack_newsletter_access":"","_jetpack_dont_email_post_to_subs":false,"_jetpack_newsletter_tier_id":0,"_jetpack_memberships_contains_paywalled_content":false,"_jetpack_memberships_contains_paid_content":false,"footnotes":"","jetpack_publicize_message":"","jetpack_publicize_feature_enabled":true,"jetpack_social_post_already_shared":false,"jetpack_social_options":{"image_generator_settings":{"template":"highway","default_image_id":0,"font":"","enabled":false},"version":2}},"categories":[3],"tags":[],"class_list":["post-2103","post","type-post","status-publish","format-standard","hentry","category-touren"],"jetpack_publicize_connections":[],"jetpack_featured_media_url":"","jetpack_sharing_enabled":true,"jetpack_shortlink":"https:\/\/wp.me\/p73o9s-xV","jetpack-related-posts":[{"id":2187,"url":"https:\/\/willi-junker.de\/dachs\/?p=2187","url_meta":{"origin":2103,"position":0},"title":"04:15 Uhr &#8211; Schneppenbach &#8211; Der L\u00fctzelsoon erwartet uns","author":"Willi","date":"14.06.2015","format":false,"excerpt":"Jetzt nur noch durch den L\u00fctzelsoon, dann ist das Ziel in unmittelbarer N\u00e4he. Die Nacht war schneller vorbei als erwartet und am Nordosthimmel wird es schon deutlich heller. \u00a0","rel":"","context":"In &quot;Touren&quot;","block_context":{"text":"Touren","link":"https:\/\/willi-junker.de\/dachs\/?cat=3"},"img":{"alt_text":"2015_24h_rlp_148","src":"https:\/\/i0.wp.com\/willi-junker.de\/dachs\/wp-content\/uploads\/2015\/06\/2015_24h_rlp_148-500x281.jpg?resize=350%2C200","width":350,"height":200},"classes":[]},{"id":1534,"url":"https:\/\/willi-junker.de\/dachs\/?p=1534","url_meta":{"origin":2103,"position":1},"title":"05:35 Uhr &#8211; Fast am Ziel","author":"Willi","date":"15.06.2014","format":false,"excerpt":"Hennweiler ist schon in Sicht. Die V\u00f6glein zwitschern und es gab gerade Sekt. Die Stimmung ist noch immer gut.","rel":"","context":"In &quot;Touren&quot;","block_context":{"text":"Touren","link":"https:\/\/willi-junker.de\/dachs\/?cat=3"},"img":{"alt_text":"","src":"","width":0,"height":0},"classes":[]},{"id":1738,"url":"https:\/\/willi-junker.de\/dachs\/?p=1738","url_meta":{"origin":2103,"position":2},"title":"Rosszahnscharte &#8211; Plan\u00e4nderung","author":"Willi","date":"26.08.2014","format":false,"excerpt":"Im Nebel taucht immer wieder die Scharte hinauf in die Rossz\u00e4hne auf. Da kann ich nicht wiederstehen und biege rechts ab. Das verl\u00e4ngert meine Wanderung heute um einige Stunden. Das Ziel ist jetzt nicht mehr die Mahlknecht-H\u00fctte, sondern die Tierser Alpl-H\u00fctte am Rand des Rosengartens. In der Scharte stehe ich\u2026","rel":"","context":"In &quot;Touren&quot;","block_context":{"text":"Touren","link":"https:\/\/willi-junker.de\/dachs\/?cat=3"},"img":{"alt_text":"","src":"","width":0,"height":0},"classes":[]},{"id":850,"url":"https:\/\/willi-junker.de\/dachs\/?p=850","url_meta":{"origin":2103,"position":3},"title":"09:15 &#8211; Wandern ohne Gep\u00e4ck","author":"Willi","date":"25.06.2012","format":false,"excerpt":"Es regnet und die Sicht ist fast gleich null. So wandere ich nur mit der Regenjacke in Richtung Stangenjoch, immer der oberen Grundache entlang. Die macht nen H\u00f6llenl\u00e4rm. Knapp unterhalb der Rettensteinalpe beseitigt ein Bagger die Vermurung des Almweges. Hier hats in den letzten Tagen doch einige Sch\u00e4den gegeben. Oberhalb\u2026","rel":"","context":"In &quot;Touren&quot;","block_context":{"text":"Touren","link":"https:\/\/willi-junker.de\/dachs\/?cat=3"},"img":{"alt_text":"","src":"","width":0,"height":0},"classes":[]},{"id":4153,"url":"https:\/\/willi-junker.de\/dachs\/?p=4153","url_meta":{"origin":2103,"position":4},"title":"Tag 8 &#8211; Umrundung Langkofelstock","author":"Willi","date":"25.07.2017","format":false,"excerpt":"Heute gibt es um 07:15 Uhr Fr\u00fchst\u00fcck. Abmarsch ist um 08:10 Uhr. Um 08:26 Uhr steigen wir in den total \u00fcberf\u00fcllten Bus zum Sellapass. Beinahe waren auch nur 50% von uns in den Bus gekommen. Es ist saukalt, aber sonnig. Der Rest der Familie f\u00e4hrt vom Sella-Joch mit dem Lift\u2026","rel":"","context":"In &quot;Touren&quot;","block_context":{"text":"Touren","link":"https:\/\/willi-junker.de\/dachs\/?cat=3"},"img":{"alt_text":"","src":"https:\/\/i0.wp.com\/willi-junker.de\/dachs\/wp-content\/uploads\/2017\/07\/wp-image-1084737681.jpg?resize=350%2C200","width":350,"height":200,"srcset":"https:\/\/i0.wp.com\/willi-junker.de\/dachs\/wp-content\/uploads\/2017\/07\/wp-image-1084737681.jpg?resize=350%2C200 1x, https:\/\/i0.wp.com\/willi-junker.de\/dachs\/wp-content\/uploads\/2017\/07\/wp-image-1084737681.jpg?resize=525%2C300 1.5x, https:\/\/i0.wp.com\/willi-junker.de\/dachs\/wp-content\/uploads\/2017\/07\/wp-image-1084737681.jpg?resize=700%2C400 2x, https:\/\/i0.wp.com\/willi-junker.de\/dachs\/wp-content\/uploads\/2017\/07\/wp-image-1084737681.jpg?resize=1050%2C600 3x, https:\/\/i0.wp.com\/willi-junker.de\/dachs\/wp-content\/uploads\/2017\/07\/wp-image-1084737681.jpg?resize=1400%2C800 4x"},"classes":[]},{"id":521,"url":"https:\/\/willi-junker.de\/dachs\/?p=521","url_meta":{"origin":2103,"position":5},"title":"18:00 Uhr. Runde fast geschafft.","author":"Willi","date":"03.09.2011","format":false,"excerpt":"Von der Schl\u00fcterhutte erfolgte ein langer Abstieg hinab ins Villn\u00f6ss. Ein kurzer Aufstieg erfolgt dann hinauf zur Gschmagenhardt Alm zum Fl\u00fcssigkeit auff\u00fcllen. Dann verliert man leider wieder 150 H\u00f6henmeter. Dann gehts von 1.900m rauf in die Mittagsscharte (2.600m). Leider sieht man von ganz unten schon das Ziel ganz oben. Der\u2026","rel":"","context":"In &quot;Touren&quot;","block_context":{"text":"Touren","link":"https:\/\/willi-junker.de\/dachs\/?cat=3"},"img":{"alt_text":"","src":"https:\/\/i0.wp.com\/willi-junker.de\/dachs\/wp-content\/uploads\/2011\/09\/wpid-IMAG07811-500x299.jpg?resize=350%2C200","width":350,"height":200},"classes":[]}],"_links":{"self":[{"href":"https:\/\/willi-junker.de\/dachs\/index.php?rest_route=\/wp\/v2\/posts\/2103","targetHints":{"allow":["GET"]}}],"collection":[{"href":"https:\/\/willi-junker.de\/dachs\/index.php?rest_route=\/wp\/v2\/posts"}],"about":[{"href":"https:\/\/willi-junker.de\/dachs\/index.php?rest_route=\/wp\/v2\/types\/post"}],"author":[{"embeddable":true,"href":"https:\/\/willi-junker.de\/dachs\/index.php?rest_route=\/wp\/v2\/users\/1"}],"replies":[{"embeddable":true,"href":"https:\/\/willi-junker.de\/dachs\/index.php?rest_route=%2Fwp%2Fv2%2Fcomments&post=2103"}],"version-history":[{"count":1,"href":"https:\/\/willi-junker.de\/dachs\/index.php?rest_route=\/wp\/v2\/posts\/2103\/revisions"}],"predecessor-version":[{"id":2104,"href":"https:\/\/willi-junker.de\/dachs\/index.php?rest_route=\/wp\/v2\/posts\/2103\/revisions\/2104"}],"wp:attachment":[{"href":"https:\/\/willi-junker.de\/dachs\/index.php?rest_route=%2Fwp%2Fv2%2Fmedia&parent=2103"}],"wp:term":[{"taxonomy":"category","embeddable":true,"href":"https:\/\/willi-junker.de\/dachs\/index.php?rest_route=%2Fwp%2Fv2%2Fcategories&post=2103"},{"taxonomy":"post_tag","embeddable":true,"href":"https:\/\/willi-junker.de\/dachs\/index.php?rest_route=%2Fwp%2Fv2%2Ftags&post=2103"}],"curies":[{"name":"wp","href":"https:\/\/api.w.org\/{rel}","templated":true}]}}