{"id":2099,"date":"2015-05-10T16:32:19","date_gmt":"2015-05-10T14:32:19","guid":{"rendered":"http:\/\/willi-junker.de\/dachs\/?p=2099"},"modified":"2015-05-10T16:32:19","modified_gmt":"2015-05-10T14:32:19","slug":"gesellschaftsmuehle","status":"publish","type":"post","link":"https:\/\/willi-junker.de\/dachs\/?p=2099","title":{"rendered":"Gesellschaftsm\u00fchle"},"content":{"rendered":"<p>Nach 34 km sind wir im Tal vor Laubach.<\/p>\n","protected":false},"excerpt":{"rendered":"<p>Nach 34 km sind wir im Tal vor Laubach.<\/p>\n","protected":false},"author":1,"featured_media":0,"comment_status":"open","ping_status":"open","sticky":false,"template":"","format":"standard","meta":{"_crdt_document":"","jetpack_post_was_ever_published":false,"_jetpack_newsletter_access":"","_jetpack_dont_email_post_to_subs":false,"_jetpack_newsletter_tier_id":0,"_jetpack_memberships_contains_paywalled_content":false,"_jetpack_memberships_contains_paid_content":false,"footnotes":"","jetpack_publicize_message":"","jetpack_publicize_feature_enabled":true,"jetpack_social_post_already_shared":false,"jetpack_social_options":{"image_generator_settings":{"template":"highway","default_image_id":0,"font":"","enabled":false},"version":2}},"categories":[3],"tags":[],"class_list":["post-2099","post","type-post","status-publish","format-standard","hentry","category-touren"],"jetpack_publicize_connections":[],"jetpack_featured_media_url":"","jetpack_sharing_enabled":true,"jetpack_shortlink":"https:\/\/wp.me\/p73o9s-xR","jetpack-related-posts":[{"id":3256,"url":"https:\/\/willi-junker.de\/dachs\/?p=3256","url_meta":{"origin":2099,"position":0},"title":"Durch Hunsr\u00fccker T\u00e4ler und seine Hochfl\u00e4chen","author":"Willi","date":"17.04.2016","format":false,"excerpt":"Am Sonntagmorgen geht es am Ortsausgang von Laubach in Richtung Kastellaun los. 7 Wanderer treffen sich dort um 7:00 Uhr bei letzten Regentropfen. Es hat die ganze Nacht kr\u00e4ftig geregnet. Wir folgen dem Schinderhannespfad bis nach Kastellaun und von dort geht es auf dem Saar-Hunsr\u00fcck-Steig weiter. \u00dcber den Diellaysteig steigen\u2026","rel":"","context":"In &quot;Touren&quot;","block_context":{"text":"Touren","link":"https:\/\/willi-junker.de\/dachs\/?cat=3"},"img":{"alt_text":"image","src":"https:\/\/i0.wp.com\/willi-junker.de\/dachs\/wp-content\/uploads\/2016\/04\/20160417_085921-1920x1080.jpg?resize=350%2C200","width":350,"height":200,"srcset":"https:\/\/i0.wp.com\/willi-junker.de\/dachs\/wp-content\/uploads\/2016\/04\/20160417_085921-1920x1080.jpg?resize=350%2C200 1x, https:\/\/i0.wp.com\/willi-junker.de\/dachs\/wp-content\/uploads\/2016\/04\/20160417_085921-1920x1080.jpg?resize=525%2C300 1.5x, https:\/\/i0.wp.com\/willi-junker.de\/dachs\/wp-content\/uploads\/2016\/04\/20160417_085921-1920x1080.jpg?resize=700%2C400 2x, https:\/\/i0.wp.com\/willi-junker.de\/dachs\/wp-content\/uploads\/2016\/04\/20160417_085921-1920x1080.jpg?resize=1050%2C600 3x, https:\/\/i0.wp.com\/willi-junker.de\/dachs\/wp-content\/uploads\/2016\/04\/20160417_085921-1920x1080.jpg?resize=1400%2C800 4x"},"classes":[]},{"id":2112,"url":"https:\/\/willi-junker.de\/dachs\/?p=2112","url_meta":{"origin":2099,"position":1},"title":"2. Trainingseinheit f\u00fcr die 24 Stunden von RLP","author":"Willi","date":"04.06.2015","format":false,"excerpt":"Heute Morgen um 07.00 Uhr geht es los. Start in Laubach. Mit dabei sind noch Andre und Patrick. \u00dcber den neuen Schinderhannespfad geht es mit Einschluss des Kyrill- und des Burgstadtpfades auf die Hohe Buch. Von dort \u00fcber den Saar-Hunsr\u00fcck-Steig zum Diellaysteig und auf den Masdascher Burgherrrensteig. Ihn verlassen wir\u2026","rel":"","context":"In &quot;Touren&quot;","block_context":{"text":"Touren","link":"https:\/\/willi-junker.de\/dachs\/?cat=3"},"img":{"alt_text":"Auf dem Saar-Hunsr\u00fcck-Steig","src":"https:\/\/i0.wp.com\/willi-junker.de\/dachs\/wp-content\/uploads\/2015\/06\/S1460022_Bildgr%C3%B6%C3%9Fe-%C3%A4ndern-500x281.jpg?resize=350%2C200","width":350,"height":200},"classes":[]},{"id":4627,"url":"https:\/\/willi-junker.de\/dachs\/?p=4627","url_meta":{"origin":2099,"position":2},"title":"Tag 8 &#8211; Radtour zum Laubachtreffen im Elsass","author":"Willi","date":"02.07.2018","format":false,"excerpt":"Punkt acht gibt es Fr\u00fchst\u00fcck und um neun sitzen wir auf den R\u00e4dern. Heute haben wir ein paar Kilometer vor uns. N\u00f6rdlich von Hinterweidenthal geht es in ein ruhiges Tal. Nach einigen Kilometern wird der Scheitelpunkt erreicht. Um nicht allzu viele H\u00f6henmeter zu verlieren, nutzen wir auch kurzzeitig einen Wanderweg.\u2026","rel":"","context":"In &quot;Touren&quot;","block_context":{"text":"Touren","link":"https:\/\/willi-junker.de\/dachs\/?cat=3"},"img":{"alt_text":"","src":"https:\/\/i0.wp.com\/willi-junker.de\/dachs\/wp-content\/uploads\/2018\/07\/20180702_105421-2066327141.jpg?resize=350%2C200","width":350,"height":200,"srcset":"https:\/\/i0.wp.com\/willi-junker.de\/dachs\/wp-content\/uploads\/2018\/07\/20180702_105421-2066327141.jpg?resize=350%2C200 1x, https:\/\/i0.wp.com\/willi-junker.de\/dachs\/wp-content\/uploads\/2018\/07\/20180702_105421-2066327141.jpg?resize=525%2C300 1.5x, https:\/\/i0.wp.com\/willi-junker.de\/dachs\/wp-content\/uploads\/2018\/07\/20180702_105421-2066327141.jpg?resize=700%2C400 2x, https:\/\/i0.wp.com\/willi-junker.de\/dachs\/wp-content\/uploads\/2018\/07\/20180702_105421-2066327141.jpg?resize=1050%2C600 3x, https:\/\/i0.wp.com\/willi-junker.de\/dachs\/wp-content\/uploads\/2018\/07\/20180702_105421-2066327141.jpg?resize=1400%2C800 4x"},"classes":[]},{"id":4614,"url":"https:\/\/willi-junker.de\/dachs\/?p=4614","url_meta":{"origin":2099,"position":3},"title":"Tag 7 &#8211; Abschluss Laubachtreffen und R\u00fcckradeln nach Laubach  (Hunsr\u00fcck)","author":"Willi","date":"01.07.2018","format":false,"excerpt":"Nach dem Auschecken aus dem Hotel geht es mit dem Rad hoch nach Laubach. Dort beginnt der Tag mit einem Gottesdienst. Danach treffen sich alle wieder im Festzelt. Ein Fanfarenzug begleitet uns bis zum Mittagessen. Mit dem Mittagessen ist dann der gemeinschaftliche Teil beendet. Die Gruppen verlassen das Gel\u00e4nde. Das\u2026","rel":"","context":"In &quot;Touren&quot;","block_context":{"text":"Touren","link":"https:\/\/willi-junker.de\/dachs\/?cat=3"},"img":{"alt_text":"","src":"https:\/\/i0.wp.com\/willi-junker.de\/dachs\/wp-content\/uploads\/2018\/07\/20180701_104343-1698325026.jpg?resize=350%2C200","width":350,"height":200,"srcset":"https:\/\/i0.wp.com\/willi-junker.de\/dachs\/wp-content\/uploads\/2018\/07\/20180701_104343-1698325026.jpg?resize=350%2C200 1x, https:\/\/i0.wp.com\/willi-junker.de\/dachs\/wp-content\/uploads\/2018\/07\/20180701_104343-1698325026.jpg?resize=525%2C300 1.5x, https:\/\/i0.wp.com\/willi-junker.de\/dachs\/wp-content\/uploads\/2018\/07\/20180701_104343-1698325026.jpg?resize=700%2C400 2x, https:\/\/i0.wp.com\/willi-junker.de\/dachs\/wp-content\/uploads\/2018\/07\/20180701_104343-1698325026.jpg?resize=1050%2C600 3x, https:\/\/i0.wp.com\/willi-junker.de\/dachs\/wp-content\/uploads\/2018\/07\/20180701_104343-1698325026.jpg?resize=1400%2C800 4x"},"classes":[]},{"id":4763,"url":"https:\/\/willi-junker.de\/dachs\/?p=4763","url_meta":{"origin":2099,"position":4},"title":"Tag 2 &#8211; Radtour Radteam TuS Laubach","author":"Willi","date":"02.09.2018","format":false,"excerpt":"Heute lassen wir es ruhig angehen. Bis in die Heimat ist es nicht mehr weit. Nach einem ausgiebigen Fr\u00fchst\u00fcck radeln wir um 10:00 Uhr los. Es geht direkt \u00fcber die F\u00e4hre nach Bingen. Von dort folgen wir dem Radweg bis nach Niederheimbach. Dann geht es links ab in den Hunsr\u00fcck.\u2026","rel":"","context":"In &quot;Touren&quot;","block_context":{"text":"Touren","link":"https:\/\/willi-junker.de\/dachs\/?cat=3"},"img":{"alt_text":"","src":"https:\/\/i0.wp.com\/willi-junker.de\/dachs\/wp-content\/uploads\/2018\/09\/20180902_100835-1265047348.jpg?resize=350%2C200","width":350,"height":200,"srcset":"https:\/\/i0.wp.com\/willi-junker.de\/dachs\/wp-content\/uploads\/2018\/09\/20180902_100835-1265047348.jpg?resize=350%2C200 1x, https:\/\/i0.wp.com\/willi-junker.de\/dachs\/wp-content\/uploads\/2018\/09\/20180902_100835-1265047348.jpg?resize=525%2C300 1.5x, https:\/\/i0.wp.com\/willi-junker.de\/dachs\/wp-content\/uploads\/2018\/09\/20180902_100835-1265047348.jpg?resize=700%2C400 2x, https:\/\/i0.wp.com\/willi-junker.de\/dachs\/wp-content\/uploads\/2018\/09\/20180902_100835-1265047348.jpg?resize=1050%2C600 3x, https:\/\/i0.wp.com\/willi-junker.de\/dachs\/wp-content\/uploads\/2018\/09\/20180902_100835-1265047348.jpg?resize=1400%2C800 4x"},"classes":[]},{"id":3997,"url":"https:\/\/willi-junker.de\/dachs\/?p=3997","url_meta":{"origin":2099,"position":5},"title":"Testwanderung f\u00fcr die 24 Stunden von Rheinland-Pfalz\u00a0","author":"Willi","date":"21.05.2017","format":false,"excerpt":"Heute um 7 Uhr treffen wir uns mit 10 Personen am Ortsausgang von Laubach. Es geht \u00fcber G\u00f6denroth und Frankweiler nach Heyweiler und von dort in die Baybachklamm zur Schmausem\u00fchle. In der Schmausem\u00fchle wird gegen 11 Uhr eine kurze St\u00e4rkung eingenommen, dann geht es weiter die Klamm aufw\u00e4rts in Richtung\u2026","rel":"","context":"In &quot;Touren&quot;","block_context":{"text":"Touren","link":"https:\/\/willi-junker.de\/dachs\/?cat=3"},"img":{"alt_text":"","src":"https:\/\/i0.wp.com\/willi-junker.de\/dachs\/wp-content\/uploads\/2017\/06\/5262017233733.jpg?resize=350%2C200","width":350,"height":200,"srcset":"https:\/\/i0.wp.com\/willi-junker.de\/dachs\/wp-content\/uploads\/2017\/06\/5262017233733.jpg?resize=350%2C200 1x, https:\/\/i0.wp.com\/willi-junker.de\/dachs\/wp-content\/uploads\/2017\/06\/5262017233733.jpg?resize=525%2C300 1.5x, https:\/\/i0.wp.com\/willi-junker.de\/dachs\/wp-content\/uploads\/2017\/06\/5262017233733.jpg?resize=700%2C400 2x, https:\/\/i0.wp.com\/willi-junker.de\/dachs\/wp-content\/uploads\/2017\/06\/5262017233733.jpg?resize=1050%2C600 3x, https:\/\/i0.wp.com\/willi-junker.de\/dachs\/wp-content\/uploads\/2017\/06\/5262017233733.jpg?resize=1400%2C800 4x"},"classes":[]}],"_links":{"self":[{"href":"https:\/\/willi-junker.de\/dachs\/index.php?rest_route=\/wp\/v2\/posts\/2099","targetHints":{"allow":["GET"]}}],"collection":[{"href":"https:\/\/willi-junker.de\/dachs\/index.php?rest_route=\/wp\/v2\/posts"}],"about":[{"href":"https:\/\/willi-junker.de\/dachs\/index.php?rest_route=\/wp\/v2\/types\/post"}],"author":[{"embeddable":true,"href":"https:\/\/willi-junker.de\/dachs\/index.php?rest_route=\/wp\/v2\/users\/1"}],"replies":[{"embeddable":true,"href":"https:\/\/willi-junker.de\/dachs\/index.php?rest_route=%2Fwp%2Fv2%2Fcomments&post=2099"}],"version-history":[{"count":1,"href":"https:\/\/willi-junker.de\/dachs\/index.php?rest_route=\/wp\/v2\/posts\/2099\/revisions"}],"predecessor-version":[{"id":2100,"href":"https:\/\/willi-junker.de\/dachs\/index.php?rest_route=\/wp\/v2\/posts\/2099\/revisions\/2100"}],"wp:attachment":[{"href":"https:\/\/willi-junker.de\/dachs\/index.php?rest_route=%2Fwp%2Fv2%2Fmedia&parent=2099"}],"wp:term":[{"taxonomy":"category","embeddable":true,"href":"https:\/\/willi-junker.de\/dachs\/index.php?rest_route=%2Fwp%2Fv2%2Fcategories&post=2099"},{"taxonomy":"post_tag","embeddable":true,"href":"https:\/\/willi-junker.de\/dachs\/index.php?rest_route=%2Fwp%2Fv2%2Ftags&post=2099"}],"curies":[{"name":"wp","href":"https:\/\/api.w.org\/{rel}","templated":true}]}}