{"id":2091,"date":"2015-04-25T19:24:40","date_gmt":"2015-04-25T17:24:40","guid":{"rendered":"http:\/\/willi-junker.de\/dachs\/?p=2091"},"modified":"2015-04-25T19:24:40","modified_gmt":"2015-04-25T17:24:40","slug":"es-geht-los","status":"publish","type":"post","link":"https:\/\/willi-junker.de\/dachs\/?p=2091","title":{"rendered":"Es geht los"},"content":{"rendered":"<p><a href=\"https:\/\/i0.wp.com\/willi-junker.de\/dachs\/wp-content\/uploads\/2015\/04\/wpid-IMAG09161.jpg?ssl=1\"><img data-recalc-dims=\"1\" decoding=\"async\" title=\"IMAG0916.jpg\" class=\"alignnone size-full\" alt=\"image\" src=\"https:\/\/i0.wp.com\/willi-junker.de\/dachs\/wp-content\/uploads\/2015\/04\/wpid-IMAG0916.jpg?w=640&#038;ssl=1\" \/><\/a><\/p>\n","protected":false},"excerpt":{"rendered":"","protected":false},"author":1,"featured_media":0,"comment_status":"open","ping_status":"open","sticky":false,"template":"","format":"standard","meta":{"_crdt_document":"","jetpack_post_was_ever_published":false,"_jetpack_newsletter_access":"","_jetpack_dont_email_post_to_subs":false,"_jetpack_newsletter_tier_id":0,"_jetpack_memberships_contains_paywalled_content":false,"_jetpack_memberships_contains_paid_content":false,"footnotes":"","jetpack_publicize_message":"","jetpack_publicize_feature_enabled":true,"jetpack_social_post_already_shared":false,"jetpack_social_options":{"image_generator_settings":{"template":"highway","default_image_id":0,"font":"","enabled":false},"version":2}},"categories":[3],"tags":[],"class_list":["post-2091","post","type-post","status-publish","format-standard","hentry","category-touren"],"jetpack_publicize_connections":[],"jetpack_featured_media_url":"","jetpack_sharing_enabled":true,"jetpack_shortlink":"https:\/\/wp.me\/p73o9s-xJ","jetpack-related-posts":[{"id":2137,"url":"https:\/\/willi-junker.de\/dachs\/?p=2137","url_meta":{"origin":2091,"position":0},"title":"Es geht los","author":"Willi","date":"13.06.2015","format":false,"excerpt":"Nach dem Fr\u00fchst\u00fcck geht es los. Die Spannung steigt.","rel":"","context":"In &quot;Touren&quot;","block_context":{"text":"Touren","link":"https:\/\/willi-junker.de\/dachs\/?cat=3"},"img":{"alt_text":"","src":"","width":0,"height":0},"classes":[]},{"id":1511,"url":"https:\/\/willi-junker.de\/dachs\/?p=1511","url_meta":{"origin":2091,"position":1},"title":"Es geht los. &#8211; 24 Stunden von Rheinland-Pfalz","author":"Willi","date":"14.06.2014","format":false,"excerpt":"Gleich geht es los. Mal sehen, was so kommt. Es regnet leicht.","rel":"","context":"In &quot;Touren&quot;","block_context":{"text":"Touren","link":"https:\/\/willi-junker.de\/dachs\/?cat=3"},"img":{"alt_text":"","src":"","width":0,"height":0},"classes":[]},{"id":728,"url":"https:\/\/willi-junker.de\/dachs\/?p=728","url_meta":{"origin":2091,"position":2},"title":"Wanderung von Bingen nach Laubach","author":"Willi","date":"28.05.2012","format":false,"excerpt":"Um 6.00 Uhr geht es in Laubach los. Um 07:00 Uhr stehen wir startbereit in Bingen am Bahnhof. \u00dcber das Forsthaus Heilig Kreuz und das Schweizer Haus geht es ins Morgenbachtal und zum J\u00e4gerhaus. Nach kurzer Rast geht es auf den Salzkopf und weiter zur Lauschh\u00fctte (15 Km; 11:30 Uhr).\u2026","rel":"","context":"In &quot;Touren&quot;","block_context":{"text":"Touren","link":"https:\/\/willi-junker.de\/dachs\/?cat=3"},"img":{"alt_text":"","src":"","width":0,"height":0},"classes":[]},{"id":1857,"url":"https:\/\/willi-junker.de\/dachs\/?p=1857","url_meta":{"origin":2091,"position":3},"title":"La Gomera","author":"Willi","date":"06.10.2014","format":false,"excerpt":"Um 6 Uhr klingelt der Wecker. Um kurz nach 7 verlasse ich das Hotel. Es ist stockduster. Um 7:30 Uhr holt mich ein Bus ab. Es geht in den Hafen von Los Christianos. Um 08:30 Uhr geht es auf die F\u00e4hre. Jetzt geht auch die Sonne auf. Die \u00dcberfahrt nach\u2026","rel":"","context":"In &quot;Touren&quot;","block_context":{"text":"Touren","link":"https:\/\/willi-junker.de\/dachs\/?cat=3"},"img":{"alt_text":"","src":"","width":0,"height":0},"classes":[]},{"id":338,"url":"https:\/\/willi-junker.de\/dachs\/?p=338","url_meta":{"origin":2091,"position":4},"title":"Morgen geht es los","author":"Willi","date":"26.06.2011","format":false,"excerpt":"Morgen fr\u00fch startet meine Radtour in Richtung Pfalz und Vogesen.","rel":"","context":"In &quot;Touren&quot;","block_context":{"text":"Touren","link":"https:\/\/willi-junker.de\/dachs\/?cat=3"},"img":{"alt_text":"","src":"","width":0,"height":0},"classes":[]},{"id":792,"url":"https:\/\/willi-junker.de\/dachs\/?p=792","url_meta":{"origin":2091,"position":5},"title":"Letzte Vorbereitungen vor dem Alpencross","author":"Willi","date":"20.06.2012","format":false,"excerpt":"Morgen in der Fr\u00fch geht es los. Den Rucksack habe ich schon einige Male neu gepackt.","rel":"","context":"In &quot;Touren&quot;","block_context":{"text":"Touren","link":"https:\/\/willi-junker.de\/dachs\/?cat=3"},"img":{"alt_text":"","src":"","width":0,"height":0},"classes":[]}],"_links":{"self":[{"href":"https:\/\/willi-junker.de\/dachs\/index.php?rest_route=\/wp\/v2\/posts\/2091","targetHints":{"allow":["GET"]}}],"collection":[{"href":"https:\/\/willi-junker.de\/dachs\/index.php?rest_route=\/wp\/v2\/posts"}],"about":[{"href":"https:\/\/willi-junker.de\/dachs\/index.php?rest_route=\/wp\/v2\/types\/post"}],"author":[{"embeddable":true,"href":"https:\/\/willi-junker.de\/dachs\/index.php?rest_route=\/wp\/v2\/users\/1"}],"replies":[{"embeddable":true,"href":"https:\/\/willi-junker.de\/dachs\/index.php?rest_route=%2Fwp%2Fv2%2Fcomments&post=2091"}],"version-history":[{"count":1,"href":"https:\/\/willi-junker.de\/dachs\/index.php?rest_route=\/wp\/v2\/posts\/2091\/revisions"}],"predecessor-version":[{"id":2092,"href":"https:\/\/willi-junker.de\/dachs\/index.php?rest_route=\/wp\/v2\/posts\/2091\/revisions\/2092"}],"wp:attachment":[{"href":"https:\/\/willi-junker.de\/dachs\/index.php?rest_route=%2Fwp%2Fv2%2Fmedia&parent=2091"}],"wp:term":[{"taxonomy":"category","embeddable":true,"href":"https:\/\/willi-junker.de\/dachs\/index.php?rest_route=%2Fwp%2Fv2%2Fcategories&post=2091"},{"taxonomy":"post_tag","embeddable":true,"href":"https:\/\/willi-junker.de\/dachs\/index.php?rest_route=%2Fwp%2Fv2%2Ftags&post=2091"}],"curies":[{"name":"wp","href":"https:\/\/api.w.org\/{rel}","templated":true}]}}