{"id":1970,"date":"2014-11-01T13:47:14","date_gmt":"2014-11-01T11:47:14","guid":{"rendered":"http:\/\/willi-junker.de\/dachs\/?p=1970"},"modified":"2014-11-01T13:47:14","modified_gmt":"2014-11-01T11:47:14","slug":"traumschleife-oberes-baybachtal","status":"publish","type":"post","link":"https:\/\/willi-junker.de\/dachs\/?p=1970","title":{"rendered":"Traumschleife oberes Baybachtal"},"content":{"rendered":"<p><a href=\"https:\/\/i0.wp.com\/willi-junker.de\/dachs\/wp-content\/uploads\/2014\/11\/wpid-IMAG07891.jpg?ssl=1\"><img data-recalc-dims=\"1\" decoding=\"async\" title=\"IMAG0789.jpg\" class=\"alignnone size-full\" alt=\"image\" src=\"https:\/\/i0.wp.com\/willi-junker.de\/dachs\/wp-content\/uploads\/2014\/11\/wpid-IMAG0789.jpg?w=640&#038;ssl=1\" \/><\/a><\/p>\n<p><a href=\"https:\/\/i0.wp.com\/willi-junker.de\/dachs\/wp-content\/uploads\/2014\/11\/wpid-IMAG07901.jpg?ssl=1\"><img data-recalc-dims=\"1\" decoding=\"async\" title=\"IMAG0790.jpg\" class=\"alignnone size-full\" alt=\"image\" src=\"https:\/\/i0.wp.com\/willi-junker.de\/dachs\/wp-content\/uploads\/2014\/11\/wpid-IMAG0790.jpg?w=640&#038;ssl=1\" \/><\/a><\/p>\n","protected":false},"excerpt":{"rendered":"","protected":false},"author":1,"featured_media":0,"comment_status":"open","ping_status":"open","sticky":false,"template":"","format":"standard","meta":{"_crdt_document":"","jetpack_post_was_ever_published":false,"_jetpack_newsletter_access":"","_jetpack_dont_email_post_to_subs":false,"_jetpack_newsletter_tier_id":0,"_jetpack_memberships_contains_paywalled_content":false,"_jetpack_memberships_contains_paid_content":false,"footnotes":"","jetpack_publicize_message":"","jetpack_publicize_feature_enabled":true,"jetpack_social_post_already_shared":false,"jetpack_social_options":{"image_generator_settings":{"template":"highway","default_image_id":0,"font":"","enabled":false},"version":2}},"categories":[3],"tags":[],"class_list":["post-1970","post","type-post","status-publish","format-standard","hentry","category-touren"],"jetpack_publicize_connections":[],"jetpack_featured_media_url":"","jetpack_sharing_enabled":true,"jetpack_shortlink":"https:\/\/wp.me\/p73o9s-vM","jetpack-related-posts":[{"id":4334,"url":"https:\/\/willi-junker.de\/dachs\/?p=4334","url_meta":{"origin":1970,"position":0},"title":"Allerheiligen &#8211; Wandern auf dem Saar-Hunsr\u00fcck-Steig und diversen Traumschleifen\u00a0","author":"Willi","date":"01.11.2017","format":false,"excerpt":"Bin heute Morgen bei blauem Himmel und einstelligen Temperaturen \u00fcber den Schinderhannespfad nach Kastellaun. Auf dem Marktplatz bin ich auf den Saar-Hunsr\u00fcck-Steig gesto\u00dfen. Zuerst \u00fcber die Burg und dann weiter in Richtung Uhler und Mannebach. Dann kommt nach knapp 20 km das Tor zur Traumschleife Baybachtal. Gegen 12:20 Uhr bin\u2026","rel":"","context":"In &quot;Touren&quot;","block_context":{"text":"Touren","link":"https:\/\/willi-junker.de\/dachs\/?cat=3"},"img":{"alt_text":"","src":"","width":0,"height":0},"classes":[]},{"id":3306,"url":"https:\/\/willi-junker.de\/dachs\/?p=3306","url_meta":{"origin":1970,"position":1},"title":"11:45 Uhr -Bickenbach","author":"Willi","date":"05.06.2016","format":false,"excerpt":"Ich kann wieder \u00fcber den Tellerrand gucken und hab freie Sicht. War heute ganz sch\u00f6n wild im Baybachtal.","rel":"","context":"In &quot;Touren&quot;","block_context":{"text":"Touren","link":"https:\/\/willi-junker.de\/dachs\/?cat=3"},"img":{"alt_text":"","src":"","width":0,"height":0},"classes":[]},{"id":1978,"url":"https:\/\/willi-junker.de\/dachs\/?p=1978","url_meta":{"origin":1970,"position":2},"title":"Fertig","author":"Willi","date":"01.11.2014","format":false,"excerpt":"Sowohl die Traumschleife als auch ich sind fertig. 26 km und es ist finstere Nacht. Zum Gl\u00fcck scheint der Mond.","rel":"","context":"In &quot;Touren&quot;","block_context":{"text":"Touren","link":"https:\/\/willi-junker.de\/dachs\/?cat=3"},"img":{"alt_text":"mond","src":"https:\/\/i0.wp.com\/willi-junker.de\/dachs\/wp-content\/uploads\/2015\/03\/mond-500x282.jpg?resize=350%2C200","width":350,"height":200},"classes":[]},{"id":1974,"url":"https:\/\/willi-junker.de\/dachs\/?p=1974","url_meta":{"origin":1970,"position":3},"title":"Schmausem\u00fchle","author":"Willi","date":"01.11.2014","format":false,"excerpt":"Nach gut 18 km sitze ich auf der Schmausem\u00fchle. Hab noch einen Abstecher \u00fcber die Rabenlay- und die Baybach-Traumschleife gemacht. Nach kurzer Pause geht es dann zur\u00fcck nach Bickenbach.","rel":"","context":"In &quot;Touren&quot;","block_context":{"text":"Touren","link":"https:\/\/willi-junker.de\/dachs\/?cat=3"},"img":{"alt_text":"","src":"","width":0,"height":0},"classes":[]},{"id":3706,"url":"https:\/\/willi-junker.de\/dachs\/?p=3706","url_meta":{"origin":1970,"position":4},"title":"1. November (Traumschleifen im Doppelpack)","author":"Willi","date":"01.11.2016","format":false,"excerpt":"Wie in fast jedem Jahr drehe ich auch in 2016 eine Runde am 1. November. Noch vor Sonnenaufgang erlebe ich den Sonnenaufgang in der N\u00e4he von Michelbach. Mein Auto parke ich in Wahlenau und begebe mich auf die Traumschleife Via Molarum. Das Wetter ist herrlich. Da sich hier zwei Traumschleifen\u2026","rel":"","context":"In &quot;Touren&quot;","block_context":{"text":"Touren","link":"https:\/\/willi-junker.de\/dachs\/?cat=3"},"img":{"alt_text":"","src":"https:\/\/i0.wp.com\/willi-junker.de\/dachs\/wp-content\/uploads\/2016\/11\/Via_molarum_kappleifelsen_019-1.jpg?resize=350%2C200","width":350,"height":200,"srcset":"https:\/\/i0.wp.com\/willi-junker.de\/dachs\/wp-content\/uploads\/2016\/11\/Via_molarum_kappleifelsen_019-1.jpg?resize=350%2C200 1x, https:\/\/i0.wp.com\/willi-junker.de\/dachs\/wp-content\/uploads\/2016\/11\/Via_molarum_kappleifelsen_019-1.jpg?resize=525%2C300 1.5x, https:\/\/i0.wp.com\/willi-junker.de\/dachs\/wp-content\/uploads\/2016\/11\/Via_molarum_kappleifelsen_019-1.jpg?resize=700%2C400 2x, https:\/\/i0.wp.com\/willi-junker.de\/dachs\/wp-content\/uploads\/2016\/11\/Via_molarum_kappleifelsen_019-1.jpg?resize=1050%2C600 3x, https:\/\/i0.wp.com\/willi-junker.de\/dachs\/wp-content\/uploads\/2016\/11\/Via_molarum_kappleifelsen_019-1.jpg?resize=1400%2C800 4x"},"classes":[]},{"id":3997,"url":"https:\/\/willi-junker.de\/dachs\/?p=3997","url_meta":{"origin":1970,"position":5},"title":"Testwanderung f\u00fcr die 24 Stunden von Rheinland-Pfalz\u00a0","author":"Willi","date":"21.05.2017","format":false,"excerpt":"Heute um 7 Uhr treffen wir uns mit 10 Personen am Ortsausgang von Laubach. Es geht \u00fcber G\u00f6denroth und Frankweiler nach Heyweiler und von dort in die Baybachklamm zur Schmausem\u00fchle. In der Schmausem\u00fchle wird gegen 11 Uhr eine kurze St\u00e4rkung eingenommen, dann geht es weiter die Klamm aufw\u00e4rts in Richtung\u2026","rel":"","context":"In &quot;Touren&quot;","block_context":{"text":"Touren","link":"https:\/\/willi-junker.de\/dachs\/?cat=3"},"img":{"alt_text":"","src":"https:\/\/i0.wp.com\/willi-junker.de\/dachs\/wp-content\/uploads\/2017\/06\/5262017233733.jpg?resize=350%2C200","width":350,"height":200,"srcset":"https:\/\/i0.wp.com\/willi-junker.de\/dachs\/wp-content\/uploads\/2017\/06\/5262017233733.jpg?resize=350%2C200 1x, https:\/\/i0.wp.com\/willi-junker.de\/dachs\/wp-content\/uploads\/2017\/06\/5262017233733.jpg?resize=525%2C300 1.5x, https:\/\/i0.wp.com\/willi-junker.de\/dachs\/wp-content\/uploads\/2017\/06\/5262017233733.jpg?resize=700%2C400 2x, https:\/\/i0.wp.com\/willi-junker.de\/dachs\/wp-content\/uploads\/2017\/06\/5262017233733.jpg?resize=1050%2C600 3x, https:\/\/i0.wp.com\/willi-junker.de\/dachs\/wp-content\/uploads\/2017\/06\/5262017233733.jpg?resize=1400%2C800 4x"},"classes":[]}],"_links":{"self":[{"href":"https:\/\/willi-junker.de\/dachs\/index.php?rest_route=\/wp\/v2\/posts\/1970","targetHints":{"allow":["GET"]}}],"collection":[{"href":"https:\/\/willi-junker.de\/dachs\/index.php?rest_route=\/wp\/v2\/posts"}],"about":[{"href":"https:\/\/willi-junker.de\/dachs\/index.php?rest_route=\/wp\/v2\/types\/post"}],"author":[{"embeddable":true,"href":"https:\/\/willi-junker.de\/dachs\/index.php?rest_route=\/wp\/v2\/users\/1"}],"replies":[{"embeddable":true,"href":"https:\/\/willi-junker.de\/dachs\/index.php?rest_route=%2Fwp%2Fv2%2Fcomments&post=1970"}],"version-history":[{"count":1,"href":"https:\/\/willi-junker.de\/dachs\/index.php?rest_route=\/wp\/v2\/posts\/1970\/revisions"}],"predecessor-version":[{"id":1971,"href":"https:\/\/willi-junker.de\/dachs\/index.php?rest_route=\/wp\/v2\/posts\/1970\/revisions\/1971"}],"wp:attachment":[{"href":"https:\/\/willi-junker.de\/dachs\/index.php?rest_route=%2Fwp%2Fv2%2Fmedia&parent=1970"}],"wp:term":[{"taxonomy":"category","embeddable":true,"href":"https:\/\/willi-junker.de\/dachs\/index.php?rest_route=%2Fwp%2Fv2%2Fcategories&post=1970"},{"taxonomy":"post_tag","embeddable":true,"href":"https:\/\/willi-junker.de\/dachs\/index.php?rest_route=%2Fwp%2Fv2%2Ftags&post=1970"}],"curies":[{"name":"wp","href":"https:\/\/api.w.org\/{rel}","templated":true}]}}