{"id":1956,"date":"2014-10-13T12:32:00","date_gmt":"2014-10-13T10:32:00","guid":{"rendered":"http:\/\/willi-junker.de\/dachs\/?p=1956"},"modified":"2014-10-13T13:05:35","modified_gmt":"2014-10-13T11:05:35","slug":"vor-dem-abflug","status":"publish","type":"post","link":"https:\/\/willi-junker.de\/dachs\/?p=1956","title":{"rendered":"Vor dem Abflug &#8230;"},"content":{"rendered":"<p>&#8230; muss ich doch noch mal kurz ins Wasser. Mein Zimmer kann ich zum Gl\u00fcck bis zum Mittag behalten.<\/p>\n<p><a href=\"https:\/\/i0.wp.com\/willi-junker.de\/dachs\/wp-content\/uploads\/2014\/10\/wpid-IMAG07641.jpg?ssl=1\"><img data-recalc-dims=\"1\" decoding=\"async\" title=\"IMAG0764.jpg\" class=\"alignnone size-full\" alt=\"image\" src=\"https:\/\/i0.wp.com\/willi-junker.de\/dachs\/wp-content\/uploads\/2014\/10\/wpid-IMAG0764.jpg?w=640&#038;ssl=1\" \/><\/a><\/p>\n","protected":false},"excerpt":{"rendered":"<p>&#8230; muss ich doch noch mal kurz ins Wasser. Mein Zimmer kann ich zum Gl\u00fcck bis zum Mittag behalten.<\/p>\n","protected":false},"author":1,"featured_media":0,"comment_status":"open","ping_status":"open","sticky":false,"template":"","format":"standard","meta":{"_crdt_document":"","jetpack_post_was_ever_published":false,"_jetpack_newsletter_access":"","_jetpack_dont_email_post_to_subs":false,"_jetpack_newsletter_tier_id":0,"_jetpack_memberships_contains_paywalled_content":false,"_jetpack_memberships_contains_paid_content":false,"footnotes":"","jetpack_publicize_message":"","jetpack_publicize_feature_enabled":true,"jetpack_social_post_already_shared":false,"jetpack_social_options":{"image_generator_settings":{"template":"highway","default_image_id":0,"font":"","enabled":false},"version":2}},"categories":[3],"tags":[],"class_list":["post-1956","post","type-post","status-publish","format-standard","hentry","category-touren"],"jetpack_publicize_connections":[],"jetpack_featured_media_url":"","jetpack_sharing_enabled":true,"jetpack_shortlink":"https:\/\/wp.me\/p73o9s-vy","jetpack-related-posts":[{"id":4274,"url":"https:\/\/willi-junker.de\/dachs\/?p=4274","url_meta":{"origin":1956,"position":0},"title":"Tag 13 &#8211; Durch&#8217;s Val Cedul zum Piz Ciampac und zur Puezh\u00fctte\u00a0","author":"Willi","date":"30.07.2017","format":false,"excerpt":"Gegen 08:30 Uhr starten Andre und ich ins Langental und dann direkt rechts ab ins Val Cedul. Es folgt ein gut 900 Meter hoher Anstieg bis zum Cresp\u00ebinajoch und von dort geht es nochmals fast 150 Meter hoch auf den 2.667 Meter hohen Sass da Ciampac. Dort sind wir kurz\u2026","rel":"","context":"In &quot;Touren&quot;","block_context":{"text":"Touren","link":"https:\/\/willi-junker.de\/dachs\/?cat=3"},"img":{"alt_text":"","src":"https:\/\/i0.wp.com\/willi-junker.de\/dachs\/wp-content\/uploads\/2017\/07\/wp-image-1507284808.jpg?resize=350%2C200","width":350,"height":200,"srcset":"https:\/\/i0.wp.com\/willi-junker.de\/dachs\/wp-content\/uploads\/2017\/07\/wp-image-1507284808.jpg?resize=350%2C200 1x, https:\/\/i0.wp.com\/willi-junker.de\/dachs\/wp-content\/uploads\/2017\/07\/wp-image-1507284808.jpg?resize=525%2C300 1.5x, https:\/\/i0.wp.com\/willi-junker.de\/dachs\/wp-content\/uploads\/2017\/07\/wp-image-1507284808.jpg?resize=700%2C400 2x, https:\/\/i0.wp.com\/willi-junker.de\/dachs\/wp-content\/uploads\/2017\/07\/wp-image-1507284808.jpg?resize=1050%2C600 3x, https:\/\/i0.wp.com\/willi-junker.de\/dachs\/wp-content\/uploads\/2017\/07\/wp-image-1507284808.jpg?resize=1400%2C800 4x"},"classes":[]},{"id":4126,"url":"https:\/\/willi-junker.de\/dachs\/?p=4126","url_meta":{"origin":1956,"position":1},"title":"Tag 7 &#8211; Eigentlich ein Regentag","author":"Willi","date":"24.07.2017","format":false,"excerpt":"Der Wetterbericht ist wirklich richtig mies. Die ganze Nacht regnet es und es waren einige Gewitter in der Front die uns \u00fcberquert hat. Wir wollten eigentlich um 8:15 Uhr mit dem Bus hoch zum Sellapass. Das hat sich erledigt. Also mit aller Ruhe Fr\u00fchst\u00fccken und dann mal weiter sehen. Die\u2026","rel":"","context":"In &quot;Touren&quot;","block_context":{"text":"Touren","link":"https:\/\/willi-junker.de\/dachs\/?cat=3"},"img":{"alt_text":"","src":"https:\/\/i0.wp.com\/willi-junker.de\/dachs\/wp-content\/uploads\/2017\/07\/wp-image-1346271640.jpg?resize=350%2C200","width":350,"height":200,"srcset":"https:\/\/i0.wp.com\/willi-junker.de\/dachs\/wp-content\/uploads\/2017\/07\/wp-image-1346271640.jpg?resize=350%2C200 1x, https:\/\/i0.wp.com\/willi-junker.de\/dachs\/wp-content\/uploads\/2017\/07\/wp-image-1346271640.jpg?resize=525%2C300 1.5x, https:\/\/i0.wp.com\/willi-junker.de\/dachs\/wp-content\/uploads\/2017\/07\/wp-image-1346271640.jpg?resize=700%2C400 2x, https:\/\/i0.wp.com\/willi-junker.de\/dachs\/wp-content\/uploads\/2017\/07\/wp-image-1346271640.jpg?resize=1050%2C600 3x, https:\/\/i0.wp.com\/willi-junker.de\/dachs\/wp-content\/uploads\/2017\/07\/wp-image-1346271640.jpg?resize=1400%2C800 4x"},"classes":[]},{"id":4669,"url":"https:\/\/willi-junker.de\/dachs\/?p=4669","url_meta":{"origin":1956,"position":2},"title":"RAM100K &#8211; Rhein-Ahr-Marsch 2018","author":"Willi","date":"06.07.2018","format":false,"excerpt":"Heute probiere ich mal was Neues. 24 Stundenwanderungen hab ich ja schon einige gemacht, aber noch nie mehr als 80 km. Das soll sich heute \u00e4ndern. Heute stehen 100 km auf dem Programm. Start und Ziel in Rheinbach bei Bonn. Heute Abend um 20:00 Uhr geht es los. Zuerst geht\u2026","rel":"","context":"In &quot;Touren&quot;","block_context":{"text":"Touren","link":"https:\/\/willi-junker.de\/dachs\/?cat=3"},"img":{"alt_text":"","src":"https:\/\/i0.wp.com\/willi-junker.de\/dachs\/wp-content\/uploads\/2018\/07\/20180706_154457646968539.jpg?resize=350%2C200","width":350,"height":200,"srcset":"https:\/\/i0.wp.com\/willi-junker.de\/dachs\/wp-content\/uploads\/2018\/07\/20180706_154457646968539.jpg?resize=350%2C200 1x, https:\/\/i0.wp.com\/willi-junker.de\/dachs\/wp-content\/uploads\/2018\/07\/20180706_154457646968539.jpg?resize=525%2C300 1.5x, https:\/\/i0.wp.com\/willi-junker.de\/dachs\/wp-content\/uploads\/2018\/07\/20180706_154457646968539.jpg?resize=700%2C400 2x, https:\/\/i0.wp.com\/willi-junker.de\/dachs\/wp-content\/uploads\/2018\/07\/20180706_154457646968539.jpg?resize=1050%2C600 3x, https:\/\/i0.wp.com\/willi-junker.de\/dachs\/wp-content\/uploads\/2018\/07\/20180706_154457646968539.jpg?resize=1400%2C800 4x"},"classes":[]},{"id":4070,"url":"https:\/\/willi-junker.de\/dachs\/?p=4070","url_meta":{"origin":1956,"position":3},"title":"H\u00fcttenwanderung &#8211; Tag 4","author":"Willi","date":"21.07.2017","format":false,"excerpt":"Auch heute bin ich wieder vor sechs Uhr munter und treibe mich ab halb sieben vor der H\u00fctte rum. Es ist sonnig und es sieht nach einem sch\u00f6nen Tag aus. Das Alpengl\u00fchen hat heute leider wieder nicht stattgefunden. Um sieben sitze ich am Fr\u00fchst\u00fcckstisch und um acht bin ich auf\u2026","rel":"","context":"In &quot;Touren&quot;","block_context":{"text":"Touren","link":"https:\/\/willi-junker.de\/dachs\/?cat=3"},"img":{"alt_text":"","src":"https:\/\/i0.wp.com\/willi-junker.de\/dachs\/wp-content\/uploads\/2017\/07\/wp-image-833505761.jpg?resize=350%2C200","width":350,"height":200,"srcset":"https:\/\/i0.wp.com\/willi-junker.de\/dachs\/wp-content\/uploads\/2017\/07\/wp-image-833505761.jpg?resize=350%2C200 1x, https:\/\/i0.wp.com\/willi-junker.de\/dachs\/wp-content\/uploads\/2017\/07\/wp-image-833505761.jpg?resize=525%2C300 1.5x, https:\/\/i0.wp.com\/willi-junker.de\/dachs\/wp-content\/uploads\/2017\/07\/wp-image-833505761.jpg?resize=700%2C400 2x, https:\/\/i0.wp.com\/willi-junker.de\/dachs\/wp-content\/uploads\/2017\/07\/wp-image-833505761.jpg?resize=1050%2C600 3x, https:\/\/i0.wp.com\/willi-junker.de\/dachs\/wp-content\/uploads\/2017\/07\/wp-image-833505761.jpg?resize=1400%2C800 4x"},"classes":[]},{"id":2469,"url":"https:\/\/willi-junker.de\/dachs\/?p=2469","url_meta":{"origin":1956,"position":4},"title":"Werra &#8211; Ulster &#8211; Fulda alles Vergangenheit","author":"Willi","date":"29.06.2015","format":false,"excerpt":"Seit 19:30 Uhr bin ich in Neuhof, 15 km s\u00fcdlich von Fulda. 147 km sind dann heute wieder zusammen gekommen. Es lief heute prima. Der Werratalweg ist ein Gedicht. Sehr abwechslungsreich. In Herleshausen musste ich dann mal nachtanken. Ganz sch\u00f6n warm heute. Dann gehts wieder zur\u00fcck nach Th\u00fcringen. Die Landesgrenzen\u2026","rel":"","context":"In &quot;Touren&quot;","block_context":{"text":"Touren","link":"https:\/\/willi-junker.de\/dachs\/?cat=3"},"img":{"alt_text":"","src":"","width":0,"height":0},"classes":[]},{"id":3398,"url":"https:\/\/willi-junker.de\/dachs\/?p=3398","url_meta":{"origin":1956,"position":5},"title":"Vortour Radtour Radteam des TuS Laubach 2016","author":"Willi","date":"10.07.2016","format":false,"excerpt":"Um 05:15 Uhr bin ich abreisebereit. Es ist noch k\u00fchl und in den T\u00e4lern liegt leichter Nebel. Es geht quer durch den Hunsr\u00fcck bis nach Rhaunen. In Woppenroth bin ich mal kurz von Wildschweinen umgeben. Von Woppenroth geht es weiter \u00fcber Sulzbach nach Allenbach. Hier mu\u00df der \"Pass\" nach Thranenweier\u2026","rel":"","context":"In &quot;Touren&quot;","block_context":{"text":"Touren","link":"https:\/\/willi-junker.de\/dachs\/?cat=3"},"img":{"alt_text":"","src":"https:\/\/i0.wp.com\/willi-junker.de\/dachs\/wp-content\/uploads\/2016\/07\/wp-image-395811942jpg.jpg?resize=350%2C200","width":350,"height":200,"srcset":"https:\/\/i0.wp.com\/willi-junker.de\/dachs\/wp-content\/uploads\/2016\/07\/wp-image-395811942jpg.jpg?resize=350%2C200 1x, https:\/\/i0.wp.com\/willi-junker.de\/dachs\/wp-content\/uploads\/2016\/07\/wp-image-395811942jpg.jpg?resize=525%2C300 1.5x, https:\/\/i0.wp.com\/willi-junker.de\/dachs\/wp-content\/uploads\/2016\/07\/wp-image-395811942jpg.jpg?resize=700%2C400 2x"},"classes":[]}],"_links":{"self":[{"href":"https:\/\/willi-junker.de\/dachs\/index.php?rest_route=\/wp\/v2\/posts\/1956","targetHints":{"allow":["GET"]}}],"collection":[{"href":"https:\/\/willi-junker.de\/dachs\/index.php?rest_route=\/wp\/v2\/posts"}],"about":[{"href":"https:\/\/willi-junker.de\/dachs\/index.php?rest_route=\/wp\/v2\/types\/post"}],"author":[{"embeddable":true,"href":"https:\/\/willi-junker.de\/dachs\/index.php?rest_route=\/wp\/v2\/users\/1"}],"replies":[{"embeddable":true,"href":"https:\/\/willi-junker.de\/dachs\/index.php?rest_route=%2Fwp%2Fv2%2Fcomments&post=1956"}],"version-history":[{"count":1,"href":"https:\/\/willi-junker.de\/dachs\/index.php?rest_route=\/wp\/v2\/posts\/1956\/revisions"}],"predecessor-version":[{"id":1957,"href":"https:\/\/willi-junker.de\/dachs\/index.php?rest_route=\/wp\/v2\/posts\/1956\/revisions\/1957"}],"wp:attachment":[{"href":"https:\/\/willi-junker.de\/dachs\/index.php?rest_route=%2Fwp%2Fv2%2Fmedia&parent=1956"}],"wp:term":[{"taxonomy":"category","embeddable":true,"href":"https:\/\/willi-junker.de\/dachs\/index.php?rest_route=%2Fwp%2Fv2%2Fcategories&post=1956"},{"taxonomy":"post_tag","embeddable":true,"href":"https:\/\/willi-junker.de\/dachs\/index.php?rest_route=%2Fwp%2Fv2%2Ftags&post=1956"}],"curies":[{"name":"wp","href":"https:\/\/api.w.org\/{rel}","templated":true}]}}