{"id":1941,"date":"2014-10-12T12:36:00","date_gmt":"2014-10-12T10:36:00","guid":{"rendered":"http:\/\/willi-junker.de\/dachs\/?p=1941"},"modified":"2014-10-12T15:36:08","modified_gmt":"2014-10-12T13:36:08","slug":"letzter-urlaubstag","status":"publish","type":"post","link":"https:\/\/willi-junker.de\/dachs\/?p=1941","title":{"rendered":"Letzter Urlaubstag"},"content":{"rendered":"<p>Sitze nochmals in dem kleinen Hafen\u00f6rtchen La Caleta. Hier kann man in kleinen Restaurants wunderbar sitzen und die kleine Felsbucht genie\u00dfen.<\/p>\n<p><a href=\"https:\/\/i0.wp.com\/willi-junker.de\/dachs\/wp-content\/uploads\/2014\/10\/wpid-IMAG07551.jpg?ssl=1\"><img data-recalc-dims=\"1\" decoding=\"async\" title=\"IMAG0755.jpg\" class=\"alignnone size-full\" alt=\"image\" src=\"https:\/\/i0.wp.com\/willi-junker.de\/dachs\/wp-content\/uploads\/2014\/10\/wpid-IMAG0755.jpg?w=640&#038;ssl=1\" \/><\/a><\/p>\n<p><a href=\"https:\/\/i0.wp.com\/willi-junker.de\/dachs\/wp-content\/uploads\/2014\/10\/wpid-IMAG07561.jpg?ssl=1\"><img data-recalc-dims=\"1\" decoding=\"async\" title=\"IMAG0756.jpg\" class=\"alignnone size-full\" alt=\"image\" src=\"https:\/\/i0.wp.com\/willi-junker.de\/dachs\/wp-content\/uploads\/2014\/10\/wpid-IMAG0756.jpg?w=640&#038;ssl=1\" \/><\/a><\/p>\n<p><a href=\"https:\/\/i0.wp.com\/willi-junker.de\/dachs\/wp-content\/uploads\/2014\/10\/wpid-IMAG07581.jpg?ssl=1\"><img data-recalc-dims=\"1\" decoding=\"async\" title=\"IMAG0758.jpg\" class=\"alignnone size-full\" alt=\"image\" src=\"https:\/\/i0.wp.com\/willi-junker.de\/dachs\/wp-content\/uploads\/2014\/10\/wpid-IMAG0758.jpg?w=640&#038;ssl=1\" \/><\/a><\/p>\n","protected":false},"excerpt":{"rendered":"<p>Sitze nochmals in dem kleinen Hafen\u00f6rtchen La Caleta. Hier kann man in kleinen Restaurants wunderbar sitzen und die kleine Felsbucht genie\u00dfen.<\/p>\n","protected":false},"author":1,"featured_media":0,"comment_status":"open","ping_status":"open","sticky":false,"template":"","format":"standard","meta":{"_crdt_document":"","jetpack_post_was_ever_published":false,"_jetpack_newsletter_access":"","_jetpack_dont_email_post_to_subs":false,"_jetpack_newsletter_tier_id":0,"_jetpack_memberships_contains_paywalled_content":false,"_jetpack_memberships_contains_paid_content":false,"footnotes":"","jetpack_publicize_message":"","jetpack_publicize_feature_enabled":true,"jetpack_social_post_already_shared":false,"jetpack_social_options":{"image_generator_settings":{"template":"highway","default_image_id":0,"font":"","enabled":false},"version":2}},"categories":[3],"tags":[],"class_list":["post-1941","post","type-post","status-publish","format-standard","hentry","category-touren"],"jetpack_publicize_connections":[],"jetpack_featured_media_url":"","jetpack_sharing_enabled":true,"jetpack_shortlink":"https:\/\/wp.me\/p73o9s-vj","jetpack-related-posts":[{"id":3523,"url":"https:\/\/willi-junker.de\/dachs\/?p=3523","url_meta":{"origin":1941,"position":0},"title":"11:30 Uhr &#8211; Pause auf einer kleinen Malga","author":"Willi","date":"11.09.2016","format":false,"excerpt":"Bin heute der erste Gast auf der kleinen H\u00fctte. Nur 5 Minuten sp\u00e4ter ist hier alles voll, \u00fcberwiegend Einheimische. Daher gibt es nur was zu trinken und ich erhalte Besuch von lieben Bekannten.","rel":"","context":"In &quot;Touren&quot;","block_context":{"text":"Touren","link":"https:\/\/willi-junker.de\/dachs\/?cat=3"},"img":{"alt_text":"","src":"https:\/\/i0.wp.com\/willi-junker.de\/dachs\/wp-content\/uploads\/2016\/09\/wp-image-1960020706jpg.jpg?resize=350%2C200","width":350,"height":200,"srcset":"https:\/\/i0.wp.com\/willi-junker.de\/dachs\/wp-content\/uploads\/2016\/09\/wp-image-1960020706jpg.jpg?resize=350%2C200 1x, https:\/\/i0.wp.com\/willi-junker.de\/dachs\/wp-content\/uploads\/2016\/09\/wp-image-1960020706jpg.jpg?resize=525%2C300 1.5x, https:\/\/i0.wp.com\/willi-junker.de\/dachs\/wp-content\/uploads\/2016\/09\/wp-image-1960020706jpg.jpg?resize=700%2C400 2x"},"classes":[]},{"id":1839,"url":"https:\/\/willi-junker.de\/dachs\/?p=1839","url_meta":{"origin":1941,"position":1},"title":"La Caleta","author":"Willi","date":"05.10.2014","format":false,"excerpt":"Sitze in dem kleinen Fischerdorf La Caleta. Bin fast 3 Stunden hierher gelaufen. War schon weiter bis zu einer Schlucht. Sitze jetzt in einem sch\u00f6nen kleinen Fischrestaurant und genie\u00dfe ein sch\u00f6nes, k\u00fchles Getr\u00e4nk. Ich warte darauf, dass mal endlich jemand die Heizung abschaltet.","rel":"","context":"In &quot;Touren&quot;","block_context":{"text":"Touren","link":"https:\/\/willi-junker.de\/dachs\/?cat=3"},"img":{"alt_text":"","src":"","width":0,"height":0},"classes":[]},{"id":2815,"url":"https:\/\/willi-junker.de\/dachs\/?p=2815","url_meta":{"origin":1941,"position":2},"title":"16:00 Uhr &#8211; Gipfel Pic-Berg","author":"Willi","date":"29.08.2015","format":false,"excerpt":"Nur H\u00fctten heute war mir dann doch etwas langweilig. Sitze seit einer halben Stunde mit einer kleinen Wandergruppe auf dem Gipfel.","rel":"","context":"In &quot;Touren&quot;","block_context":{"text":"Touren","link":"https:\/\/willi-junker.de\/dachs\/?cat=3"},"img":{"alt_text":"","src":"","width":0,"height":0},"classes":[]},{"id":3275,"url":"https:\/\/willi-junker.de\/dachs\/?p=3275","url_meta":{"origin":1941,"position":3},"title":"Boppard &#8211; 14:00 Uhr","author":"Willi","date":"26.05.2016","format":false,"excerpt":"Aus der kleinen Hunsr\u00fcck-Tour hat sich eine Rhein-Tour ergeben. Wir sind hinab nach Bacharach und sitzen jetzt in Boppard. Das Wetter hat sich pr\u00e4chtig entwickelt. Von Regen keine Spur.","rel":"","context":"In &quot;Touren&quot;","block_context":{"text":"Touren","link":"https:\/\/willi-junker.de\/dachs\/?cat=3"},"img":{"alt_text":"image","src":"https:\/\/i0.wp.com\/willi-junker.de\/dachs\/wp-content\/uploads\/2016\/05\/20160526_125041-1920x1080.jpg?resize=350%2C200","width":350,"height":200,"srcset":"https:\/\/i0.wp.com\/willi-junker.de\/dachs\/wp-content\/uploads\/2016\/05\/20160526_125041-1920x1080.jpg?resize=350%2C200 1x, https:\/\/i0.wp.com\/willi-junker.de\/dachs\/wp-content\/uploads\/2016\/05\/20160526_125041-1920x1080.jpg?resize=525%2C300 1.5x, https:\/\/i0.wp.com\/willi-junker.de\/dachs\/wp-content\/uploads\/2016\/05\/20160526_125041-1920x1080.jpg?resize=700%2C400 2x, https:\/\/i0.wp.com\/willi-junker.de\/dachs\/wp-content\/uploads\/2016\/05\/20160526_125041-1920x1080.jpg?resize=1050%2C600 3x, https:\/\/i0.wp.com\/willi-junker.de\/dachs\/wp-content\/uploads\/2016\/05\/20160526_125041-1920x1080.jpg?resize=1400%2C800 4x"},"classes":[]},{"id":406,"url":"https:\/\/willi-junker.de\/dachs\/?p=406","url_meta":{"origin":1941,"position":4},"title":"16:45 Uhr &#8211; Dicke Eiche","author":"Willi","date":"01.07.2011","format":false,"excerpt":"Im eigentlich geschlossenem Wanderheim gibt es kurz eine Erfrischung. Dann erfolgt der Abstieg nach Erfweiler auf den langen Weg \u00fcber das Winterkirchl. Um 17:55 Uhr sitze ich dann wieder auf der Terrasse der \"Kleinen Blume\". 31km und 688 H\u00f6henmeter.","rel":"","context":"In &quot;Touren&quot;","block_context":{"text":"Touren","link":"https:\/\/willi-junker.de\/dachs\/?cat=3"},"img":{"alt_text":"","src":"","width":0,"height":0},"classes":[]},{"id":1659,"url":"https:\/\/willi-junker.de\/dachs\/?p=1659","url_meta":{"origin":1941,"position":5},"title":"Trojer-H\u00fctte","author":"Willi","date":"23.08.2014","format":false,"excerpt":"Hab zwei Stunden von der Regensburger zur Trojer-H\u00fctte gebraucht. War zwischendurch noch auf einer kleinen Alm. Dort oben ist niemand mehr unterwegs. Die H\u00fcttenwirtin war sehr nett und hatte viel Zeit zum Erz\u00e4hlen. Bin jetzt beim Bruno auf der Trojer und trockne meine Utensilien.","rel":"","context":"In &quot;Touren&quot;","block_context":{"text":"Touren","link":"https:\/\/willi-junker.de\/dachs\/?cat=3"},"img":{"alt_text":"","src":"","width":0,"height":0},"classes":[]}],"_links":{"self":[{"href":"https:\/\/willi-junker.de\/dachs\/index.php?rest_route=\/wp\/v2\/posts\/1941","targetHints":{"allow":["GET"]}}],"collection":[{"href":"https:\/\/willi-junker.de\/dachs\/index.php?rest_route=\/wp\/v2\/posts"}],"about":[{"href":"https:\/\/willi-junker.de\/dachs\/index.php?rest_route=\/wp\/v2\/types\/post"}],"author":[{"embeddable":true,"href":"https:\/\/willi-junker.de\/dachs\/index.php?rest_route=\/wp\/v2\/users\/1"}],"replies":[{"embeddable":true,"href":"https:\/\/willi-junker.de\/dachs\/index.php?rest_route=%2Fwp%2Fv2%2Fcomments&post=1941"}],"version-history":[{"count":1,"href":"https:\/\/willi-junker.de\/dachs\/index.php?rest_route=\/wp\/v2\/posts\/1941\/revisions"}],"predecessor-version":[{"id":1942,"href":"https:\/\/willi-junker.de\/dachs\/index.php?rest_route=\/wp\/v2\/posts\/1941\/revisions\/1942"}],"wp:attachment":[{"href":"https:\/\/willi-junker.de\/dachs\/index.php?rest_route=%2Fwp%2Fv2%2Fmedia&parent=1941"}],"wp:term":[{"taxonomy":"category","embeddable":true,"href":"https:\/\/willi-junker.de\/dachs\/index.php?rest_route=%2Fwp%2Fv2%2Fcategories&post=1941"},{"taxonomy":"post_tag","embeddable":true,"href":"https:\/\/willi-junker.de\/dachs\/index.php?rest_route=%2Fwp%2Fv2%2Ftags&post=1941"}],"curies":[{"name":"wp","href":"https:\/\/api.w.org\/{rel}","templated":true}]}}