{"id":1933,"date":"2014-10-11T18:41:00","date_gmt":"2014-10-11T16:41:00","guid":{"rendered":"http:\/\/willi-junker.de\/dachs\/?p=1933"},"modified":"2014-10-11T20:55:58","modified_gmt":"2014-10-11T18:55:58","slug":"ein-fauler-tag-am-strand-und-pool","status":"publish","type":"post","link":"https:\/\/willi-junker.de\/dachs\/?p=1933","title":{"rendered":"Ein fauler Tag am Strand und Pool"},"content":{"rendered":"<p><a href=\"https:\/\/i0.wp.com\/willi-junker.de\/dachs\/wp-content\/uploads\/2014\/10\/wpid-IMAG07531.jpg?ssl=1\"><img data-recalc-dims=\"1\" decoding=\"async\" title=\"IMAG0753.jpg\" class=\"alignnone size-full\" alt=\"image\" src=\"https:\/\/i0.wp.com\/willi-junker.de\/dachs\/wp-content\/uploads\/2014\/10\/wpid-IMAG0753.jpg?w=640&#038;ssl=1\" \/><\/a><\/p>\n<p>Hab heute eigentlich nichts gemacht, daher noch ein Bild von gestern Abend.<\/p>\n","protected":false},"excerpt":{"rendered":"<p>Hab heute eigentlich nichts gemacht, daher noch ein Bild von gestern Abend.<\/p>\n","protected":false},"author":1,"featured_media":0,"comment_status":"open","ping_status":"open","sticky":false,"template":"","format":"standard","meta":{"_crdt_document":"","jetpack_post_was_ever_published":false,"_jetpack_newsletter_access":"","_jetpack_dont_email_post_to_subs":false,"_jetpack_newsletter_tier_id":0,"_jetpack_memberships_contains_paywalled_content":false,"_jetpack_memberships_contains_paid_content":false,"footnotes":"","jetpack_publicize_message":"","jetpack_publicize_feature_enabled":true,"jetpack_social_post_already_shared":false,"jetpack_social_options":{"image_generator_settings":{"template":"highway","default_image_id":0,"font":"","enabled":false},"version":2}},"categories":[3],"tags":[],"class_list":["post-1933","post","type-post","status-publish","format-standard","hentry","category-touren"],"jetpack_publicize_connections":[],"jetpack_featured_media_url":"","jetpack_sharing_enabled":true,"jetpack_shortlink":"https:\/\/wp.me\/p73o9s-vb","jetpack-related-posts":[{"id":938,"url":"https:\/\/willi-junker.de\/dachs\/?p=938","url_meta":{"origin":1933,"position":0},"title":"W\u00fcrzjoch &#8211; 15:30 &#8211; \u00dctia de B\u00f6rz","author":"Willi","date":"03.07.2012","format":false,"excerpt":"Nach 6:45 Stunden wandern bin ich am W\u00fcrzjoch angekommen und habe auch gleich ein Zimmer bekommen. Geographisch gesehen bin ich noch immer auf der L\u00fcsener Alm auch wenn der letzte Berg nach dem L\u00fcsener Joch, der Maurerberg, eigenst\u00e4ndig gef\u00fchrt wird. Gegen Mittag habe ich eine kurze Rast auf der Wieseralm\u2026","rel":"","context":"In &quot;Touren&quot;","block_context":{"text":"Touren","link":"https:\/\/willi-junker.de\/dachs\/?cat=3"},"img":{"alt_text":"","src":"","width":0,"height":0},"classes":[]},{"id":5217,"url":"https:\/\/willi-junker.de\/dachs\/?p=5217","url_meta":{"origin":1933,"position":1},"title":"Radtour nach Bad Sch\u00f6nborn \/ Tag 1 (K\u00f6nigsetappe)","author":"Willi","date":"18.07.2019","format":false,"excerpt":"Heute Morgen bin ich gegen vier Uhr aus den Federn gesprungen und um halb sechs hab ich das Rad abfahrbereit gemacht. Dann geht es im Morgengrauen los. \u00dcber Alterk\u00fclz geht es auf den Schinderhannesradweg und nach Simmern. Dann hinauf nach Holzbach und wieder hinab nach Tiefenbach. Hier werden die 10\u2026","rel":"","context":"In &quot;Touren&quot;","block_context":{"text":"Touren","link":"https:\/\/willi-junker.de\/dachs\/?cat=3"},"img":{"alt_text":"","src":"https:\/\/i0.wp.com\/willi-junker.de\/dachs\/wp-content\/uploads\/2019\/07\/20190718_0753291178164395.jpg?resize=350%2C200","width":350,"height":200,"srcset":"https:\/\/i0.wp.com\/willi-junker.de\/dachs\/wp-content\/uploads\/2019\/07\/20190718_0753291178164395.jpg?resize=350%2C200 1x, https:\/\/i0.wp.com\/willi-junker.de\/dachs\/wp-content\/uploads\/2019\/07\/20190718_0753291178164395.jpg?resize=525%2C300 1.5x, https:\/\/i0.wp.com\/willi-junker.de\/dachs\/wp-content\/uploads\/2019\/07\/20190718_0753291178164395.jpg?resize=700%2C400 2x, https:\/\/i0.wp.com\/willi-junker.de\/dachs\/wp-content\/uploads\/2019\/07\/20190718_0753291178164395.jpg?resize=1050%2C600 3x, https:\/\/i0.wp.com\/willi-junker.de\/dachs\/wp-content\/uploads\/2019\/07\/20190718_0753291178164395.jpg?resize=1400%2C800 4x"},"classes":[]},{"id":4589,"url":"https:\/\/willi-junker.de\/dachs\/?p=4589","url_meta":{"origin":1933,"position":2},"title":"Tag 5 &#8211; Radtour zum Laubachtreffen im Elsass","author":"Willi","date":"29.06.2018","format":false,"excerpt":"Nach der erlebnisreichen Tour von gestern war heute eigentlich nur Ausrollen angesagt. Es hat sich bezahlt gemacht, dass wir in den letzten Tagen doch recht ambitionierte Ziele angestrebt haben. Ansonsten h\u00e4tten wir heute noch eine ziemlich lange Anreise gehabt. So war die Strecke nach Laubach nur gut 40 km lang.\u2026","rel":"","context":"In &quot;Touren&quot;","block_context":{"text":"Touren","link":"https:\/\/willi-junker.de\/dachs\/?cat=3"},"img":{"alt_text":"","src":"","width":0,"height":0},"classes":[]},{"id":4070,"url":"https:\/\/willi-junker.de\/dachs\/?p=4070","url_meta":{"origin":1933,"position":3},"title":"H\u00fcttenwanderung &#8211; Tag 4","author":"Willi","date":"21.07.2017","format":false,"excerpt":"Auch heute bin ich wieder vor sechs Uhr munter und treibe mich ab halb sieben vor der H\u00fctte rum. Es ist sonnig und es sieht nach einem sch\u00f6nen Tag aus. Das Alpengl\u00fchen hat heute leider wieder nicht stattgefunden. Um sieben sitze ich am Fr\u00fchst\u00fcckstisch und um acht bin ich auf\u2026","rel":"","context":"In &quot;Touren&quot;","block_context":{"text":"Touren","link":"https:\/\/willi-junker.de\/dachs\/?cat=3"},"img":{"alt_text":"","src":"https:\/\/i0.wp.com\/willi-junker.de\/dachs\/wp-content\/uploads\/2017\/07\/wp-image-833505761.jpg?resize=350%2C200","width":350,"height":200,"srcset":"https:\/\/i0.wp.com\/willi-junker.de\/dachs\/wp-content\/uploads\/2017\/07\/wp-image-833505761.jpg?resize=350%2C200 1x, https:\/\/i0.wp.com\/willi-junker.de\/dachs\/wp-content\/uploads\/2017\/07\/wp-image-833505761.jpg?resize=525%2C300 1.5x, https:\/\/i0.wp.com\/willi-junker.de\/dachs\/wp-content\/uploads\/2017\/07\/wp-image-833505761.jpg?resize=700%2C400 2x, https:\/\/i0.wp.com\/willi-junker.de\/dachs\/wp-content\/uploads\/2017\/07\/wp-image-833505761.jpg?resize=1050%2C600 3x, https:\/\/i0.wp.com\/willi-junker.de\/dachs\/wp-content\/uploads\/2017\/07\/wp-image-833505761.jpg?resize=1400%2C800 4x"},"classes":[]},{"id":1364,"url":"https:\/\/willi-junker.de\/dachs\/?p=1364","url_meta":{"origin":1933,"position":4},"title":"Ein ruhiger Abschluss auf der Seceda","author":"Willi","date":"28.07.2013","format":false,"excerpt":"Heute bin ich gehen 9 Uhr mit dem Bus nach St. Ulrich und dann mit der Seilbahn hoch auf die Seceda. Es ist mal wieder einfach nur heiss. Oben bin ich langsam an der Abbruchkante zum Villn\u00f6sstal entlang gelaufen und dann hinab zur Trojer Alm. Dort hab ich dann bei\u2026","rel":"","context":"In &quot;Touren&quot;","block_context":{"text":"Touren","link":"https:\/\/willi-junker.de\/dachs\/?cat=3"},"img":{"alt_text":"","src":"","width":0,"height":0},"classes":[]},{"id":2496,"url":"https:\/\/willi-junker.de\/dachs\/?p=2496","url_meta":{"origin":1933,"position":5},"title":"21:00 Uhr &#8211; Hochheim am Main","author":"Willi","date":"30.06.2015","format":false,"excerpt":"Nach dem Verhauer vom Morgen musste ja auch heute Abend was schiefgehen. Wegen einer Baustelle und einer Sperrung bin ich bis R\u00fcsselsheim auf der falschen Mainseite gefahren. Das Problem bestand dann darin in Fl\u00f6rsheim die Mainseite zu wechseln. Das geht nur aus einer Richtung und die muss man erst mal\u2026","rel":"","context":"In &quot;Touren&quot;","block_context":{"text":"Touren","link":"https:\/\/willi-junker.de\/dachs\/?cat=3"},"img":{"alt_text":"","src":"","width":0,"height":0},"classes":[]}],"_links":{"self":[{"href":"https:\/\/willi-junker.de\/dachs\/index.php?rest_route=\/wp\/v2\/posts\/1933","targetHints":{"allow":["GET"]}}],"collection":[{"href":"https:\/\/willi-junker.de\/dachs\/index.php?rest_route=\/wp\/v2\/posts"}],"about":[{"href":"https:\/\/willi-junker.de\/dachs\/index.php?rest_route=\/wp\/v2\/types\/post"}],"author":[{"embeddable":true,"href":"https:\/\/willi-junker.de\/dachs\/index.php?rest_route=\/wp\/v2\/users\/1"}],"replies":[{"embeddable":true,"href":"https:\/\/willi-junker.de\/dachs\/index.php?rest_route=%2Fwp%2Fv2%2Fcomments&post=1933"}],"version-history":[{"count":1,"href":"https:\/\/willi-junker.de\/dachs\/index.php?rest_route=\/wp\/v2\/posts\/1933\/revisions"}],"predecessor-version":[{"id":1934,"href":"https:\/\/willi-junker.de\/dachs\/index.php?rest_route=\/wp\/v2\/posts\/1933\/revisions\/1934"}],"wp:attachment":[{"href":"https:\/\/willi-junker.de\/dachs\/index.php?rest_route=%2Fwp%2Fv2%2Fmedia&parent=1933"}],"wp:term":[{"taxonomy":"category","embeddable":true,"href":"https:\/\/willi-junker.de\/dachs\/index.php?rest_route=%2Fwp%2Fv2%2Fcategories&post=1933"},{"taxonomy":"post_tag","embeddable":true,"href":"https:\/\/willi-junker.de\/dachs\/index.php?rest_route=%2Fwp%2Fv2%2Ftags&post=1933"}],"curies":[{"name":"wp","href":"https:\/\/api.w.org\/{rel}","templated":true}]}}