{"id":1901,"date":"2014-10-08T17:00:00","date_gmt":"2014-10-08T15:00:00","guid":{"rendered":"http:\/\/willi-junker.de\/dachs\/?p=1901"},"modified":"2014-10-08T21:38:02","modified_gmt":"2014-10-08T19:38:02","slug":"bimswueste","status":"publish","type":"post","link":"https:\/\/willi-junker.de\/dachs\/?p=1901","title":{"rendered":"Bimsw\u00fcste"},"content":{"rendered":"<p><a href=\"https:\/\/i0.wp.com\/willi-junker.de\/dachs\/wp-content\/uploads\/2014\/10\/wpid-IMAG07311.jpg?ssl=1\"><img data-recalc-dims=\"1\" decoding=\"async\" title=\"IMAG0731.jpg\" class=\"alignnone size-full\" alt=\"image\" src=\"https:\/\/i0.wp.com\/willi-junker.de\/dachs\/wp-content\/uploads\/2014\/10\/wpid-IMAG0731.jpg?w=640&#038;ssl=1\" \/><\/a><\/p>\n<p>Ich fahre weiter in Richtung Nordosten. Die Landschaft wird immer wilder. Diverse Lavastr\u00f6me kreuzen die Stra\u00dfe und mittendrin eine riesige Bimsw\u00fcste. Die NASA testet hier verschiedene Ger\u00e4tschaften. Ich fahre bis an den nord\u00f6stlichen Rand der Caldera. Wie hoch mag der urspr\u00fcngliche Gipfel mal gewesen sein. Mit Sicherheit weit \u00fcber 5.000m.<\/p>\n<p>Von dort fahre ich den kompletten Weg zur\u00fcck bis zum Einstiegspunkt in die Caldera.<\/p>\n<p><a href=\"https:\/\/i0.wp.com\/willi-junker.de\/dachs\/wp-content\/uploads\/2014\/10\/wpid-IMAG07321.jpg?ssl=1\"><img data-recalc-dims=\"1\" decoding=\"async\" title=\"IMAG0732.jpg\" class=\"alignnone size-full\" alt=\"image\" src=\"https:\/\/i0.wp.com\/willi-junker.de\/dachs\/wp-content\/uploads\/2014\/10\/wpid-IMAG0732.jpg?w=640&#038;ssl=1\" \/><\/a><\/p>\n","protected":false},"excerpt":{"rendered":"<p>Ich fahre weiter in Richtung Nordosten. Die Landschaft wird immer wilder. Diverse Lavastr\u00f6me kreuzen die Stra\u00dfe und mittendrin eine riesige Bimsw\u00fcste. Die NASA testet hier verschiedene Ger\u00e4tschaften. Ich fahre bis an den nord\u00f6stlichen Rand der Caldera. Wie hoch mag der &hellip; <a href=\"https:\/\/willi-junker.de\/dachs\/?p=1901\">Weiterlesen <span class=\"meta-nav\">&rarr;<\/span><\/a><\/p>\n","protected":false},"author":1,"featured_media":0,"comment_status":"open","ping_status":"open","sticky":false,"template":"","format":"standard","meta":{"_crdt_document":"","jetpack_post_was_ever_published":false,"_jetpack_newsletter_access":"","_jetpack_dont_email_post_to_subs":false,"_jetpack_newsletter_tier_id":0,"_jetpack_memberships_contains_paywalled_content":false,"_jetpack_memberships_contains_paid_content":false,"footnotes":"","jetpack_publicize_message":"","jetpack_publicize_feature_enabled":true,"jetpack_social_post_already_shared":false,"jetpack_social_options":{"image_generator_settings":{"template":"highway","default_image_id":0,"font":"","enabled":false},"version":2}},"categories":[3],"tags":[],"class_list":["post-1901","post","type-post","status-publish","format-standard","hentry","category-touren"],"jetpack_publicize_connections":[],"jetpack_featured_media_url":"","jetpack_sharing_enabled":true,"jetpack_shortlink":"https:\/\/wp.me\/p73o9s-uF","jetpack-related-posts":[{"id":3798,"url":"https:\/\/willi-junker.de\/dachs\/?p=3798","url_meta":{"origin":1901,"position":0},"title":"2. Skitag &#8211; Das k\u00f6nnte ein H\u00fcttentag werden","author":"Willi","date":"05.03.2017","format":false,"excerpt":"So sieht derzeit der Blick aus der Haust\u00fcr aus. Da die Sicht heute Morgen oben sehr eingeschr\u00e4nkt ist, fahre ich nur bis zur Seceda. Um die Mittagszeit wird es vor\u00fcbergehend sogar sonnig und ich wechsele hin\u00fcber zum Ciampinoi und Sella-Joch. Doch dann zieht es wieder zu und ich beschlie\u00dfe den\u2026","rel":"","context":"In &quot;Touren&quot;","block_context":{"text":"Touren","link":"https:\/\/willi-junker.de\/dachs\/?cat=3"},"img":{"alt_text":"","src":"https:\/\/i0.wp.com\/willi-junker.de\/dachs\/wp-content\/uploads\/2017\/03\/wp-image-373014046jpg-1.jpg?resize=350%2C200","width":350,"height":200,"srcset":"https:\/\/i0.wp.com\/willi-junker.de\/dachs\/wp-content\/uploads\/2017\/03\/wp-image-373014046jpg-1.jpg?resize=350%2C200 1x, https:\/\/i0.wp.com\/willi-junker.de\/dachs\/wp-content\/uploads\/2017\/03\/wp-image-373014046jpg-1.jpg?resize=525%2C300 1.5x, https:\/\/i0.wp.com\/willi-junker.de\/dachs\/wp-content\/uploads\/2017\/03\/wp-image-373014046jpg-1.jpg?resize=700%2C400 2x"},"classes":[]},{"id":389,"url":"https:\/\/willi-junker.de\/dachs\/?p=389","url_meta":{"origin":1901,"position":1},"title":"09:00 Uhr &#8211; Abfahrt mit dem Rad","author":"Willi","date":"30.06.2011","format":false,"excerpt":"Hinab durch da\u00df Wieslautertal fahre ich nach Sch\u00f6nau. Hier quere ich die Grenze nach Frankreich. Nun folge ich der Sauer bis nach Morsbronn.","rel":"","context":"In &quot;Touren&quot;","block_context":{"text":"Touren","link":"https:\/\/willi-junker.de\/dachs\/?cat=3"},"img":{"alt_text":"","src":"","width":0,"height":0},"classes":[]},{"id":4475,"url":"https:\/\/willi-junker.de\/dachs\/?p=4475","url_meta":{"origin":1901,"position":2},"title":"Kleine Strandrunde","author":"Willi","date":"28.04.2018","format":false,"excerpt":"Der Wind legt \u00fcber Nacht weiter zu und auch tags\u00fcber wird es definitiv nicht weniger. Ich lasse mir viel Zeit beim Fr\u00fchst\u00fcck und sehe mir auch die Baustelle nochmals an. Gegen 11 Uhr radele ich dann Richtung Strand. Diese laufe ich vom westlichsten bis zum \u00f6stlichsten Punkt ab. Das sind\u2026","rel":"","context":"In &quot;Touren&quot;","block_context":{"text":"Touren","link":"https:\/\/willi-junker.de\/dachs\/?cat=3"},"img":{"alt_text":"","src":"","width":0,"height":0},"classes":[]},{"id":5470,"url":"https:\/\/willi-junker.de\/dachs\/?p=5470","url_meta":{"origin":1901,"position":3},"title":"Marathonwanderung auf dem Rheinsteig &#8211; Etappen 5 und 6 von R\u00fcdesheim bis Kaub","author":"Willi","date":"02.11.2021","format":false,"excerpt":"Heute Morgen bin ich im Dunklen mit dem Zug nach Bingen gefahren. Im ersten Morgenlicht verlasse ich den Bahnhof in Richtung F\u00e4hre nach R\u00fcdesheim. R\u00fcdesheim erreiche ich gegen 07\u00b3\u2070 Uhr. Obligatorisch laufe ich die v\u00f6llig leere Drosselgasse hinauf und dann \u00fcber Wingertswege hinauf in Richtung Niederwalddenkmal. Oben angekommen sehe ich\u2026","rel":"","context":"In &quot;Touren&quot;","block_context":{"text":"Touren","link":"https:\/\/willi-junker.de\/dachs\/?cat=3"},"img":{"alt_text":"","src":"https:\/\/i0.wp.com\/willi-junker.de\/dachs\/wp-content\/uploads\/2021\/11\/img_20211102_083350_1624050857507768282-scaled.jpg?resize=350%2C200&ssl=1","width":350,"height":200,"srcset":"https:\/\/i0.wp.com\/willi-junker.de\/dachs\/wp-content\/uploads\/2021\/11\/img_20211102_083350_1624050857507768282-scaled.jpg?resize=350%2C200&ssl=1 1x, https:\/\/i0.wp.com\/willi-junker.de\/dachs\/wp-content\/uploads\/2021\/11\/img_20211102_083350_1624050857507768282-scaled.jpg?resize=525%2C300&ssl=1 1.5x, https:\/\/i0.wp.com\/willi-junker.de\/dachs\/wp-content\/uploads\/2021\/11\/img_20211102_083350_1624050857507768282-scaled.jpg?resize=700%2C400&ssl=1 2x, https:\/\/i0.wp.com\/willi-junker.de\/dachs\/wp-content\/uploads\/2021\/11\/img_20211102_083350_1624050857507768282-scaled.jpg?resize=1050%2C600&ssl=1 3x, https:\/\/i0.wp.com\/willi-junker.de\/dachs\/wp-content\/uploads\/2021\/11\/img_20211102_083350_1624050857507768282-scaled.jpg?resize=1400%2C800&ssl=1 4x"},"classes":[]},{"id":4333,"url":"https:\/\/willi-junker.de\/dachs\/?p=4333","url_meta":{"origin":1901,"position":4},"title":"Vortour Radtour Radteam TuS Laubach 2017","author":"Willi","date":"29.08.2017","format":false,"excerpt":"Heute ist ein wunderbar sonniger Tag. Ich starte um 08:00 Uhr mit dem Auto und fahre nach Manderscheid in der Eifel. Den Ort erkunde ich noch etwas und gegen zehn Uhr beginne ich mit der Tour. Es geht sofort steil bergab und nach gut einer Minute sind ca 100 H\u00f6henmeter\u2026","rel":"","context":"In &quot;Touren&quot;","block_context":{"text":"Touren","link":"https:\/\/willi-junker.de\/dachs\/?cat=3"},"img":{"alt_text":"","src":"","width":0,"height":0},"classes":[]},{"id":2431,"url":"https:\/\/willi-junker.de\/dachs\/?p=2431","url_meta":{"origin":1901,"position":5},"title":"13:45 Uhr &#8211; Abreise","author":"Willi","date":"28.06.2015","format":false,"excerpt":"Nach und nach verlassen alle Laubacher den Ort. Ab 13:45 Uhr bin auch ich dabei. Noch ein letzter Blick auf's Ortsschild und es geht steil hinab an die Werra. Ihr folge ich nun aufw\u00e4rts in Richtung Eisenach. Bis dorthin d\u00fcrften es in etwa 100 km sein. Kurz nach Witzenhausen fahre\u2026","rel":"","context":"In &quot;Touren&quot;","block_context":{"text":"Touren","link":"https:\/\/willi-junker.de\/dachs\/?cat=3"},"img":{"alt_text":"","src":"","width":0,"height":0},"classes":[]}],"_links":{"self":[{"href":"https:\/\/willi-junker.de\/dachs\/index.php?rest_route=\/wp\/v2\/posts\/1901","targetHints":{"allow":["GET"]}}],"collection":[{"href":"https:\/\/willi-junker.de\/dachs\/index.php?rest_route=\/wp\/v2\/posts"}],"about":[{"href":"https:\/\/willi-junker.de\/dachs\/index.php?rest_route=\/wp\/v2\/types\/post"}],"author":[{"embeddable":true,"href":"https:\/\/willi-junker.de\/dachs\/index.php?rest_route=\/wp\/v2\/users\/1"}],"replies":[{"embeddable":true,"href":"https:\/\/willi-junker.de\/dachs\/index.php?rest_route=%2Fwp%2Fv2%2Fcomments&post=1901"}],"version-history":[{"count":1,"href":"https:\/\/willi-junker.de\/dachs\/index.php?rest_route=\/wp\/v2\/posts\/1901\/revisions"}],"predecessor-version":[{"id":1902,"href":"https:\/\/willi-junker.de\/dachs\/index.php?rest_route=\/wp\/v2\/posts\/1901\/revisions\/1902"}],"wp:attachment":[{"href":"https:\/\/willi-junker.de\/dachs\/index.php?rest_route=%2Fwp%2Fv2%2Fmedia&parent=1901"}],"wp:term":[{"taxonomy":"category","embeddable":true,"href":"https:\/\/willi-junker.de\/dachs\/index.php?rest_route=%2Fwp%2Fv2%2Fcategories&post=1901"},{"taxonomy":"post_tag","embeddable":true,"href":"https:\/\/willi-junker.de\/dachs\/index.php?rest_route=%2Fwp%2Fv2%2Ftags&post=1901"}],"curies":[{"name":"wp","href":"https:\/\/api.w.org\/{rel}","templated":true}]}}