{"id":1873,"date":"2014-10-07T12:00:00","date_gmt":"2014-10-07T10:00:00","guid":{"rendered":"http:\/\/willi-junker.de\/dachs\/?p=1873"},"modified":"2014-10-07T16:41:09","modified_gmt":"2014-10-07T14:41:09","slug":"strand-von-san-telmo-los-christianos","status":"publish","type":"post","link":"https:\/\/willi-junker.de\/dachs\/?p=1873","title":{"rendered":"Strand von San Telmo \/ Los Christianos"},"content":{"rendered":"<p>Liege heute faul am Strand von San Telmo. Super Wetter, super Sonne, sch\u00f6ne hohe Wellen.<\/p>\n","protected":false},"excerpt":{"rendered":"<p>Liege heute faul am Strand von San Telmo. Super Wetter, super Sonne, sch\u00f6ne hohe Wellen.<\/p>\n","protected":false},"author":1,"featured_media":0,"comment_status":"open","ping_status":"open","sticky":false,"template":"","format":"standard","meta":{"_crdt_document":"","jetpack_post_was_ever_published":false,"_jetpack_newsletter_access":"","_jetpack_dont_email_post_to_subs":false,"_jetpack_newsletter_tier_id":0,"_jetpack_memberships_contains_paywalled_content":false,"_jetpack_memberships_contains_paid_content":false,"footnotes":"","jetpack_publicize_message":"","jetpack_publicize_feature_enabled":true,"jetpack_social_post_already_shared":false,"jetpack_social_options":{"image_generator_settings":{"template":"highway","default_image_id":0,"font":"","enabled":false},"version":2}},"categories":[3],"tags":[],"class_list":["post-1873","post","type-post","status-publish","format-standard","hentry","category-touren"],"jetpack_publicize_connections":[],"jetpack_featured_media_url":"","jetpack_sharing_enabled":true,"jetpack_shortlink":"https:\/\/wp.me\/p73o9s-ud","jetpack-related-posts":[{"id":1929,"url":"https:\/\/willi-junker.de\/dachs\/?p=1929","url_meta":{"origin":1873,"position":0},"title":"Der n\u00e4chste Vulkan","author":"Willi","date":"10.10.2014","format":false,"excerpt":"Bin heute Morgen schon fr\u00fch weg. Um diese Zeit sind auf der Uferpromenade immer die Sportasse unterwegs. Da rennen die Nationalmannschaften aller L\u00e4nder rum. Bin bis in die hinterste Ecke vom Strand von Los Christianos gelaufen, da wo's heftig ruppig wird. Dann geht es gut 400m bergauf, auf ziemlich holperigen\u2026","rel":"","context":"In &quot;Touren&quot;","block_context":{"text":"Touren","link":"https:\/\/willi-junker.de\/dachs\/?cat=3"},"img":{"alt_text":"","src":"","width":0,"height":0},"classes":[]},{"id":1933,"url":"https:\/\/willi-junker.de\/dachs\/?p=1933","url_meta":{"origin":1873,"position":1},"title":"Ein fauler Tag am Strand und Pool","author":"Willi","date":"11.10.2014","format":false,"excerpt":"Hab heute eigentlich nichts gemacht, daher noch ein Bild von gestern Abend.","rel":"","context":"In &quot;Touren&quot;","block_context":{"text":"Touren","link":"https:\/\/willi-junker.de\/dachs\/?cat=3"},"img":{"alt_text":"","src":"","width":0,"height":0},"classes":[]},{"id":1857,"url":"https:\/\/willi-junker.de\/dachs\/?p=1857","url_meta":{"origin":1873,"position":2},"title":"La Gomera","author":"Willi","date":"06.10.2014","format":false,"excerpt":"Um 6 Uhr klingelt der Wecker. Um kurz nach 7 verlasse ich das Hotel. Es ist stockduster. Um 7:30 Uhr holt mich ein Bus ab. Es geht in den Hafen von Los Christianos. Um 08:30 Uhr geht es auf die F\u00e4hre. Jetzt geht auch die Sonne auf. Die \u00dcberfahrt nach\u2026","rel":"","context":"In &quot;Touren&quot;","block_context":{"text":"Touren","link":"https:\/\/willi-junker.de\/dachs\/?cat=3"},"img":{"alt_text":"","src":"","width":0,"height":0},"classes":[]},{"id":1915,"url":"https:\/\/willi-junker.de\/dachs\/?p=1915","url_meta":{"origin":1873,"position":3},"title":"Kleine Wanderung zum \u00f6rtlichen Vulkan","author":"Willi","date":"09.10.2014","format":false,"excerpt":"War 4 Stunden unterwegs und liege jetzt am Pool. Sicht von dort oben super.","rel":"","context":"In &quot;Touren&quot;","block_context":{"text":"Touren","link":"https:\/\/willi-junker.de\/dachs\/?cat=3"},"img":{"alt_text":"","src":"","width":0,"height":0},"classes":[]},{"id":1552,"url":"https:\/\/willi-junker.de\/dachs\/?p=1552","url_meta":{"origin":1873,"position":4},"title":"Seebad Binz","author":"Willi","date":"20.06.2014","format":false,"excerpt":"Wir sitzen in der Sonne am Strand.","rel":"","context":"In &quot;Touren&quot;","block_context":{"text":"Touren","link":"https:\/\/willi-junker.de\/dachs\/?cat=3"},"img":{"alt_text":"","src":"","width":0,"height":0},"classes":[]},{"id":1415,"url":"https:\/\/willi-junker.de\/dachs\/?p=1415","url_meta":{"origin":1873,"position":5},"title":"Vogesenwanderung","author":"Willi","date":"10.10.2013","format":false,"excerpt":"Heute Nacht ist eine Kaltfront durchgerauscht. Letzer Regen f\u00e4llt noch bis 11 Uhr. Seit ein paar Minuten bin ich unterwegs, hinaus aus Riquewihr in westlicher Richtung. Es geht immer bergauf durch ein enges, dicht bewaldetes Tal. Kurz vor halb eins sehe ich erstmals au\u00dfer pitschnassen B\u00e4umen und Wegen \u00fcber ein\u2026","rel":"","context":"In &quot;Touren&quot;","block_context":{"text":"Touren","link":"https:\/\/willi-junker.de\/dachs\/?cat=3"},"img":{"alt_text":"","src":"","width":0,"height":0},"classes":[]}],"_links":{"self":[{"href":"https:\/\/willi-junker.de\/dachs\/index.php?rest_route=\/wp\/v2\/posts\/1873","targetHints":{"allow":["GET"]}}],"collection":[{"href":"https:\/\/willi-junker.de\/dachs\/index.php?rest_route=\/wp\/v2\/posts"}],"about":[{"href":"https:\/\/willi-junker.de\/dachs\/index.php?rest_route=\/wp\/v2\/types\/post"}],"author":[{"embeddable":true,"href":"https:\/\/willi-junker.de\/dachs\/index.php?rest_route=\/wp\/v2\/users\/1"}],"replies":[{"embeddable":true,"href":"https:\/\/willi-junker.de\/dachs\/index.php?rest_route=%2Fwp%2Fv2%2Fcomments&post=1873"}],"version-history":[{"count":1,"href":"https:\/\/willi-junker.de\/dachs\/index.php?rest_route=\/wp\/v2\/posts\/1873\/revisions"}],"predecessor-version":[{"id":1874,"href":"https:\/\/willi-junker.de\/dachs\/index.php?rest_route=\/wp\/v2\/posts\/1873\/revisions\/1874"}],"wp:attachment":[{"href":"https:\/\/willi-junker.de\/dachs\/index.php?rest_route=%2Fwp%2Fv2%2Fmedia&parent=1873"}],"wp:term":[{"taxonomy":"category","embeddable":true,"href":"https:\/\/willi-junker.de\/dachs\/index.php?rest_route=%2Fwp%2Fv2%2Fcategories&post=1873"},{"taxonomy":"post_tag","embeddable":true,"href":"https:\/\/willi-junker.de\/dachs\/index.php?rest_route=%2Fwp%2Fv2%2Ftags&post=1873"}],"curies":[{"name":"wp","href":"https:\/\/api.w.org\/{rel}","templated":true}]}}