{"id":1870,"date":"2014-10-06T17:45:00","date_gmt":"2014-10-06T15:45:00","guid":{"rendered":"http:\/\/willi-junker.de\/dachs\/?p=1870"},"modified":"2014-10-07T10:16:23","modified_gmt":"2014-10-07T08:16:23","slug":"la-gomera-2","status":"publish","type":"post","link":"https:\/\/willi-junker.de\/dachs\/?p=1870","title":{"rendered":"La Gomera"},"content":{"rendered":"<p><a href=\"https:\/\/i0.wp.com\/willi-junker.de\/dachs\/wp-content\/uploads\/2014\/10\/wpid-IMAG07181.jpg?ssl=1\"><img data-recalc-dims=\"1\" decoding=\"async\" title=\"IMAG0718.jpg\" class=\"alignnone size-full\" alt=\"image\" src=\"https:\/\/i0.wp.com\/willi-junker.de\/dachs\/wp-content\/uploads\/2014\/10\/wpid-IMAG0718.jpg?w=640&#038;ssl=1\" \/><\/a><\/p>\n<p><a href=\"https:\/\/i0.wp.com\/willi-junker.de\/dachs\/wp-content\/uploads\/2014\/10\/wpid-IMAG07151.jpg?ssl=1\"><img data-recalc-dims=\"1\" decoding=\"async\" title=\"IMAG0715.jpg\" class=\"alignnone size-full\" alt=\"image\" src=\"https:\/\/i0.wp.com\/willi-junker.de\/dachs\/wp-content\/uploads\/2014\/10\/wpid-IMAG0715.jpg?w=640&#038;ssl=1\" \/><\/a><\/p>\n<p><a href=\"https:\/\/i0.wp.com\/willi-junker.de\/dachs\/wp-content\/uploads\/2014\/10\/wpid-IMAG07161.jpg?ssl=1\"><img data-recalc-dims=\"1\" decoding=\"async\" title=\"IMAG0716.jpg\" class=\"alignnone size-full\" alt=\"image\" src=\"https:\/\/i0.wp.com\/willi-junker.de\/dachs\/wp-content\/uploads\/2014\/10\/wpid-IMAG0716.jpg?w=640&#038;ssl=1\" \/><\/a><\/p>\n<p><a href=\"https:\/\/i0.wp.com\/willi-junker.de\/dachs\/wp-content\/uploads\/2014\/10\/wpid-IMAG07141.jpg?ssl=1\"><img data-recalc-dims=\"1\" decoding=\"async\" title=\"IMAG0714.jpg\" class=\"alignnone size-full\" alt=\"image\" src=\"https:\/\/i0.wp.com\/willi-junker.de\/dachs\/wp-content\/uploads\/2014\/10\/wpid-IMAG0714.jpg?w=640&#038;ssl=1\" \/><\/a><\/p>\n<p><a href=\"https:\/\/i0.wp.com\/willi-junker.de\/dachs\/wp-content\/uploads\/2014\/10\/wpid-IMAG07201.jpg?ssl=1\"><img data-recalc-dims=\"1\" decoding=\"async\" title=\"IMAG0720.jpg\" class=\"alignnone size-full\" alt=\"image\" src=\"https:\/\/i0.wp.com\/willi-junker.de\/dachs\/wp-content\/uploads\/2014\/10\/wpid-IMAG0720.jpg?w=640&#038;ssl=1\" \/><\/a><\/p>\n<p>Nach einer tollen, teils abenteuerlichen Rundfahrt \u00fcber die Insel bin ich wieder im Hafen von San Sebastian. Die Stra\u00dfen sind teils extrem schmal und verwinkelt. Dank EU gibt es jetzt ein paar Tunnel, womit die einzelnen Schluchten verbunden sind.<\/p>\n<p>Die Gegens\u00e4tze sind enorm. W\u00fcste und \u00fcppiges Gr\u00fcn sind nur wenige Meter voneinander getrennt.<\/p>\n<p>Tourismus findet auf La Gomera nur am Tag statt, solange die F\u00e4hren fahren. Danach ist die Insel wieder leer, ne tolle Wanderinsel, nur etwas zu dicht an der Sonne.<\/p>\n","protected":false},"excerpt":{"rendered":"<p>Nach einer tollen, teils abenteuerlichen Rundfahrt \u00fcber die Insel bin ich wieder im Hafen von San Sebastian. Die Stra\u00dfen sind teils extrem schmal und verwinkelt. Dank EU gibt es jetzt ein paar Tunnel, womit die einzelnen Schluchten verbunden sind. Die &hellip; <a href=\"https:\/\/willi-junker.de\/dachs\/?p=1870\">Weiterlesen <span class=\"meta-nav\">&rarr;<\/span><\/a><\/p>\n","protected":false},"author":1,"featured_media":0,"comment_status":"open","ping_status":"open","sticky":false,"template":"","format":"standard","meta":{"_crdt_document":"","jetpack_post_was_ever_published":false,"_jetpack_newsletter_access":"","_jetpack_dont_email_post_to_subs":false,"_jetpack_newsletter_tier_id":0,"_jetpack_memberships_contains_paywalled_content":false,"_jetpack_memberships_contains_paid_content":false,"footnotes":"","jetpack_publicize_message":"","jetpack_publicize_feature_enabled":true,"jetpack_social_post_already_shared":false,"jetpack_social_options":{"image_generator_settings":{"template":"highway","default_image_id":0,"font":"","enabled":false},"version":2}},"categories":[3],"tags":[],"class_list":["post-1870","post","type-post","status-publish","format-standard","hentry","category-touren"],"jetpack_publicize_connections":[],"jetpack_featured_media_url":"","jetpack_sharing_enabled":true,"jetpack_shortlink":"https:\/\/wp.me\/p73o9s-ua","jetpack-related-posts":[{"id":1857,"url":"https:\/\/willi-junker.de\/dachs\/?p=1857","url_meta":{"origin":1870,"position":0},"title":"La Gomera","author":"Willi","date":"06.10.2014","format":false,"excerpt":"Um 6 Uhr klingelt der Wecker. Um kurz nach 7 verlasse ich das Hotel. Es ist stockduster. Um 7:30 Uhr holt mich ein Bus ab. Es geht in den Hafen von Los Christianos. Um 08:30 Uhr geht es auf die F\u00e4hre. Jetzt geht auch die Sonne auf. Die \u00dcberfahrt nach\u2026","rel":"","context":"In &quot;Touren&quot;","block_context":{"text":"Touren","link":"https:\/\/willi-junker.de\/dachs\/?cat=3"},"img":{"alt_text":"","src":"","width":0,"height":0},"classes":[]},{"id":1895,"url":"https:\/\/willi-junker.de\/dachs\/?p=1895","url_meta":{"origin":1870,"position":1},"title":"Teide","author":"Willi","date":"08.10.2014","format":false,"excerpt":"Um 09:00 Uhr bekomme ich die Autoschl\u00fcssel, dann geht es los. Ich nehme den direkten Weg \u00fcber Vilaflor zur Caldera in weit \u00fcber 2.000m H\u00f6he. Die Sicht ist phantastisch, kein W\u00f6lkchen tr\u00fcbt den Himmel. Es gibt viele interessante Haltepunkte, mal mit schwarzer, mal mit roter Lava und bizarre Felsformationen. Um\u2026","rel":"","context":"In &quot;Touren&quot;","block_context":{"text":"Touren","link":"https:\/\/willi-junker.de\/dachs\/?cat=3"},"img":{"alt_text":"","src":"","width":0,"height":0},"classes":[]},{"id":3578,"url":"https:\/\/willi-junker.de\/dachs\/?p=3578","url_meta":{"origin":1870,"position":2},"title":"09:47 Uhr &#8211; Bus nach Stern (La Villa)","author":"Willi","date":"13.09.2016","format":false,"excerpt":"Auf dem Gipfel mit der Wolke war ich letzte Woche. Ciampac\u00a0","rel":"","context":"In &quot;Touren&quot;","block_context":{"text":"Touren","link":"https:\/\/willi-junker.de\/dachs\/?cat=3"},"img":{"alt_text":"","src":"https:\/\/i0.wp.com\/willi-junker.de\/dachs\/wp-content\/uploads\/2016\/09\/wp-image-1157855671jpg.jpg?resize=350%2C200","width":350,"height":200,"srcset":"https:\/\/i0.wp.com\/willi-junker.de\/dachs\/wp-content\/uploads\/2016\/09\/wp-image-1157855671jpg.jpg?resize=350%2C200 1x, https:\/\/i0.wp.com\/willi-junker.de\/dachs\/wp-content\/uploads\/2016\/09\/wp-image-1157855671jpg.jpg?resize=525%2C300 1.5x, https:\/\/i0.wp.com\/willi-junker.de\/dachs\/wp-content\/uploads\/2016\/09\/wp-image-1157855671jpg.jpg?resize=700%2C400 2x"},"classes":[]},{"id":1457,"url":"https:\/\/willi-junker.de\/dachs\/?p=1457","url_meta":{"origin":1870,"position":3},"title":"Lagazoi und Alta Badia","author":"Willi","date":"29.01.2014","format":false,"excerpt":"Heute Morgen haben wir unsere Runden oberhalb von Cortina gedreht und jetzt sind wir auf dem Weg nach La Villa. Sitze gerade auf der La Fraina H\u00fctte oberhalb von Corvara.","rel":"","context":"In &quot;Touren&quot;","block_context":{"text":"Touren","link":"https:\/\/willi-junker.de\/dachs\/?cat=3"},"img":{"alt_text":"","src":"","width":0,"height":0},"classes":[]},{"id":1752,"url":"https:\/\/willi-junker.de\/dachs\/?p=1752","url_meta":{"origin":1870,"position":4},"title":"08:37 Uhr &#8211; Im Bus nach Stern","author":"Willi","date":"27.08.2014","format":false,"excerpt":"Heute m\u00f6chte ich auf die Gherdenaccia-Hochfl\u00e4che. Der Aufstieg erfolgt von Stern\/La Villa.","rel":"","context":"In &quot;Touren&quot;","block_context":{"text":"Touren","link":"https:\/\/willi-junker.de\/dachs\/?cat=3"},"img":{"alt_text":"","src":"","width":0,"height":0},"classes":[]},{"id":1941,"url":"https:\/\/willi-junker.de\/dachs\/?p=1941","url_meta":{"origin":1870,"position":5},"title":"Letzter Urlaubstag","author":"Willi","date":"12.10.2014","format":false,"excerpt":"Sitze nochmals in dem kleinen Hafen\u00f6rtchen La Caleta. Hier kann man in kleinen Restaurants wunderbar sitzen und die kleine Felsbucht genie\u00dfen.","rel":"","context":"In &quot;Touren&quot;","block_context":{"text":"Touren","link":"https:\/\/willi-junker.de\/dachs\/?cat=3"},"img":{"alt_text":"","src":"","width":0,"height":0},"classes":[]}],"_links":{"self":[{"href":"https:\/\/willi-junker.de\/dachs\/index.php?rest_route=\/wp\/v2\/posts\/1870","targetHints":{"allow":["GET"]}}],"collection":[{"href":"https:\/\/willi-junker.de\/dachs\/index.php?rest_route=\/wp\/v2\/posts"}],"about":[{"href":"https:\/\/willi-junker.de\/dachs\/index.php?rest_route=\/wp\/v2\/types\/post"}],"author":[{"embeddable":true,"href":"https:\/\/willi-junker.de\/dachs\/index.php?rest_route=\/wp\/v2\/users\/1"}],"replies":[{"embeddable":true,"href":"https:\/\/willi-junker.de\/dachs\/index.php?rest_route=%2Fwp%2Fv2%2Fcomments&post=1870"}],"version-history":[{"count":2,"href":"https:\/\/willi-junker.de\/dachs\/index.php?rest_route=\/wp\/v2\/posts\/1870\/revisions"}],"predecessor-version":[{"id":1872,"href":"https:\/\/willi-junker.de\/dachs\/index.php?rest_route=\/wp\/v2\/posts\/1870\/revisions\/1872"}],"wp:attachment":[{"href":"https:\/\/willi-junker.de\/dachs\/index.php?rest_route=%2Fwp%2Fv2%2Fmedia&parent=1870"}],"wp:term":[{"taxonomy":"category","embeddable":true,"href":"https:\/\/willi-junker.de\/dachs\/index.php?rest_route=%2Fwp%2Fv2%2Fcategories&post=1870"},{"taxonomy":"post_tag","embeddable":true,"href":"https:\/\/willi-junker.de\/dachs\/index.php?rest_route=%2Fwp%2Fv2%2Ftags&post=1870"}],"curies":[{"name":"wp","href":"https:\/\/api.w.org\/{rel}","templated":true}]}}