{"id":1857,"date":"2014-10-06T15:33:50","date_gmt":"2014-10-06T13:33:50","guid":{"rendered":"http:\/\/willi-junker.de\/dachs\/?p=1857"},"modified":"2014-10-07T09:53:00","modified_gmt":"2014-10-07T07:53:00","slug":"la-gomera","status":"publish","type":"post","link":"https:\/\/willi-junker.de\/dachs\/?p=1857","title":{"rendered":"La Gomera"},"content":{"rendered":"<p>Um 6 Uhr klingelt der Wecker. Um kurz nach 7 verlasse ich das Hotel. Es ist stockduster. Um 7:30 Uhr holt mich ein Bus ab. Es geht in den Hafen von Los Christianos.<\/p>\n<p>Um 08:30 Uhr geht es auf die F\u00e4hre. Jetzt geht auch die Sonne auf. Die \u00dcberfahrt nach La Gomera dauert ca 1 Stunde. Der Bus ist mit \u00fcbergesetzt und so ist auch der Bus und Reisef\u00fchrer den kompletten Tag dabei.<\/p>\n<p><a href=\"https:\/\/i0.wp.com\/willi-junker.de\/dachs\/wp-content\/uploads\/2014\/10\/wpid-IMAG07121.jpg?ssl=1\"><img data-recalc-dims=\"1\" decoding=\"async\" title=\"IMAG0712.jpg\" class=\"alignnone size-full\" alt=\"image\" src=\"https:\/\/i0.wp.com\/willi-junker.de\/dachs\/wp-content\/uploads\/2014\/10\/wpid-IMAG0712.jpg?w=640&#038;ssl=1\" \/><\/a><\/p>\n<p><a href=\"https:\/\/i0.wp.com\/willi-junker.de\/dachs\/wp-content\/uploads\/2014\/10\/wpid-IMAG07111.jpg?ssl=1\"><img data-recalc-dims=\"1\" decoding=\"async\" title=\"IMAG0711.jpg\" class=\"alignnone size-full\" alt=\"image\" src=\"https:\/\/i0.wp.com\/willi-junker.de\/dachs\/wp-content\/uploads\/2014\/10\/wpid-IMAG0711.jpg?w=640&#038;ssl=1\" \/><\/a><\/p>\n","protected":false},"excerpt":{"rendered":"<p>Um 6 Uhr klingelt der Wecker. Um kurz nach 7 verlasse ich das Hotel. Es ist stockduster. Um 7:30 Uhr holt mich ein Bus ab. Es geht in den Hafen von Los Christianos. Um 08:30 Uhr geht es auf die &hellip; <a href=\"https:\/\/willi-junker.de\/dachs\/?p=1857\">Weiterlesen <span class=\"meta-nav\">&rarr;<\/span><\/a><\/p>\n","protected":false},"author":1,"featured_media":0,"comment_status":"open","ping_status":"open","sticky":false,"template":"","format":"standard","meta":{"_crdt_document":"","jetpack_post_was_ever_published":false,"_jetpack_newsletter_access":"","_jetpack_dont_email_post_to_subs":false,"_jetpack_newsletter_tier_id":0,"_jetpack_memberships_contains_paywalled_content":false,"_jetpack_memberships_contains_paid_content":false,"footnotes":"","jetpack_publicize_message":"","jetpack_publicize_feature_enabled":true,"jetpack_social_post_already_shared":false,"jetpack_social_options":{"image_generator_settings":{"template":"highway","default_image_id":0,"font":"","enabled":false},"version":2}},"categories":[3],"tags":[],"class_list":["post-1857","post","type-post","status-publish","format-standard","hentry","category-touren"],"jetpack_publicize_connections":[],"jetpack_featured_media_url":"","jetpack_sharing_enabled":true,"jetpack_shortlink":"https:\/\/wp.me\/p73o9s-tX","jetpack-related-posts":[{"id":1895,"url":"https:\/\/willi-junker.de\/dachs\/?p=1895","url_meta":{"origin":1857,"position":0},"title":"Teide","author":"Willi","date":"08.10.2014","format":false,"excerpt":"Um 09:00 Uhr bekomme ich die Autoschl\u00fcssel, dann geht es los. Ich nehme den direkten Weg \u00fcber Vilaflor zur Caldera in weit \u00fcber 2.000m H\u00f6he. Die Sicht ist phantastisch, kein W\u00f6lkchen tr\u00fcbt den Himmel. Es gibt viele interessante Haltepunkte, mal mit schwarzer, mal mit roter Lava und bizarre Felsformationen. Um\u2026","rel":"","context":"In &quot;Touren&quot;","block_context":{"text":"Touren","link":"https:\/\/willi-junker.de\/dachs\/?cat=3"},"img":{"alt_text":"","src":"","width":0,"height":0},"classes":[]},{"id":4013,"url":"https:\/\/willi-junker.de\/dachs\/?p=4013","url_meta":{"origin":1857,"position":1},"title":"H\u00fcttenwanderung Tag 1","author":"Willi","date":"18.07.2017","format":false,"excerpt":"Nach einer ruhigen Nacht auf dem Hahntennjoch bin ich heute Morgen um f\u00fcnf Uhr in Wolkenstein angekommen. Nach ein paar herrlichen Sonnenaufgangsfotos habe ich noch eine Stunde auf dem Parkplatz der Dantercepi\u00ebs geschlafen. Um sieben Uhr ging es dann in die Morene und nach dem Verstauen meines Autos gab es\u2026","rel":"","context":"In &quot;Touren&quot;","block_context":{"text":"Touren","link":"https:\/\/willi-junker.de\/dachs\/?cat=3"},"img":{"alt_text":"","src":"https:\/\/i0.wp.com\/willi-junker.de\/dachs\/wp-content\/uploads\/2017\/07\/wp-image-534442104.jpg?resize=350%2C200","width":350,"height":200,"srcset":"https:\/\/i0.wp.com\/willi-junker.de\/dachs\/wp-content\/uploads\/2017\/07\/wp-image-534442104.jpg?resize=350%2C200 1x, https:\/\/i0.wp.com\/willi-junker.de\/dachs\/wp-content\/uploads\/2017\/07\/wp-image-534442104.jpg?resize=525%2C300 1.5x, https:\/\/i0.wp.com\/willi-junker.de\/dachs\/wp-content\/uploads\/2017\/07\/wp-image-534442104.jpg?resize=700%2C400 2x, https:\/\/i0.wp.com\/willi-junker.de\/dachs\/wp-content\/uploads\/2017\/07\/wp-image-534442104.jpg?resize=1050%2C600 3x, https:\/\/i0.wp.com\/willi-junker.de\/dachs\/wp-content\/uploads\/2017\/07\/wp-image-534442104.jpg?resize=1400%2C800 4x"},"classes":[]},{"id":4153,"url":"https:\/\/willi-junker.de\/dachs\/?p=4153","url_meta":{"origin":1857,"position":2},"title":"Tag 8 &#8211; Umrundung Langkofelstock","author":"Willi","date":"25.07.2017","format":false,"excerpt":"Heute gibt es um 07:15 Uhr Fr\u00fchst\u00fcck. Abmarsch ist um 08:10 Uhr. Um 08:26 Uhr steigen wir in den total \u00fcberf\u00fcllten Bus zum Sellapass. Beinahe waren auch nur 50% von uns in den Bus gekommen. Es ist saukalt, aber sonnig. Der Rest der Familie f\u00e4hrt vom Sella-Joch mit dem Lift\u2026","rel":"","context":"In &quot;Touren&quot;","block_context":{"text":"Touren","link":"https:\/\/willi-junker.de\/dachs\/?cat=3"},"img":{"alt_text":"","src":"https:\/\/i0.wp.com\/willi-junker.de\/dachs\/wp-content\/uploads\/2017\/07\/wp-image-1084737681.jpg?resize=350%2C200","width":350,"height":200,"srcset":"https:\/\/i0.wp.com\/willi-junker.de\/dachs\/wp-content\/uploads\/2017\/07\/wp-image-1084737681.jpg?resize=350%2C200 1x, https:\/\/i0.wp.com\/willi-junker.de\/dachs\/wp-content\/uploads\/2017\/07\/wp-image-1084737681.jpg?resize=525%2C300 1.5x, https:\/\/i0.wp.com\/willi-junker.de\/dachs\/wp-content\/uploads\/2017\/07\/wp-image-1084737681.jpg?resize=700%2C400 2x, https:\/\/i0.wp.com\/willi-junker.de\/dachs\/wp-content\/uploads\/2017\/07\/wp-image-1084737681.jpg?resize=1050%2C600 3x, https:\/\/i0.wp.com\/willi-junker.de\/dachs\/wp-content\/uploads\/2017\/07\/wp-image-1084737681.jpg?resize=1400%2C800 4x"},"classes":[]},{"id":174,"url":"https:\/\/willi-junker.de\/dachs\/?p=174","url_meta":{"origin":1857,"position":3},"title":"Skiwanderung Hochwald-Idarwald am 29.01.2011","author":"Willi","date":"29.01.2011","format":false,"excerpt":"Der Tag beginnt um 06.00 Uhr. Kurz nach 07.30 Uhr verlasse ich das Haus und um 08:30 Uhr stehe ich am kleinen Parkplatz zwischen Hochscheid und Stipshausen. Erst in der Kammlage liegt gerade gen\u00fcgend Schnee zum Skilanglauf. Hier beginnt die \"Graue Kreuz Loipe\" Die Loipe ist nicht pr\u00e4pariert und so\u2026","rel":"","context":"In &quot;Touren&quot;","block_context":{"text":"Touren","link":"https:\/\/willi-junker.de\/dachs\/?cat=3"},"img":{"alt_text":"kurze Pause","src":"https:\/\/i0.wp.com\/willi-junker.de\/dachs\/wp-content\/uploads\/2011\/01\/1.jpg?resize=350%2C200","width":350,"height":200,"srcset":"https:\/\/i0.wp.com\/willi-junker.de\/dachs\/wp-content\/uploads\/2011\/01\/1.jpg?resize=350%2C200 1x, https:\/\/i0.wp.com\/willi-junker.de\/dachs\/wp-content\/uploads\/2011\/01\/1.jpg?resize=525%2C300 1.5x"},"classes":[]},{"id":975,"url":"https:\/\/willi-junker.de\/dachs\/?p=975","url_meta":{"origin":1857,"position":4},"title":"Puezh\u00fctte und \u00dcbersteigung Col de la Pieres","author":"Willi","date":"07.07.2012","format":false,"excerpt":"Heute haben wir nochmals eine richtig gro\u00dfe Runde gemacht. Mit dem Lift ging es hoch auf das Gr\u00f6dner Joch. Ab dann den Rest zu Fu\u00df. Kurz nach 10:00 Uhr sind wir an der Jimmy-H\u00fctte. Kurz dahinter ist der Einstieg in den Fernwanderweg 2. Es geht hoch zum Cirjoch und weiter\u2026","rel":"","context":"In &quot;Touren&quot;","block_context":{"text":"Touren","link":"https:\/\/willi-junker.de\/dachs\/?cat=3"},"img":{"alt_text":"","src":"","width":0,"height":0},"classes":[]},{"id":4105,"url":"https:\/\/willi-junker.de\/dachs\/?p=4105","url_meta":{"origin":1857,"position":5},"title":"H\u00fcttenwanderung &#8211; Tag 5","author":"Willi","date":"22.07.2017","format":false,"excerpt":"In der Nacht gewittert es noch mehrfach. Besonders heftig ist es gegen vier Uhr. Wie jeden Tag bin ich auch heute um sechs Uhr munter und um halb sieben drehe ich bei leichtem Regen eine Runde um die H\u00fctte. Ich bin mir nicht sicher, ob ich direkt nach dem Fr\u00fchst\u00fcck\u2026","rel":"","context":"In &quot;Touren&quot;","block_context":{"text":"Touren","link":"https:\/\/willi-junker.de\/dachs\/?cat=3"},"img":{"alt_text":"","src":"https:\/\/i0.wp.com\/willi-junker.de\/dachs\/wp-content\/uploads\/2017\/07\/wp-image-2136841590.jpg?resize=350%2C200","width":350,"height":200,"srcset":"https:\/\/i0.wp.com\/willi-junker.de\/dachs\/wp-content\/uploads\/2017\/07\/wp-image-2136841590.jpg?resize=350%2C200 1x, https:\/\/i0.wp.com\/willi-junker.de\/dachs\/wp-content\/uploads\/2017\/07\/wp-image-2136841590.jpg?resize=525%2C300 1.5x, https:\/\/i0.wp.com\/willi-junker.de\/dachs\/wp-content\/uploads\/2017\/07\/wp-image-2136841590.jpg?resize=700%2C400 2x, https:\/\/i0.wp.com\/willi-junker.de\/dachs\/wp-content\/uploads\/2017\/07\/wp-image-2136841590.jpg?resize=1050%2C600 3x, https:\/\/i0.wp.com\/willi-junker.de\/dachs\/wp-content\/uploads\/2017\/07\/wp-image-2136841590.jpg?resize=1400%2C800 4x"},"classes":[]}],"_links":{"self":[{"href":"https:\/\/willi-junker.de\/dachs\/index.php?rest_route=\/wp\/v2\/posts\/1857","targetHints":{"allow":["GET"]}}],"collection":[{"href":"https:\/\/willi-junker.de\/dachs\/index.php?rest_route=\/wp\/v2\/posts"}],"about":[{"href":"https:\/\/willi-junker.de\/dachs\/index.php?rest_route=\/wp\/v2\/types\/post"}],"author":[{"embeddable":true,"href":"https:\/\/willi-junker.de\/dachs\/index.php?rest_route=\/wp\/v2\/users\/1"}],"replies":[{"embeddable":true,"href":"https:\/\/willi-junker.de\/dachs\/index.php?rest_route=%2Fwp%2Fv2%2Fcomments&post=1857"}],"version-history":[{"count":2,"href":"https:\/\/willi-junker.de\/dachs\/index.php?rest_route=\/wp\/v2\/posts\/1857\/revisions"}],"predecessor-version":[{"id":1859,"href":"https:\/\/willi-junker.de\/dachs\/index.php?rest_route=\/wp\/v2\/posts\/1857\/revisions\/1859"}],"wp:attachment":[{"href":"https:\/\/willi-junker.de\/dachs\/index.php?rest_route=%2Fwp%2Fv2%2Fmedia&parent=1857"}],"wp:term":[{"taxonomy":"category","embeddable":true,"href":"https:\/\/willi-junker.de\/dachs\/index.php?rest_route=%2Fwp%2Fv2%2Fcategories&post=1857"},{"taxonomy":"post_tag","embeddable":true,"href":"https:\/\/willi-junker.de\/dachs\/index.php?rest_route=%2Fwp%2Fv2%2Ftags&post=1857"}],"curies":[{"name":"wp","href":"https:\/\/api.w.org\/{rel}","templated":true}]}}