{"id":1851,"date":"2014-10-05T16:50:08","date_gmt":"2014-10-05T14:50:08","guid":{"rendered":"http:\/\/willi-junker.de\/dachs\/?p=1851"},"modified":"2014-10-05T16:50:08","modified_gmt":"2014-10-05T14:50:08","slug":"6-stunden-wanderung","status":"publish","type":"post","link":"https:\/\/willi-junker.de\/dachs\/?p=1851","title":{"rendered":"6 Stunden Wanderung"},"content":{"rendered":"<p><a href=\"https:\/\/i0.wp.com\/willi-junker.de\/dachs\/wp-content\/uploads\/2014\/10\/wpid-IMAG06941.jpg?ssl=1\"><img data-recalc-dims=\"1\" decoding=\"async\" title=\"IMAG0694.jpg\" class=\"alignnone size-full\" alt=\"image\" src=\"https:\/\/i0.wp.com\/willi-junker.de\/dachs\/wp-content\/uploads\/2014\/10\/wpid-IMAG0694.jpg?w=640&#038;ssl=1\" \/><\/a><\/p>\n<p><a href=\"https:\/\/i0.wp.com\/willi-junker.de\/dachs\/wp-content\/uploads\/2014\/10\/wpid-IMAG06951.jpg?ssl=1\"><img data-recalc-dims=\"1\" decoding=\"async\" title=\"IMAG0695.jpg\" class=\"alignnone size-full\" alt=\"image\" src=\"https:\/\/i0.wp.com\/willi-junker.de\/dachs\/wp-content\/uploads\/2014\/10\/wpid-IMAG0695.jpg?w=640&#038;ssl=1\" \/><\/a><\/p>\n<p><a href=\"https:\/\/i0.wp.com\/willi-junker.de\/dachs\/wp-content\/uploads\/2014\/10\/wpid-IMAG06961.jpg?ssl=1\"><img data-recalc-dims=\"1\" decoding=\"async\" title=\"IMAG0696.jpg\" class=\"alignnone size-full\" alt=\"image\" src=\"https:\/\/i0.wp.com\/willi-junker.de\/dachs\/wp-content\/uploads\/2014\/10\/wpid-IMAG0696.jpg?w=640&#038;ssl=1\" \/><\/a><\/p>\n<p><a href=\"https:\/\/i0.wp.com\/willi-junker.de\/dachs\/wp-content\/uploads\/2014\/10\/wpid-IMAG07001.jpg?ssl=1\"><img data-recalc-dims=\"1\" decoding=\"async\" title=\"IMAG0700.jpg\" class=\"alignnone size-full\" alt=\"image\" src=\"https:\/\/i0.wp.com\/willi-junker.de\/dachs\/wp-content\/uploads\/2014\/10\/wpid-IMAG0700.jpg?w=640&#038;ssl=1\" \/><\/a><\/p>\n<p>Da ich mich ja hier eigentlich mitten in einer Gro\u00dfstadt befinde ist der Ausdruck Wanderung etwas ungewohnt. Mit Wanderung verbindet ich eigentlich Natur.<\/p>\n<p>Naja, 50% Natur sind ja immer da. Auf dem Hinweg links und auf dem R\u00fcckweg rechts. Das Meer und die Buchten sind schon toll. Es stehen nur etwas viele Hotels hier rum. Das sind mal locker 10 km Drosselgasse in einer Richtung.<\/p>\n<p>Sitze jetzt wieder gut beh\u00fctet am Hotelpool und bestaune die Hotelanimationen.<\/p>\n<p><a href=\"https:\/\/i0.wp.com\/willi-junker.de\/dachs\/wp-content\/uploads\/2014\/10\/wpid-IMAG07061.jpg?ssl=1\"><img data-recalc-dims=\"1\" decoding=\"async\" title=\"IMAG0706.jpg\" class=\"alignnone size-full\" alt=\"image\" src=\"https:\/\/i0.wp.com\/willi-junker.de\/dachs\/wp-content\/uploads\/2014\/10\/wpid-IMAG0706.jpg?w=640&#038;ssl=1\" \/><\/a><\/p>\n","protected":false},"excerpt":{"rendered":"<p>Da ich mich ja hier eigentlich mitten in einer Gro\u00dfstadt befinde ist der Ausdruck Wanderung etwas ungewohnt. Mit Wanderung verbindet ich eigentlich Natur. Naja, 50% Natur sind ja immer da. Auf dem Hinweg links und auf dem R\u00fcckweg rechts. Das &hellip; <a href=\"https:\/\/willi-junker.de\/dachs\/?p=1851\">Weiterlesen <span class=\"meta-nav\">&rarr;<\/span><\/a><\/p>\n","protected":false},"author":1,"featured_media":0,"comment_status":"open","ping_status":"open","sticky":false,"template":"","format":"standard","meta":{"_crdt_document":"","jetpack_post_was_ever_published":false,"_jetpack_newsletter_access":"","_jetpack_dont_email_post_to_subs":false,"_jetpack_newsletter_tier_id":0,"_jetpack_memberships_contains_paywalled_content":false,"_jetpack_memberships_contains_paid_content":false,"footnotes":"","jetpack_publicize_message":"","jetpack_publicize_feature_enabled":true,"jetpack_social_post_already_shared":false,"jetpack_social_options":{"image_generator_settings":{"template":"highway","default_image_id":0,"font":"","enabled":false},"version":2}},"categories":[3],"tags":[],"class_list":["post-1851","post","type-post","status-publish","format-standard","hentry","category-touren"],"jetpack_publicize_connections":[],"jetpack_featured_media_url":"","jetpack_sharing_enabled":true,"jetpack_shortlink":"https:\/\/wp.me\/p73o9s-tR","jetpack-related-posts":[{"id":938,"url":"https:\/\/willi-junker.de\/dachs\/?p=938","url_meta":{"origin":1851,"position":0},"title":"W\u00fcrzjoch &#8211; 15:30 &#8211; \u00dctia de B\u00f6rz","author":"Willi","date":"03.07.2012","format":false,"excerpt":"Nach 6:45 Stunden wandern bin ich am W\u00fcrzjoch angekommen und habe auch gleich ein Zimmer bekommen. Geographisch gesehen bin ich noch immer auf der L\u00fcsener Alm auch wenn der letzte Berg nach dem L\u00fcsener Joch, der Maurerberg, eigenst\u00e4ndig gef\u00fchrt wird. Gegen Mittag habe ich eine kurze Rast auf der Wieseralm\u2026","rel":"","context":"In &quot;Touren&quot;","block_context":{"text":"Touren","link":"https:\/\/willi-junker.de\/dachs\/?cat=3"},"img":{"alt_text":"","src":"","width":0,"height":0},"classes":[]},{"id":3596,"url":"https:\/\/willi-junker.de\/dachs\/?p=3596","url_meta":{"origin":1851,"position":1},"title":"Mitten im tiefen Langental\u00a0","author":"Willi","date":"13.09.2016","format":false,"excerpt":"Im Langental erhalte ich einen Anruf von Laubach, wo ich mich denn genau befinde. Ich erkl\u00e4re, dass ich mich kurz vor dem gro\u00dfen Stein an der Alm Almh\u00fctte befinde und den Stein gerade jetzt sehen kann. Das Gespr\u00e4ch wird dann relativ kurzfristig beendet. Da wir von diesem Felsbrocken geredet haben\u2026","rel":"","context":"In &quot;Touren&quot;","block_context":{"text":"Touren","link":"https:\/\/willi-junker.de\/dachs\/?cat=3"},"img":{"alt_text":"","src":"https:\/\/i0.wp.com\/willi-junker.de\/dachs\/wp-content\/uploads\/2016\/09\/wp-image-1942200562jpg.jpg?resize=350%2C200","width":350,"height":200,"srcset":"https:\/\/i0.wp.com\/willi-junker.de\/dachs\/wp-content\/uploads\/2016\/09\/wp-image-1942200562jpg.jpg?resize=350%2C200 1x, https:\/\/i0.wp.com\/willi-junker.de\/dachs\/wp-content\/uploads\/2016\/09\/wp-image-1942200562jpg.jpg?resize=525%2C300 1.5x, https:\/\/i0.wp.com\/willi-junker.de\/dachs\/wp-content\/uploads\/2016\/09\/wp-image-1942200562jpg.jpg?resize=700%2C400 2x"},"classes":[]},{"id":2862,"url":"https:\/\/willi-junker.de\/dachs\/?p=2862","url_meta":{"origin":1851,"position":2},"title":"Nachtrag zur Sella\u00fcberquerung","author":"Willi","date":"30.08.2015","format":false,"excerpt":"Bei diesem \u00fcberragenden Wetter war die Wanderung einfach toll. Ab der Pordoi-Scharte habe ich mich \u00fcber Stunden zwischen 2.800 Metern und etwas \u00fcber 3.100 Metern bewegt. Die Wanderung ging \u00fcber 3 Gipfel mit dem h\u00f6chsten Punkt an der Cappana Fassa auf dem Piz Bo\u00e9. Der Abstieg zur Piscadu-H\u00fctte hat schon\u2026","rel":"","context":"In &quot;Touren&quot;","block_context":{"text":"Touren","link":"https:\/\/willi-junker.de\/dachs\/?cat=3"},"img":{"alt_text":"","src":"","width":0,"height":0},"classes":[]},{"id":2624,"url":"https:\/\/willi-junker.de\/dachs\/?p=2624","url_meta":{"origin":1851,"position":3},"title":"Hochalppass &#8211; Hochtannenberg","author":"Willi","date":"22.08.2015","format":false,"excerpt":"Jetzt kommen die richtigen Berge. Bin heute Morgen um 09:00 Uhr los. So ohne Fernseher und sonstige Technik ist man morgens auch fit. Nachdem ich hinunter nach Baad abgestiegen bin ging es ins B\u00e4rguntal. Hier geht es stetig bergauf und nach 3 Stunden stehe ich am Hochalppass. Bis hierher hatte\u2026","rel":"","context":"In &quot;Touren&quot;","block_context":{"text":"Touren","link":"https:\/\/willi-junker.de\/dachs\/?cat=3"},"img":{"alt_text":"","src":"","width":0,"height":0},"classes":[]},{"id":4153,"url":"https:\/\/willi-junker.de\/dachs\/?p=4153","url_meta":{"origin":1851,"position":4},"title":"Tag 8 &#8211; Umrundung Langkofelstock","author":"Willi","date":"25.07.2017","format":false,"excerpt":"Heute gibt es um 07:15 Uhr Fr\u00fchst\u00fcck. Abmarsch ist um 08:10 Uhr. Um 08:26 Uhr steigen wir in den total \u00fcberf\u00fcllten Bus zum Sellapass. Beinahe waren auch nur 50% von uns in den Bus gekommen. Es ist saukalt, aber sonnig. Der Rest der Familie f\u00e4hrt vom Sella-Joch mit dem Lift\u2026","rel":"","context":"In &quot;Touren&quot;","block_context":{"text":"Touren","link":"https:\/\/willi-junker.de\/dachs\/?cat=3"},"img":{"alt_text":"","src":"https:\/\/i0.wp.com\/willi-junker.de\/dachs\/wp-content\/uploads\/2017\/07\/wp-image-1084737681.jpg?resize=350%2C200","width":350,"height":200,"srcset":"https:\/\/i0.wp.com\/willi-junker.de\/dachs\/wp-content\/uploads\/2017\/07\/wp-image-1084737681.jpg?resize=350%2C200 1x, https:\/\/i0.wp.com\/willi-junker.de\/dachs\/wp-content\/uploads\/2017\/07\/wp-image-1084737681.jpg?resize=525%2C300 1.5x, https:\/\/i0.wp.com\/willi-junker.de\/dachs\/wp-content\/uploads\/2017\/07\/wp-image-1084737681.jpg?resize=700%2C400 2x, https:\/\/i0.wp.com\/willi-junker.de\/dachs\/wp-content\/uploads\/2017\/07\/wp-image-1084737681.jpg?resize=1050%2C600 3x, https:\/\/i0.wp.com\/willi-junker.de\/dachs\/wp-content\/uploads\/2017\/07\/wp-image-1084737681.jpg?resize=1400%2C800 4x"},"classes":[]},{"id":5217,"url":"https:\/\/willi-junker.de\/dachs\/?p=5217","url_meta":{"origin":1851,"position":5},"title":"Radtour nach Bad Sch\u00f6nborn \/ Tag 1 (K\u00f6nigsetappe)","author":"Willi","date":"18.07.2019","format":false,"excerpt":"Heute Morgen bin ich gegen vier Uhr aus den Federn gesprungen und um halb sechs hab ich das Rad abfahrbereit gemacht. Dann geht es im Morgengrauen los. \u00dcber Alterk\u00fclz geht es auf den Schinderhannesradweg und nach Simmern. Dann hinauf nach Holzbach und wieder hinab nach Tiefenbach. Hier werden die 10\u2026","rel":"","context":"In &quot;Touren&quot;","block_context":{"text":"Touren","link":"https:\/\/willi-junker.de\/dachs\/?cat=3"},"img":{"alt_text":"","src":"https:\/\/i0.wp.com\/willi-junker.de\/dachs\/wp-content\/uploads\/2019\/07\/20190718_0753291178164395.jpg?resize=350%2C200","width":350,"height":200,"srcset":"https:\/\/i0.wp.com\/willi-junker.de\/dachs\/wp-content\/uploads\/2019\/07\/20190718_0753291178164395.jpg?resize=350%2C200 1x, https:\/\/i0.wp.com\/willi-junker.de\/dachs\/wp-content\/uploads\/2019\/07\/20190718_0753291178164395.jpg?resize=525%2C300 1.5x, https:\/\/i0.wp.com\/willi-junker.de\/dachs\/wp-content\/uploads\/2019\/07\/20190718_0753291178164395.jpg?resize=700%2C400 2x, https:\/\/i0.wp.com\/willi-junker.de\/dachs\/wp-content\/uploads\/2019\/07\/20190718_0753291178164395.jpg?resize=1050%2C600 3x, https:\/\/i0.wp.com\/willi-junker.de\/dachs\/wp-content\/uploads\/2019\/07\/20190718_0753291178164395.jpg?resize=1400%2C800 4x"},"classes":[]}],"_links":{"self":[{"href":"https:\/\/willi-junker.de\/dachs\/index.php?rest_route=\/wp\/v2\/posts\/1851","targetHints":{"allow":["GET"]}}],"collection":[{"href":"https:\/\/willi-junker.de\/dachs\/index.php?rest_route=\/wp\/v2\/posts"}],"about":[{"href":"https:\/\/willi-junker.de\/dachs\/index.php?rest_route=\/wp\/v2\/types\/post"}],"author":[{"embeddable":true,"href":"https:\/\/willi-junker.de\/dachs\/index.php?rest_route=\/wp\/v2\/users\/1"}],"replies":[{"embeddable":true,"href":"https:\/\/willi-junker.de\/dachs\/index.php?rest_route=%2Fwp%2Fv2%2Fcomments&post=1851"}],"version-history":[{"count":1,"href":"https:\/\/willi-junker.de\/dachs\/index.php?rest_route=\/wp\/v2\/posts\/1851\/revisions"}],"predecessor-version":[{"id":1852,"href":"https:\/\/willi-junker.de\/dachs\/index.php?rest_route=\/wp\/v2\/posts\/1851\/revisions\/1852"}],"wp:attachment":[{"href":"https:\/\/willi-junker.de\/dachs\/index.php?rest_route=%2Fwp%2Fv2%2Fmedia&parent=1851"}],"wp:term":[{"taxonomy":"category","embeddable":true,"href":"https:\/\/willi-junker.de\/dachs\/index.php?rest_route=%2Fwp%2Fv2%2Fcategories&post=1851"},{"taxonomy":"post_tag","embeddable":true,"href":"https:\/\/willi-junker.de\/dachs\/index.php?rest_route=%2Fwp%2Fv2%2Ftags&post=1851"}],"curies":[{"name":"wp","href":"https:\/\/api.w.org\/{rel}","templated":true}]}}