{"id":1839,"date":"2014-10-05T13:17:27","date_gmt":"2014-10-05T11:17:27","guid":{"rendered":"http:\/\/willi-junker.de\/dachs\/?p=1839"},"modified":"2014-10-05T13:17:27","modified_gmt":"2014-10-05T11:17:27","slug":"la-caleta","status":"publish","type":"post","link":"https:\/\/willi-junker.de\/dachs\/?p=1839","title":{"rendered":"La Caleta"},"content":{"rendered":"<p><a href=\"https:\/\/i0.wp.com\/willi-junker.de\/dachs\/wp-content\/uploads\/2014\/10\/wpid-IMAG06911.jpg?ssl=1\"><img data-recalc-dims=\"1\" decoding=\"async\" title=\"IMAG0691.jpg\" class=\"alignnone size-full\" alt=\"image\" src=\"https:\/\/i0.wp.com\/willi-junker.de\/dachs\/wp-content\/uploads\/2014\/10\/wpid-IMAG0691.jpg?w=640&#038;ssl=1\" \/><\/a><\/p>\n<p>Sitze in dem kleinen Fischerdorf La Caleta. Bin fast 3 Stunden hierher gelaufen. War schon weiter bis zu einer Schlucht. Sitze jetzt in einem sch\u00f6nen kleinen Fischrestaurant und genie\u00dfe ein sch\u00f6nes, k\u00fchles Getr\u00e4nk. Ich warte darauf, dass mal endlich jemand die Heizung abschaltet.<\/p>\n","protected":false},"excerpt":{"rendered":"<p>Sitze in dem kleinen Fischerdorf La Caleta. Bin fast 3 Stunden hierher gelaufen. War schon weiter bis zu einer Schlucht. Sitze jetzt in einem sch\u00f6nen kleinen Fischrestaurant und genie\u00dfe ein sch\u00f6nes, k\u00fchles Getr\u00e4nk. Ich warte darauf, dass mal endlich jemand &hellip; <a href=\"https:\/\/willi-junker.de\/dachs\/?p=1839\">Weiterlesen <span class=\"meta-nav\">&rarr;<\/span><\/a><\/p>\n","protected":false},"author":1,"featured_media":0,"comment_status":"open","ping_status":"open","sticky":false,"template":"","format":"standard","meta":{"_crdt_document":"","jetpack_post_was_ever_published":false,"_jetpack_newsletter_access":"","_jetpack_dont_email_post_to_subs":false,"_jetpack_newsletter_tier_id":0,"_jetpack_memberships_contains_paywalled_content":false,"_jetpack_memberships_contains_paid_content":false,"footnotes":"","jetpack_publicize_message":"","jetpack_publicize_feature_enabled":true,"jetpack_social_post_already_shared":false,"jetpack_social_options":{"image_generator_settings":{"template":"highway","default_image_id":0,"font":"","enabled":false},"version":2}},"categories":[3],"tags":[],"class_list":["post-1839","post","type-post","status-publish","format-standard","hentry","category-touren"],"jetpack_publicize_connections":[],"jetpack_featured_media_url":"","jetpack_sharing_enabled":true,"jetpack_shortlink":"https:\/\/wp.me\/p73o9s-tF","jetpack-related-posts":[{"id":1941,"url":"https:\/\/willi-junker.de\/dachs\/?p=1941","url_meta":{"origin":1839,"position":0},"title":"Letzter Urlaubstag","author":"Willi","date":"12.10.2014","format":false,"excerpt":"Sitze nochmals in dem kleinen Hafen\u00f6rtchen La Caleta. Hier kann man in kleinen Restaurants wunderbar sitzen und die kleine Felsbucht genie\u00dfen.","rel":"","context":"In &quot;Touren&quot;","block_context":{"text":"Touren","link":"https:\/\/willi-junker.de\/dachs\/?cat=3"},"img":{"alt_text":"","src":"","width":0,"height":0},"classes":[]},{"id":2815,"url":"https:\/\/willi-junker.de\/dachs\/?p=2815","url_meta":{"origin":1839,"position":1},"title":"16:00 Uhr &#8211; Gipfel Pic-Berg","author":"Willi","date":"29.08.2015","format":false,"excerpt":"Nur H\u00fctten heute war mir dann doch etwas langweilig. Sitze seit einer halben Stunde mit einer kleinen Wandergruppe auf dem Gipfel.","rel":"","context":"In &quot;Touren&quot;","block_context":{"text":"Touren","link":"https:\/\/willi-junker.de\/dachs\/?cat=3"},"img":{"alt_text":"","src":"","width":0,"height":0},"classes":[]},{"id":2441,"url":"https:\/\/willi-junker.de\/dachs\/?p=2441","url_meta":{"origin":1839,"position":2},"title":"18:45 Uhr &#8211; Pause in Frankenroda","author":"Willi","date":"29.06.2015","format":false,"excerpt":"Nach 83 km sitze ich in der Probstei Zella bei Frankenroda. Ich habe Durst. Kurz vorher bin ich durch einen tollen Felsdurchbruch. Langsam wird es nun h\u00fcgeliger. Ein Zimmer bekomme ich auch hier und um 19:45 Uhr sitze ich zum Abendessen im Biergarten. Handynetz und Internet gibt es nicht. Ich\u2026","rel":"","context":"In &quot;Touren&quot;","block_context":{"text":"Touren","link":"https:\/\/willi-junker.de\/dachs\/?cat=3"},"img":{"alt_text":"","src":"","width":0,"height":0},"classes":[]},{"id":406,"url":"https:\/\/willi-junker.de\/dachs\/?p=406","url_meta":{"origin":1839,"position":3},"title":"16:45 Uhr &#8211; Dicke Eiche","author":"Willi","date":"01.07.2011","format":false,"excerpt":"Im eigentlich geschlossenem Wanderheim gibt es kurz eine Erfrischung. Dann erfolgt der Abstieg nach Erfweiler auf den langen Weg \u00fcber das Winterkirchl. Um 17:55 Uhr sitze ich dann wieder auf der Terrasse der \"Kleinen Blume\". 31km und 688 H\u00f6henmeter.","rel":"","context":"In &quot;Touren&quot;","block_context":{"text":"Touren","link":"https:\/\/willi-junker.de\/dachs\/?cat=3"},"img":{"alt_text":"","src":"","width":0,"height":0},"classes":[]},{"id":3517,"url":"https:\/\/willi-junker.de\/dachs\/?p=3517","url_meta":{"origin":1839,"position":4},"title":"11:10 Uhr &#8211; heute nur ne lockere Tour","author":"Willi","date":"11.09.2016","format":false,"excerpt":"Ich sitze schon auf der ersten H\u00fctte. Laut Wetterbericht wird es wie gestern auch nach Mittag regnen. Bin vom Ciampinoi durch die Steinerne Stadt zum Sella Sella-Joch und dann ein paar Meter abw\u00e4rts zu einer kleinen H\u00fctte.","rel":"","context":"In &quot;Touren&quot;","block_context":{"text":"Touren","link":"https:\/\/willi-junker.de\/dachs\/?cat=3"},"img":{"alt_text":"","src":"https:\/\/i0.wp.com\/willi-junker.de\/dachs\/wp-content\/uploads\/2016\/09\/wp-image-1957775294jpg.jpg?resize=350%2C200","width":350,"height":200,"srcset":"https:\/\/i0.wp.com\/willi-junker.de\/dachs\/wp-content\/uploads\/2016\/09\/wp-image-1957775294jpg.jpg?resize=350%2C200 1x, https:\/\/i0.wp.com\/willi-junker.de\/dachs\/wp-content\/uploads\/2016\/09\/wp-image-1957775294jpg.jpg?resize=525%2C300 1.5x, https:\/\/i0.wp.com\/willi-junker.de\/dachs\/wp-content\/uploads\/2016\/09\/wp-image-1957775294jpg.jpg?resize=700%2C400 2x"},"classes":[]},{"id":1299,"url":"https:\/\/willi-junker.de\/dachs\/?p=1299","url_meta":{"origin":1839,"position":5},"title":"Pustertaler Freiheit","author":"Willi","date":"20.07.2013","format":false,"excerpt":"Musste heute Morgen so einen kleinen H\u00fcgel \u00fcbersteigen. Waren eigentlich nur 500 H\u00f6henmeter, aber extrem steil aufw\u00e4rts. Der Kirchberg. Oben musste ich ein bisschen auf dem bewaldeten Kamm laufen und dann kam eigentlich der Abstieg nach Niederdorf. Hab mich da von 2 Italienern aus dem Konzept bringen lassen. Sir meinten\u2026","rel":"","context":"In &quot;Touren&quot;","block_context":{"text":"Touren","link":"https:\/\/willi-junker.de\/dachs\/?cat=3"},"img":{"alt_text":"","src":"","width":0,"height":0},"classes":[]}],"_links":{"self":[{"href":"https:\/\/willi-junker.de\/dachs\/index.php?rest_route=\/wp\/v2\/posts\/1839","targetHints":{"allow":["GET"]}}],"collection":[{"href":"https:\/\/willi-junker.de\/dachs\/index.php?rest_route=\/wp\/v2\/posts"}],"about":[{"href":"https:\/\/willi-junker.de\/dachs\/index.php?rest_route=\/wp\/v2\/types\/post"}],"author":[{"embeddable":true,"href":"https:\/\/willi-junker.de\/dachs\/index.php?rest_route=\/wp\/v2\/users\/1"}],"replies":[{"embeddable":true,"href":"https:\/\/willi-junker.de\/dachs\/index.php?rest_route=%2Fwp%2Fv2%2Fcomments&post=1839"}],"version-history":[{"count":1,"href":"https:\/\/willi-junker.de\/dachs\/index.php?rest_route=\/wp\/v2\/posts\/1839\/revisions"}],"predecessor-version":[{"id":1840,"href":"https:\/\/willi-junker.de\/dachs\/index.php?rest_route=\/wp\/v2\/posts\/1839\/revisions\/1840"}],"wp:attachment":[{"href":"https:\/\/willi-junker.de\/dachs\/index.php?rest_route=%2Fwp%2Fv2%2Fmedia&parent=1839"}],"wp:term":[{"taxonomy":"category","embeddable":true,"href":"https:\/\/willi-junker.de\/dachs\/index.php?rest_route=%2Fwp%2Fv2%2Fcategories&post=1839"},{"taxonomy":"post_tag","embeddable":true,"href":"https:\/\/willi-junker.de\/dachs\/index.php?rest_route=%2Fwp%2Fv2%2Ftags&post=1839"}],"curies":[{"name":"wp","href":"https:\/\/api.w.org\/{rel}","templated":true}]}}