{"id":1835,"date":"2014-10-04T12:00:00","date_gmt":"2014-10-04T10:00:00","guid":{"rendered":"http:\/\/willi-junker.de\/dachs\/?p=1835"},"modified":"2014-10-04T18:40:15","modified_gmt":"2014-10-04T16:40:15","slug":"teide-extreme-triathlon","status":"publish","type":"post","link":"https:\/\/willi-junker.de\/dachs\/?p=1835","title":{"rendered":"Teide Extreme Triathlon"},"content":{"rendered":"<p><a href=\"https:\/\/i0.wp.com\/willi-junker.de\/dachs\/wp-content\/uploads\/2014\/10\/wpid-IMAG06801.jpg?ssl=1\"><img data-recalc-dims=\"1\" decoding=\"async\" title=\"IMAG0680.jpg\" class=\"alignnone size-full\" alt=\"image\" src=\"https:\/\/i0.wp.com\/willi-junker.de\/dachs\/wp-content\/uploads\/2014\/10\/wpid-IMAG0680.jpg?w=640&#038;ssl=1\" \/><\/a><\/p>\n<p><a href=\"https:\/\/i0.wp.com\/willi-junker.de\/dachs\/wp-content\/uploads\/2014\/10\/wpid-IMAG06651.jpg?ssl=1\"><img data-recalc-dims=\"1\" decoding=\"async\" title=\"IMAG0665.jpg\" class=\"alignnone size-full\" alt=\"image\" src=\"https:\/\/i0.wp.com\/willi-junker.de\/dachs\/wp-content\/uploads\/2014\/10\/wpid-IMAG0665.jpg?w=640&#038;ssl=1\" \/><\/a><\/p>\n<p><a href=\"https:\/\/i0.wp.com\/willi-junker.de\/dachs\/wp-content\/uploads\/2014\/10\/wpid-IMAG06841.jpg?ssl=1\"><img data-recalc-dims=\"1\" decoding=\"async\" title=\"IMAG0684.jpg\" class=\"alignnone size-full\" alt=\"image\" src=\"https:\/\/i0.wp.com\/willi-junker.de\/dachs\/wp-content\/uploads\/2014\/10\/wpid-IMAG0684.jpg?w=640&#038;ssl=1\" \/><\/a><\/p>\n<p>Bin heute mitten in dieser Veranstaltung gelandet. Start und Ziel sind in gut 1 km s\u00fcdlich. Die Radstrecke geht vor dem Hotel entlang und die L\u00e4ufer laufen direkt zwischen Hotel und Strand entlang. Der Stra\u00dfenverkehr ist seit heute Morgen zusammengebrochen.<\/p>\n","protected":false},"excerpt":{"rendered":"<p>Bin heute mitten in dieser Veranstaltung gelandet. Start und Ziel sind in gut 1 km s\u00fcdlich. Die Radstrecke geht vor dem Hotel entlang und die L\u00e4ufer laufen direkt zwischen Hotel und Strand entlang. Der Stra\u00dfenverkehr ist seit heute Morgen zusammengebrochen.<\/p>\n","protected":false},"author":1,"featured_media":0,"comment_status":"open","ping_status":"open","sticky":false,"template":"","format":"standard","meta":{"_crdt_document":"","jetpack_post_was_ever_published":false,"_jetpack_newsletter_access":"","_jetpack_dont_email_post_to_subs":false,"_jetpack_newsletter_tier_id":0,"_jetpack_memberships_contains_paywalled_content":false,"_jetpack_memberships_contains_paid_content":false,"footnotes":"","jetpack_publicize_message":"","jetpack_publicize_feature_enabled":true,"jetpack_social_post_already_shared":false,"jetpack_social_options":{"image_generator_settings":{"template":"highway","default_image_id":0,"font":"","enabled":false},"version":2}},"categories":[3],"tags":[],"class_list":["post-1835","post","type-post","status-publish","format-standard","hentry","category-touren"],"jetpack_publicize_connections":[],"jetpack_featured_media_url":"","jetpack_sharing_enabled":true,"jetpack_shortlink":"https:\/\/wp.me\/p73o9s-tB","jetpack-related-posts":[{"id":2719,"url":"https:\/\/willi-junker.de\/dachs\/?p=2719","url_meta":{"origin":1835,"position":0},"title":"Extratour nach Fiss","author":"Willi","date":"25.08.2015","format":false,"excerpt":"Ich h\u00e4tte es ja heute so einfach haben k\u00f6nnen. Mein Weg nach Italien geht eigentlich entlang des Inn's \u00fcber die Via Claudio Augusta. Jetzt bin ich heute auf der \"falschen Seite\" hoch nach Fiss gestiegen. Morgen muss ich die Seite wechseln und verliere die gut 1.000 H\u00f6henmeter von heute. Trotzdem\u2026","rel":"","context":"In &quot;Touren&quot;","block_context":{"text":"Touren","link":"https:\/\/willi-junker.de\/dachs\/?cat=3"},"img":{"alt_text":"","src":"","width":0,"height":0},"classes":[]},{"id":1364,"url":"https:\/\/willi-junker.de\/dachs\/?p=1364","url_meta":{"origin":1835,"position":1},"title":"Ein ruhiger Abschluss auf der Seceda","author":"Willi","date":"28.07.2013","format":false,"excerpt":"Heute bin ich gehen 9 Uhr mit dem Bus nach St. Ulrich und dann mit der Seilbahn hoch auf die Seceda. Es ist mal wieder einfach nur heiss. Oben bin ich langsam an der Abbruchkante zum Villn\u00f6sstal entlang gelaufen und dann hinab zur Trojer Alm. Dort hab ich dann bei\u2026","rel":"","context":"In &quot;Touren&quot;","block_context":{"text":"Touren","link":"https:\/\/willi-junker.de\/dachs\/?cat=3"},"img":{"alt_text":"","src":"","width":0,"height":0},"classes":[]},{"id":837,"url":"https:\/\/willi-junker.de\/dachs\/?p=837","url_meta":{"origin":1835,"position":2},"title":"09:15 Uhr &#8211; Abmarsch von der sch\u00f6nen Alm","author":"Willi","date":"24.06.2012","format":false,"excerpt":"Die ersten Kilometer geht es \u00fcber den H\u00f6henr\u00fccken zwischen Reither- und Kitzb\u00fchler Ache. Dann hinab nach Reith und immer entlang der Ache bis nach Kirchberg. Dort lege ich eine Rast nach 10 km ein. Heute ist es sehr warm.","rel":"","context":"In &quot;Touren&quot;","block_context":{"text":"Touren","link":"https:\/\/willi-junker.de\/dachs\/?cat=3"},"img":{"alt_text":"","src":"","width":0,"height":0},"classes":[]},{"id":4378,"url":"https:\/\/willi-junker.de\/dachs\/?p=4378","url_meta":{"origin":1835,"position":3},"title":"Radtour nach Pachino","author":"Willi","date":"23.04.2018","format":false,"excerpt":"War heute Morgen kurz Einkaufen und dann geht es auf's Rad. Fahre zuerst etwas ins Inland um dann doch wieder auf die K\u00fcstenstra\u00dfe zu gelangen. Es geht bei sehr wenig Verkehr entlang an leeren Str\u00e4nden. Kurz nach Marza gelange ich in eine Sumpflandschaft. Rechts und links der Stra\u00dfe ist Wasser\u2026","rel":"","context":"In &quot;Touren&quot;","block_context":{"text":"Touren","link":"https:\/\/willi-junker.de\/dachs\/?cat=3"},"img":{"alt_text":"","src":"https:\/\/i0.wp.com\/willi-junker.de\/dachs\/wp-content\/uploads\/2018\/04\/20180423_1305391814923153.jpg?resize=350%2C200","width":350,"height":200,"srcset":"https:\/\/i0.wp.com\/willi-junker.de\/dachs\/wp-content\/uploads\/2018\/04\/20180423_1305391814923153.jpg?resize=350%2C200 1x, https:\/\/i0.wp.com\/willi-junker.de\/dachs\/wp-content\/uploads\/2018\/04\/20180423_1305391814923153.jpg?resize=525%2C300 1.5x, https:\/\/i0.wp.com\/willi-junker.de\/dachs\/wp-content\/uploads\/2018\/04\/20180423_1305391814923153.jpg?resize=700%2C400 2x, https:\/\/i0.wp.com\/willi-junker.de\/dachs\/wp-content\/uploads\/2018\/04\/20180423_1305391814923153.jpg?resize=1050%2C600 3x, https:\/\/i0.wp.com\/willi-junker.de\/dachs\/wp-content\/uploads\/2018\/04\/20180423_1305391814923153.jpg?resize=1400%2C800 4x"},"classes":[]},{"id":4816,"url":"https:\/\/willi-junker.de\/dachs\/?p=4816","url_meta":{"origin":1835,"position":4},"title":"Saar-Hunsr\u00fcck-Steig r\u00fcckw\u00e4rts &#8211; Tag 1 &#8211; Etappe 24 und 23","author":"Willi","date":"09.10.2018","format":false,"excerpt":"Meine neues Projekt beginnt in Boppard. Bin heute Morgen mit dem Zug nach Boppard und nach einem letzten Auff\u00fcllen des Rucksacks beginne ich an der Talstation des Sessellifts mit dem Aufstieg in den Hunsr\u00fcck. Es geht steil bergauf entlang des Sessellifts mit sehr eingeschr\u00e4kter Sicht. Im Tal h\u00e4ngt eine dichte\u2026","rel":"","context":"In &quot;Touren&quot;","block_context":{"text":"Touren","link":"https:\/\/willi-junker.de\/dachs\/?cat=3"},"img":{"alt_text":"","src":"https:\/\/i0.wp.com\/willi-junker.de\/dachs\/wp-content\/uploads\/2018\/10\/20181009_06544424048659.jpg?resize=350%2C200","width":350,"height":200,"srcset":"https:\/\/i0.wp.com\/willi-junker.de\/dachs\/wp-content\/uploads\/2018\/10\/20181009_06544424048659.jpg?resize=350%2C200 1x, https:\/\/i0.wp.com\/willi-junker.de\/dachs\/wp-content\/uploads\/2018\/10\/20181009_06544424048659.jpg?resize=525%2C300 1.5x, https:\/\/i0.wp.com\/willi-junker.de\/dachs\/wp-content\/uploads\/2018\/10\/20181009_06544424048659.jpg?resize=700%2C400 2x, https:\/\/i0.wp.com\/willi-junker.de\/dachs\/wp-content\/uploads\/2018\/10\/20181009_06544424048659.jpg?resize=1050%2C600 3x, https:\/\/i0.wp.com\/willi-junker.de\/dachs\/wp-content\/uploads\/2018\/10\/20181009_06544424048659.jpg?resize=1400%2C800 4x"},"classes":[]},{"id":1394,"url":"https:\/\/willi-junker.de\/dachs\/?p=1394","url_meta":{"origin":1835,"position":5},"title":"13:15 Uhr L\u00fctzbachtal","author":"Willi","date":"08.09.2013","format":false,"excerpt":"In der Nacht hat es heftig geregnet. Ab 09:00 Uhr regnet es nur noch leicht. Zuerst folgen wir dem Radweg bis Gillenfeld und dann geht es mit einigem auf und ab \u00fcber Lutzerath und Faid hinab nach Cochem. Entlang der Mosel geht es dann bis zum Hotel Ostermann, zum Mittagessen.","rel":"","context":"In &quot;Touren&quot;","block_context":{"text":"Touren","link":"https:\/\/willi-junker.de\/dachs\/?cat=3"},"img":{"alt_text":"","src":"","width":0,"height":0},"classes":[]}],"_links":{"self":[{"href":"https:\/\/willi-junker.de\/dachs\/index.php?rest_route=\/wp\/v2\/posts\/1835","targetHints":{"allow":["GET"]}}],"collection":[{"href":"https:\/\/willi-junker.de\/dachs\/index.php?rest_route=\/wp\/v2\/posts"}],"about":[{"href":"https:\/\/willi-junker.de\/dachs\/index.php?rest_route=\/wp\/v2\/types\/post"}],"author":[{"embeddable":true,"href":"https:\/\/willi-junker.de\/dachs\/index.php?rest_route=\/wp\/v2\/users\/1"}],"replies":[{"embeddable":true,"href":"https:\/\/willi-junker.de\/dachs\/index.php?rest_route=%2Fwp%2Fv2%2Fcomments&post=1835"}],"version-history":[{"count":1,"href":"https:\/\/willi-junker.de\/dachs\/index.php?rest_route=\/wp\/v2\/posts\/1835\/revisions"}],"predecessor-version":[{"id":1836,"href":"https:\/\/willi-junker.de\/dachs\/index.php?rest_route=\/wp\/v2\/posts\/1835\/revisions\/1836"}],"wp:attachment":[{"href":"https:\/\/willi-junker.de\/dachs\/index.php?rest_route=%2Fwp%2Fv2%2Fmedia&parent=1835"}],"wp:term":[{"taxonomy":"category","embeddable":true,"href":"https:\/\/willi-junker.de\/dachs\/index.php?rest_route=%2Fwp%2Fv2%2Fcategories&post=1835"},{"taxonomy":"post_tag","embeddable":true,"href":"https:\/\/willi-junker.de\/dachs\/index.php?rest_route=%2Fwp%2Fv2%2Ftags&post=1835"}],"curies":[{"name":"wp","href":"https:\/\/api.w.org\/{rel}","templated":true}]}}