{"id":1802,"date":"2014-09-07T14:14:38","date_gmt":"2014-09-07T12:14:38","guid":{"rendered":"http:\/\/willi-junker.de\/dachs\/?p=1802"},"modified":"2014-09-07T14:14:38","modified_gmt":"2014-09-07T12:14:38","slug":"gemuenden","status":"publish","type":"post","link":"https:\/\/willi-junker.de\/dachs\/?p=1802","title":{"rendered":"Gem\u00fcnden"},"content":{"rendered":"<p><a href=\"https:\/\/i0.wp.com\/willi-junker.de\/dachs\/wp-content\/uploads\/2014\/09\/wpid-IMAG06493.jpg?ssl=1\"><img data-recalc-dims=\"1\" decoding=\"async\" title=\"IMAG0649.jpg\" class=\"alignnone size-full\" alt=\"image\" src=\"https:\/\/i0.wp.com\/willi-junker.de\/dachs\/wp-content\/uploads\/2014\/09\/wpid-IMAG06492.jpg?w=640&#038;ssl=1\" \/><\/a><\/p>\n<p>Nach einem netten Abend in Meisenheim sind wir heute Morgen um 09:15 Uhr in Richtung Heimat gestartet. Die meisten H\u00f6henmeter sind geschafft. Wir sitzen auf der Terrasse des Gem\u00fcndener Hofs.<\/p>\n","protected":false},"excerpt":{"rendered":"<p>Nach einem netten Abend in Meisenheim sind wir heute Morgen um 09:15 Uhr in Richtung Heimat gestartet. Die meisten H\u00f6henmeter sind geschafft. Wir sitzen auf der Terrasse des Gem\u00fcndener Hofs.<\/p>\n","protected":false},"author":1,"featured_media":0,"comment_status":"open","ping_status":"open","sticky":false,"template":"","format":"standard","meta":{"_crdt_document":"","jetpack_post_was_ever_published":false,"_jetpack_newsletter_access":"","_jetpack_dont_email_post_to_subs":false,"_jetpack_newsletter_tier_id":0,"_jetpack_memberships_contains_paywalled_content":false,"_jetpack_memberships_contains_paid_content":false,"footnotes":"","jetpack_publicize_message":"","jetpack_publicize_feature_enabled":true,"jetpack_social_post_already_shared":false,"jetpack_social_options":{"image_generator_settings":{"template":"highway","default_image_id":0,"font":"","enabled":false},"version":2}},"categories":[3],"tags":[],"class_list":["post-1802","post","type-post","status-publish","format-standard","hentry","category-touren"],"jetpack_publicize_connections":[],"jetpack_featured_media_url":"","jetpack_sharing_enabled":true,"jetpack_shortlink":"https:\/\/wp.me\/p73o9s-t4","jetpack-related-posts":[{"id":2379,"url":"https:\/\/willi-junker.de\/dachs\/?p=2379","url_meta":{"origin":1802,"position":0},"title":"17:30 Uhr &#8211; wir sind da (fast)","author":"Willi","date":"25.06.2015","format":false,"excerpt":"Wir sitzen in Hann. M\u00fcnden. Unsere Zimmer sind erst ab Morgen gebucht, daher bleiben wir heute Nacht hier unten. Der Weg heute war phantastisch. Richtig gut ausgeschildert und eine tolle Landschaft. Heute sind wir 104 km gefahren.","rel":"","context":"In &quot;Touren&quot;","block_context":{"text":"Touren","link":"https:\/\/willi-junker.de\/dachs\/?cat=3"},"img":{"alt_text":"","src":"","width":0,"height":0},"classes":[]},{"id":2183,"url":"https:\/\/willi-junker.de\/dachs\/?p=2183","url_meta":{"origin":1802,"position":1},"title":"01:00 Uhr &#8211; Wir sind in der Dunkelheit unterwegs","author":"Willi","date":"14.06.2015","format":false,"excerpt":"Wir sind wieder unterwegs. Habe bis 0:30 Uhr im Auto geschlafen. Um 0:45 Uhr sind wir abmarschbereit und verschwinden so ziemlich als letzte vom Wandermarktplatz. Die ersten Wanderer sind schon gegen 23:00 Uhr losmarschiert, die gef\u00fchrte Gruppe um 0:00 Uhr und wir gut 45 Minuten sp\u00e4ter. So sollten wir ziemlich\u2026","rel":"","context":"In &quot;Touren&quot;","block_context":{"text":"Touren","link":"https:\/\/willi-junker.de\/dachs\/?cat=3"},"img":{"alt_text":"1. Pause in Woppenroth","src":"https:\/\/i0.wp.com\/willi-junker.de\/dachs\/wp-content\/uploads\/2015\/06\/2015_24h_rlp_140-500x299.jpg?resize=350%2C200","width":350,"height":200},"classes":[]},{"id":4535,"url":"https:\/\/willi-junker.de\/dachs\/?p=4535","url_meta":{"origin":1802,"position":2},"title":"Tag 4 &#8211; Radtour zum Laubachtreffen im Elsass","author":"Willi","date":"28.06.2018","format":false,"excerpt":"Nach dem tollen Abend gestern in Luneville starten wir auch heute Morgen wieder um kurz nach neun Uhr. Zuerst m\u00fcssen wir wieder zur\u00fcck an den Rhein-Marne-Kanal. Da geht es \u00fcber 20 km ordentlich bergauf und bergab.Die ersten Kilometer am Kanal sind aber auch nicht viel besser. Teils auf tollem Radweg\u2026","rel":"","context":"In &quot;Touren&quot;","block_context":{"text":"Touren","link":"https:\/\/willi-junker.de\/dachs\/?cat=3"},"img":{"alt_text":"","src":"","width":0,"height":0},"classes":[]},{"id":4527,"url":"https:\/\/willi-junker.de\/dachs\/?p=4527","url_meta":{"origin":1802,"position":3},"title":"Tag 3 &#8211; Radtour zum Laubachtreffen im Elsass","author":"Willi","date":"27.06.2018","format":false,"excerpt":"Nach ruhiger Nacht und gutem Fr\u00fchst\u00fcck sind wir wieder auf Tour seit kurz nach 9 Uhr. Gegen 10:15 Uhr sind wir schon an der Kathedrale in Metz. Von Metz geht es weiter nach Nancy. Der Weg ist nicht immer so leicht zu finden. Zwischendurch nehmen wir noch das Mittagessen ein.\u2026","rel":"","context":"In &quot;Touren&quot;","block_context":{"text":"Touren","link":"https:\/\/willi-junker.de\/dachs\/?cat=3"},"img":{"alt_text":"","src":"https:\/\/i0.wp.com\/willi-junker.de\/dachs\/wp-content\/uploads\/2018\/06\/20180627_102233860068205.jpg?resize=350%2C200","width":350,"height":200,"srcset":"https:\/\/i0.wp.com\/willi-junker.de\/dachs\/wp-content\/uploads\/2018\/06\/20180627_102233860068205.jpg?resize=350%2C200 1x, https:\/\/i0.wp.com\/willi-junker.de\/dachs\/wp-content\/uploads\/2018\/06\/20180627_102233860068205.jpg?resize=525%2C300 1.5x, https:\/\/i0.wp.com\/willi-junker.de\/dachs\/wp-content\/uploads\/2018\/06\/20180627_102233860068205.jpg?resize=700%2C400 2x, https:\/\/i0.wp.com\/willi-junker.de\/dachs\/wp-content\/uploads\/2018\/06\/20180627_102233860068205.jpg?resize=1050%2C600 3x, https:\/\/i0.wp.com\/willi-junker.de\/dachs\/wp-content\/uploads\/2018\/06\/20180627_102233860068205.jpg?resize=1400%2C800 4x"},"classes":[]},{"id":2393,"url":"https:\/\/willi-junker.de\/dachs\/?p=2393","url_meta":{"origin":1802,"position":4},"title":"10:15 Uhr &#8211; Wir sind alle Laubacher","author":"Willi","date":"26.06.2015","format":false,"excerpt":"Wir sind am Ziel, eigentlich. Sind aber \u00fcber das Ziel hinausgeschossen und sitzen in Witzenhausen im Biergarten.","rel":"","context":"In &quot;Touren&quot;","block_context":{"text":"Touren","link":"https:\/\/willi-junker.de\/dachs\/?cat=3"},"img":{"alt_text":"","src":"","width":0,"height":0},"classes":[]},{"id":1445,"url":"https:\/\/willi-junker.de\/dachs\/?p=1445","url_meta":{"origin":1802,"position":5},"title":"Wir sind auf dem Heimweg","author":"Willi","date":"08.12.2013","format":false,"excerpt":"Ab 15:00 Uhr treffen wir uns am Bus. Kurz nach 16:00 Uhr sind wir abreisebereit und treten den Heimweg an. Wir hatten 2 sch\u00f6ne Skitage und heute zum Abschluss strahlenden Sonnenschein. Au\u00dferdem kamen alle wieder wohlbehalten an den Bus.","rel":"","context":"In &quot;Touren&quot;","block_context":{"text":"Touren","link":"https:\/\/willi-junker.de\/dachs\/?cat=3"},"img":{"alt_text":"","src":"","width":0,"height":0},"classes":[]}],"_links":{"self":[{"href":"https:\/\/willi-junker.de\/dachs\/index.php?rest_route=\/wp\/v2\/posts\/1802","targetHints":{"allow":["GET"]}}],"collection":[{"href":"https:\/\/willi-junker.de\/dachs\/index.php?rest_route=\/wp\/v2\/posts"}],"about":[{"href":"https:\/\/willi-junker.de\/dachs\/index.php?rest_route=\/wp\/v2\/types\/post"}],"author":[{"embeddable":true,"href":"https:\/\/willi-junker.de\/dachs\/index.php?rest_route=\/wp\/v2\/users\/1"}],"replies":[{"embeddable":true,"href":"https:\/\/willi-junker.de\/dachs\/index.php?rest_route=%2Fwp%2Fv2%2Fcomments&post=1802"}],"version-history":[{"count":1,"href":"https:\/\/willi-junker.de\/dachs\/index.php?rest_route=\/wp\/v2\/posts\/1802\/revisions"}],"predecessor-version":[{"id":1803,"href":"https:\/\/willi-junker.de\/dachs\/index.php?rest_route=\/wp\/v2\/posts\/1802\/revisions\/1803"}],"wp:attachment":[{"href":"https:\/\/willi-junker.de\/dachs\/index.php?rest_route=%2Fwp%2Fv2%2Fmedia&parent=1802"}],"wp:term":[{"taxonomy":"category","embeddable":true,"href":"https:\/\/willi-junker.de\/dachs\/index.php?rest_route=%2Fwp%2Fv2%2Fcategories&post=1802"},{"taxonomy":"post_tag","embeddable":true,"href":"https:\/\/willi-junker.de\/dachs\/index.php?rest_route=%2Fwp%2Fv2%2Ftags&post=1802"}],"curies":[{"name":"wp","href":"https:\/\/api.w.org\/{rel}","templated":true}]}}