{"id":1796,"date":"2014-09-06T17:32:56","date_gmt":"2014-09-06T15:32:56","guid":{"rendered":"http:\/\/willi-junker.de\/dachs\/?p=1796"},"modified":"2014-09-06T17:32:56","modified_gmt":"2014-09-06T15:32:56","slug":"radtour-radteam-nach-meisenheim","status":"publish","type":"post","link":"https:\/\/willi-junker.de\/dachs\/?p=1796","title":{"rendered":"Radtour &#8211; Radteam nach Meisenheim"},"content":{"rendered":"<p><a href=\"https:\/\/i0.wp.com\/willi-junker.de\/dachs\/wp-content\/uploads\/2014\/09\/wpid-IMAG06441.jpg?ssl=1\"><img data-recalc-dims=\"1\" decoding=\"async\" title=\"IMAG0644.jpg\" class=\"alignnone size-full\" alt=\"image\" src=\"https:\/\/i0.wp.com\/willi-junker.de\/dachs\/wp-content\/uploads\/2014\/09\/wpid-IMAG0644.jpg?w=640&#038;ssl=1\" \/><\/a><\/p>\n<p>Heute Morgen sind wir nach gemeinsamen Fr\u00fchst\u00fcck in Richtung Meisenheim gestartet.<\/p>\n<p>Gegen Mittag haben wir eine Pause in den Kirner Dolomiten eingelegt. Nach Mittag nochmals in Kirchroth.<\/p>\n<p>Jetzt sitzen wir auf der Terrasse des Hotels in Meisenheim. Heute haben wir ca. 75 km gefahren.<\/p>\n","protected":false},"excerpt":{"rendered":"<p>Heute Morgen sind wir nach gemeinsamen Fr\u00fchst\u00fcck in Richtung Meisenheim gestartet. Gegen Mittag haben wir eine Pause in den Kirner Dolomiten eingelegt. Nach Mittag nochmals in Kirchroth. Jetzt sitzen wir auf der Terrasse des Hotels in Meisenheim. Heute haben wir &hellip; <a href=\"https:\/\/willi-junker.de\/dachs\/?p=1796\">Weiterlesen <span class=\"meta-nav\">&rarr;<\/span><\/a><\/p>\n","protected":false},"author":1,"featured_media":0,"comment_status":"open","ping_status":"open","sticky":false,"template":"","format":"standard","meta":{"_crdt_document":"","jetpack_post_was_ever_published":false,"_jetpack_newsletter_access":"","_jetpack_dont_email_post_to_subs":false,"_jetpack_newsletter_tier_id":0,"_jetpack_memberships_contains_paywalled_content":false,"_jetpack_memberships_contains_paid_content":false,"footnotes":"","jetpack_publicize_message":"","jetpack_publicize_feature_enabled":true,"jetpack_social_post_already_shared":false,"jetpack_social_options":{"image_generator_settings":{"template":"highway","default_image_id":0,"font":"","enabled":false},"version":2}},"categories":[3],"tags":[],"class_list":["post-1796","post","type-post","status-publish","format-standard","hentry","category-touren"],"jetpack_publicize_connections":[],"jetpack_featured_media_url":"","jetpack_sharing_enabled":true,"jetpack_shortlink":"https:\/\/wp.me\/p73o9s-sY","jetpack-related-posts":[{"id":4497,"url":"https:\/\/willi-junker.de\/dachs\/?p=4497","url_meta":{"origin":1796,"position":0},"title":"Tag 2 &#8211; Radtour zum Laubachtreffen im Elsass","author":"Willi","date":"26.06.2018","format":false,"excerpt":"Heute k\u00f6nnen wir es entspannt angehen. Wir haben gestern unser Tagessoll mehr als erf\u00fcllt. Gute 100 km reichen heute definitiv. Also radeln wir im tollen Sonnenschein um 9 Uhr p\u00fcnktlich los. Das Fr\u00fchst\u00fcck im Hotel Anker hat unsere Erwartungen mehr als erf\u00fcllt. Absolut empfehlenswert. Kurz vor Mittag erreichen wir Trier.\u2026","rel":"","context":"In &quot;Touren&quot;","block_context":{"text":"Touren","link":"https:\/\/willi-junker.de\/dachs\/?cat=3"},"img":{"alt_text":"","src":"","width":0,"height":0},"classes":[]},{"id":5619,"url":"https:\/\/willi-junker.de\/dachs\/?p=5619","url_meta":{"origin":1796,"position":1},"title":"Wintertour TuS Laubach &#8211; Tag 1 &#8211; Kromplatz","author":"Willi","date":"11.12.2023","format":false,"excerpt":"Nach fast dreij\u00e4hriger Pause sind wir wieder im Hotel Weiher am Kornplatz. Am fr\u00fchen Morgen des 10.12.2023 starten wir mit dem Bus in Richtung S\u00fcdtirol. Nachmittags erreichbar wir das Hotel und lassen den Tag mit einem Empfang und einem vorz\u00fcglichen Abendessen, ausklingen. Heute Morgen geht es dann direkt ins Skigebiet.\u2026","rel":"","context":"In &quot;Touren&quot;","block_context":{"text":"Touren","link":"https:\/\/willi-junker.de\/dachs\/?cat=3"},"img":{"alt_text":"","src":"https:\/\/i0.wp.com\/willi-junker.de\/dachs\/wp-content\/uploads\/2023\/12\/img_20231211_1024186988850264422363767-scaled.jpg?resize=350%2C200&ssl=1","width":350,"height":200,"srcset":"https:\/\/i0.wp.com\/willi-junker.de\/dachs\/wp-content\/uploads\/2023\/12\/img_20231211_1024186988850264422363767-scaled.jpg?resize=350%2C200&ssl=1 1x, https:\/\/i0.wp.com\/willi-junker.de\/dachs\/wp-content\/uploads\/2023\/12\/img_20231211_1024186988850264422363767-scaled.jpg?resize=525%2C300&ssl=1 1.5x, https:\/\/i0.wp.com\/willi-junker.de\/dachs\/wp-content\/uploads\/2023\/12\/img_20231211_1024186988850264422363767-scaled.jpg?resize=700%2C400&ssl=1 2x, https:\/\/i0.wp.com\/willi-junker.de\/dachs\/wp-content\/uploads\/2023\/12\/img_20231211_1024186988850264422363767-scaled.jpg?resize=1050%2C600&ssl=1 3x, https:\/\/i0.wp.com\/willi-junker.de\/dachs\/wp-content\/uploads\/2023\/12\/img_20231211_1024186988850264422363767-scaled.jpg?resize=1400%2C800&ssl=1 4x"},"classes":[]},{"id":1629,"url":"https:\/\/willi-junker.de\/dachs\/?p=1629","url_meta":{"origin":1796,"position":2},"title":"Gru\u00df aus den Bergen","author":"Willi","date":"27.07.2014","format":false,"excerpt":"Heute sind wir schon seit Stunden auf schmalen Bergstr\u00e4\u00dfchen unterwegs. Zuerst waren wir bis heute Mittag am Ballon d'Alsace und jetzt sind wir \u00fcber die komplette Route d'Ecrets bis \u00fcber Saint Marie aux Mines gefahren. Wir sitzen auf \u00fcber 1000m vor einer Almh\u00fctte.","rel":"","context":"In &quot;Touren&quot;","block_context":{"text":"Touren","link":"https:\/\/willi-junker.de\/dachs\/?cat=3"},"img":{"alt_text":"","src":"","width":0,"height":0},"classes":[]},{"id":4600,"url":"https:\/\/willi-junker.de\/dachs\/?p=4600","url_meta":{"origin":1796,"position":3},"title":"Tag 6 &#8211; &#8222;Ruhetag&#8220;","author":"Willi","date":"30.06.2018","format":false,"excerpt":"Heute haben wir die R\u00e4der nicht anger\u00fchrt. Sie stehen im Verschlag des Ibis-Hotels von Haguenau. Wir werden heute Morgen von einem Bus abgeholt und nach Kutzenhausen gefahren. Dort besuchen wir einen Museumsbauernhof. Der Vortrag und die F\u00fchrung sind recht interessant. Kurz vor 12 Uhr sind wir schon wieder im Hotel.\u2026","rel":"","context":"In &quot;Touren&quot;","block_context":{"text":"Touren","link":"https:\/\/willi-junker.de\/dachs\/?cat=3"},"img":{"alt_text":"","src":"https:\/\/i0.wp.com\/willi-junker.de\/dachs\/wp-content\/uploads\/2018\/07\/20180630_10554859798003.jpg?resize=350%2C200","width":350,"height":200,"srcset":"https:\/\/i0.wp.com\/willi-junker.de\/dachs\/wp-content\/uploads\/2018\/07\/20180630_10554859798003.jpg?resize=350%2C200 1x, https:\/\/i0.wp.com\/willi-junker.de\/dachs\/wp-content\/uploads\/2018\/07\/20180630_10554859798003.jpg?resize=525%2C300 1.5x, https:\/\/i0.wp.com\/willi-junker.de\/dachs\/wp-content\/uploads\/2018\/07\/20180630_10554859798003.jpg?resize=700%2C400 2x, https:\/\/i0.wp.com\/willi-junker.de\/dachs\/wp-content\/uploads\/2018\/07\/20180630_10554859798003.jpg?resize=1050%2C600 3x"},"classes":[]},{"id":4527,"url":"https:\/\/willi-junker.de\/dachs\/?p=4527","url_meta":{"origin":1796,"position":4},"title":"Tag 3 &#8211; Radtour zum Laubachtreffen im Elsass","author":"Willi","date":"27.06.2018","format":false,"excerpt":"Nach ruhiger Nacht und gutem Fr\u00fchst\u00fcck sind wir wieder auf Tour seit kurz nach 9 Uhr. Gegen 10:15 Uhr sind wir schon an der Kathedrale in Metz. Von Metz geht es weiter nach Nancy. Der Weg ist nicht immer so leicht zu finden. Zwischendurch nehmen wir noch das Mittagessen ein.\u2026","rel":"","context":"In &quot;Touren&quot;","block_context":{"text":"Touren","link":"https:\/\/willi-junker.de\/dachs\/?cat=3"},"img":{"alt_text":"","src":"https:\/\/i0.wp.com\/willi-junker.de\/dachs\/wp-content\/uploads\/2018\/06\/20180627_102233860068205.jpg?resize=350%2C200","width":350,"height":200,"srcset":"https:\/\/i0.wp.com\/willi-junker.de\/dachs\/wp-content\/uploads\/2018\/06\/20180627_102233860068205.jpg?resize=350%2C200 1x, https:\/\/i0.wp.com\/willi-junker.de\/dachs\/wp-content\/uploads\/2018\/06\/20180627_102233860068205.jpg?resize=525%2C300 1.5x, https:\/\/i0.wp.com\/willi-junker.de\/dachs\/wp-content\/uploads\/2018\/06\/20180627_102233860068205.jpg?resize=700%2C400 2x, https:\/\/i0.wp.com\/willi-junker.de\/dachs\/wp-content\/uploads\/2018\/06\/20180627_102233860068205.jpg?resize=1050%2C600 3x, https:\/\/i0.wp.com\/willi-junker.de\/dachs\/wp-content\/uploads\/2018\/06\/20180627_102233860068205.jpg?resize=1400%2C800 4x"},"classes":[]},{"id":4589,"url":"https:\/\/willi-junker.de\/dachs\/?p=4589","url_meta":{"origin":1796,"position":5},"title":"Tag 5 &#8211; Radtour zum Laubachtreffen im Elsass","author":"Willi","date":"29.06.2018","format":false,"excerpt":"Nach der erlebnisreichen Tour von gestern war heute eigentlich nur Ausrollen angesagt. Es hat sich bezahlt gemacht, dass wir in den letzten Tagen doch recht ambitionierte Ziele angestrebt haben. Ansonsten h\u00e4tten wir heute noch eine ziemlich lange Anreise gehabt. So war die Strecke nach Laubach nur gut 40 km lang.\u2026","rel":"","context":"In &quot;Touren&quot;","block_context":{"text":"Touren","link":"https:\/\/willi-junker.de\/dachs\/?cat=3"},"img":{"alt_text":"","src":"","width":0,"height":0},"classes":[]}],"_links":{"self":[{"href":"https:\/\/willi-junker.de\/dachs\/index.php?rest_route=\/wp\/v2\/posts\/1796","targetHints":{"allow":["GET"]}}],"collection":[{"href":"https:\/\/willi-junker.de\/dachs\/index.php?rest_route=\/wp\/v2\/posts"}],"about":[{"href":"https:\/\/willi-junker.de\/dachs\/index.php?rest_route=\/wp\/v2\/types\/post"}],"author":[{"embeddable":true,"href":"https:\/\/willi-junker.de\/dachs\/index.php?rest_route=\/wp\/v2\/users\/1"}],"replies":[{"embeddable":true,"href":"https:\/\/willi-junker.de\/dachs\/index.php?rest_route=%2Fwp%2Fv2%2Fcomments&post=1796"}],"version-history":[{"count":1,"href":"https:\/\/willi-junker.de\/dachs\/index.php?rest_route=\/wp\/v2\/posts\/1796\/revisions"}],"predecessor-version":[{"id":1797,"href":"https:\/\/willi-junker.de\/dachs\/index.php?rest_route=\/wp\/v2\/posts\/1796\/revisions\/1797"}],"wp:attachment":[{"href":"https:\/\/willi-junker.de\/dachs\/index.php?rest_route=%2Fwp%2Fv2%2Fmedia&parent=1796"}],"wp:term":[{"taxonomy":"category","embeddable":true,"href":"https:\/\/willi-junker.de\/dachs\/index.php?rest_route=%2Fwp%2Fv2%2Fcategories&post=1796"},{"taxonomy":"post_tag","embeddable":true,"href":"https:\/\/willi-junker.de\/dachs\/index.php?rest_route=%2Fwp%2Fv2%2Ftags&post=1796"}],"curies":[{"name":"wp","href":"https:\/\/api.w.org\/{rel}","templated":true}]}}