{"id":1777,"date":"2014-08-28T19:18:41","date_gmt":"2014-08-28T17:18:41","guid":{"rendered":"http:\/\/willi-junker.de\/dachs\/?p=1777"},"modified":"2014-08-28T19:45:24","modified_gmt":"2014-08-28T17:45:24","slug":"letzter-wandertag-stevia","status":"publish","type":"post","link":"https:\/\/willi-junker.de\/dachs\/?p=1777","title":{"rendered":"Letzter Wandertag &#8211; Stevia"},"content":{"rendered":"<p><a href=\"https:\/\/i0.wp.com\/willi-junker.de\/dachs\/wp-content\/uploads\/2014\/08\/wpid-IMAG06291.jpg?ssl=1\"><img data-recalc-dims=\"1\" decoding=\"async\" title=\"IMAG0629.jpg\" class=\"alignnone size-full\" alt=\"image\" src=\"https:\/\/i0.wp.com\/willi-junker.de\/dachs\/wp-content\/uploads\/2014\/08\/wpid-IMAG0629.jpg?w=640&#038;ssl=1\" \/><\/a><\/p>\n<p>Wie fast in jedem Jahr steht noch ein Besuch der Stevia und speziell dem H\u00fcttenwirt aus. So mache ich mich heute Morgen auf dem La Palota Weg hinauf. Bis zum Erreichen des ersten Blocks geht es steile 600 H\u00f6henmeter aufw\u00e4rts. Die Aussicht und vor Allem der Tiefblick nach Wolkenstein ist \u00fcberragend.<\/p>\n<p>Um 11:00 Uhr bin ich oben. Noch ist die H\u00fctte leer und der Wirt setzt sich einige Minuten zu mir an den Tisch.<\/p>\n<p>Kurz vor 12:00 Uhr muss ich aber weiter. Es kommen bis zur Pizzascharte noch einige H\u00f6henmeter hinzu, jetzt sind es schon fast 900.<\/p>\n<p><a href=\"https:\/\/i0.wp.com\/willi-junker.de\/dachs\/wp-content\/uploads\/2014\/08\/wpid-IMAG06351.jpg?ssl=1\"><img data-recalc-dims=\"1\" decoding=\"async\" title=\"IMAG0635.jpg\" class=\"alignnone size-full\" alt=\"image\" src=\"https:\/\/i0.wp.com\/willi-junker.de\/dachs\/wp-content\/uploads\/2014\/08\/wpid-IMAG0635.jpg?w=640&#038;ssl=1\" \/><\/a><\/p>\n<p>Dann geht es steile 500 H\u00f6henmeter hinab zur Regensburger H\u00fctte. Hier habe ich mich f\u00fcr 13:00 Uhr zum Essen verabredet. Zwei Minuten davor bin ich da.<br \/>\n<a href=\"https:\/\/i0.wp.com\/willi-junker.de\/dachs\/wp-content\/uploads\/2014\/08\/wpid-wp-1409247892193.jpeg?ssl=1\"><img data-recalc-dims=\"1\" decoding=\"async\" title=\"wp-1409247892193\" class=\"alignnone size-full\" alt=\"image\" src=\"https:\/\/i0.wp.com\/willi-junker.de\/dachs\/wp-content\/uploads\/2014\/08\/wpid-wp-1409247892193.jpeg?w=640&#038;ssl=1\" \/><\/a> <\/p>\n<p>Nach dem Mittagessen geht es weiter talabw\u00e4rts, zur Sangon-H\u00fctte. Hier erhalten wir bei einer l\u00e4ngeren Pause eine musikalische Untermalung. Leider war dies f\u00fcr dieses Jahr der letzte Besuch bei Erwin.<\/p>\n<p>Danach gehts gemeinsam zu Fu\u00df bis zur Talstation der Col Raiser-Bahn und ich werde per Auto noch zur Pension gebracht.<\/p>\n<p>Heute kamen dann nochmals 15 km dazu und 990 H\u00f6henmeter.<br \/>\n<a href=\"https:\/\/i0.wp.com\/willi-junker.de\/dachs\/wp-content\/uploads\/2014\/08\/wpid-wp-14092475896281.jpeg?ssl=1\"><img data-recalc-dims=\"1\" decoding=\"async\" title=\"wp-1409247589628\" class=\"alignnone size-full\" alt=\"image\" src=\"https:\/\/i0.wp.com\/willi-junker.de\/dachs\/wp-content\/uploads\/2014\/08\/wpid-wp-14092475896281.jpeg?w=640&#038;ssl=1\" \/><\/a><\/p>\n","protected":false},"excerpt":{"rendered":"<p>Wie fast in jedem Jahr steht noch ein Besuch der Stevia und speziell dem H\u00fcttenwirt aus. So mache ich mich heute Morgen auf dem La Palota Weg hinauf. Bis zum Erreichen des ersten Blocks geht es steile 600 H\u00f6henmeter aufw\u00e4rts. &hellip; <a href=\"https:\/\/willi-junker.de\/dachs\/?p=1777\">Weiterlesen <span class=\"meta-nav\">&rarr;<\/span><\/a><\/p>\n","protected":false},"author":1,"featured_media":0,"comment_status":"open","ping_status":"open","sticky":false,"template":"","format":"standard","meta":{"_crdt_document":"","jetpack_post_was_ever_published":false,"_jetpack_newsletter_access":"","_jetpack_dont_email_post_to_subs":false,"_jetpack_newsletter_tier_id":0,"_jetpack_memberships_contains_paywalled_content":false,"_jetpack_memberships_contains_paid_content":false,"footnotes":"","jetpack_publicize_message":"","jetpack_publicize_feature_enabled":true,"jetpack_social_post_already_shared":false,"jetpack_social_options":{"image_generator_settings":{"template":"highway","default_image_id":0,"font":"","enabled":false},"version":2}},"categories":[3],"tags":[],"class_list":["post-1777","post","type-post","status-publish","format-standard","hentry","category-touren"],"jetpack_publicize_connections":[],"jetpack_featured_media_url":"","jetpack_sharing_enabled":true,"jetpack_shortlink":"https:\/\/wp.me\/p73o9s-sF","jetpack-related-posts":[{"id":911,"url":"https:\/\/willi-junker.de\/dachs\/?p=911","url_meta":{"origin":1777,"position":0},"title":"08:45 Uhr &#8211; Abmarsch in Uttenheim","author":"Willi","date":"01.07.2012","format":false,"excerpt":"Gestern Abend habe ich noch lange vor dem Hotel gesessen. Es war immer noch sehr warm. Auch in der Nacht k\u00fchlt es nur wenig ab. Ich laufe schon um 08:45 Uhr los. Ich folge vom Hotel bis nach Pfalzen dem Weg Nr. 17. Gleich im Ort geht es schon richtig\u2026","rel":"","context":"In &quot;Touren&quot;","block_context":{"text":"Touren","link":"https:\/\/willi-junker.de\/dachs\/?cat=3"},"img":{"alt_text":"","src":"","width":0,"height":0},"classes":[]},{"id":4013,"url":"https:\/\/willi-junker.de\/dachs\/?p=4013","url_meta":{"origin":1777,"position":1},"title":"H\u00fcttenwanderung Tag 1","author":"Willi","date":"18.07.2017","format":false,"excerpt":"Nach einer ruhigen Nacht auf dem Hahntennjoch bin ich heute Morgen um f\u00fcnf Uhr in Wolkenstein angekommen. Nach ein paar herrlichen Sonnenaufgangsfotos habe ich noch eine Stunde auf dem Parkplatz der Dantercepi\u00ebs geschlafen. Um sieben Uhr ging es dann in die Morene und nach dem Verstauen meines Autos gab es\u2026","rel":"","context":"In &quot;Touren&quot;","block_context":{"text":"Touren","link":"https:\/\/willi-junker.de\/dachs\/?cat=3"},"img":{"alt_text":"","src":"https:\/\/i0.wp.com\/willi-junker.de\/dachs\/wp-content\/uploads\/2017\/07\/wp-image-534442104.jpg?resize=350%2C200","width":350,"height":200,"srcset":"https:\/\/i0.wp.com\/willi-junker.de\/dachs\/wp-content\/uploads\/2017\/07\/wp-image-534442104.jpg?resize=350%2C200 1x, https:\/\/i0.wp.com\/willi-junker.de\/dachs\/wp-content\/uploads\/2017\/07\/wp-image-534442104.jpg?resize=525%2C300 1.5x, https:\/\/i0.wp.com\/willi-junker.de\/dachs\/wp-content\/uploads\/2017\/07\/wp-image-534442104.jpg?resize=700%2C400 2x, https:\/\/i0.wp.com\/willi-junker.de\/dachs\/wp-content\/uploads\/2017\/07\/wp-image-534442104.jpg?resize=1050%2C600 3x, https:\/\/i0.wp.com\/willi-junker.de\/dachs\/wp-content\/uploads\/2017\/07\/wp-image-534442104.jpg?resize=1400%2C800 4x"},"classes":[]},{"id":4234,"url":"https:\/\/willi-junker.de\/dachs\/?p=4234","url_meta":{"origin":1777,"position":2},"title":"Tag 11 &#8211; Von Alta Badia nach Gr\u00f6den\u00a0","author":"Willi","date":"28.07.2017","format":false,"excerpt":"In den letzten Jahren habe ich schon drei Wege \u00fcber die Gherdenacia Hochfl\u00e4chen zur\u00fcck nach Gr\u00f6den ausprobiert. Jetzt fehlt mir eigentlich noch die Umrundung. Wobei das sich eigentlich leicht anh\u00f6rt. Es liegt halt nur das Puez-Joch im Weg. Von Norden kommend ist dies die einzige Schwachstelle in der massiven Felswand.\u2026","rel":"","context":"In &quot;Touren&quot;","block_context":{"text":"Touren","link":"https:\/\/willi-junker.de\/dachs\/?cat=3"},"img":{"alt_text":"","src":"https:\/\/i0.wp.com\/willi-junker.de\/dachs\/wp-content\/uploads\/2017\/07\/wp-image-655924760.jpg?resize=350%2C200","width":350,"height":200,"srcset":"https:\/\/i0.wp.com\/willi-junker.de\/dachs\/wp-content\/uploads\/2017\/07\/wp-image-655924760.jpg?resize=350%2C200 1x, https:\/\/i0.wp.com\/willi-junker.de\/dachs\/wp-content\/uploads\/2017\/07\/wp-image-655924760.jpg?resize=525%2C300 1.5x, https:\/\/i0.wp.com\/willi-junker.de\/dachs\/wp-content\/uploads\/2017\/07\/wp-image-655924760.jpg?resize=700%2C400 2x, https:\/\/i0.wp.com\/willi-junker.de\/dachs\/wp-content\/uploads\/2017\/07\/wp-image-655924760.jpg?resize=1050%2C600 3x, https:\/\/i0.wp.com\/willi-junker.de\/dachs\/wp-content\/uploads\/2017\/07\/wp-image-655924760.jpg?resize=1400%2C800 4x"},"classes":[]},{"id":4126,"url":"https:\/\/willi-junker.de\/dachs\/?p=4126","url_meta":{"origin":1777,"position":3},"title":"Tag 7 &#8211; Eigentlich ein Regentag","author":"Willi","date":"24.07.2017","format":false,"excerpt":"Der Wetterbericht ist wirklich richtig mies. Die ganze Nacht regnet es und es waren einige Gewitter in der Front die uns \u00fcberquert hat. Wir wollten eigentlich um 8:15 Uhr mit dem Bus hoch zum Sellapass. Das hat sich erledigt. Also mit aller Ruhe Fr\u00fchst\u00fccken und dann mal weiter sehen. Die\u2026","rel":"","context":"In &quot;Touren&quot;","block_context":{"text":"Touren","link":"https:\/\/willi-junker.de\/dachs\/?cat=3"},"img":{"alt_text":"","src":"https:\/\/i0.wp.com\/willi-junker.de\/dachs\/wp-content\/uploads\/2017\/07\/wp-image-1346271640.jpg?resize=350%2C200","width":350,"height":200,"srcset":"https:\/\/i0.wp.com\/willi-junker.de\/dachs\/wp-content\/uploads\/2017\/07\/wp-image-1346271640.jpg?resize=350%2C200 1x, https:\/\/i0.wp.com\/willi-junker.de\/dachs\/wp-content\/uploads\/2017\/07\/wp-image-1346271640.jpg?resize=525%2C300 1.5x, https:\/\/i0.wp.com\/willi-junker.de\/dachs\/wp-content\/uploads\/2017\/07\/wp-image-1346271640.jpg?resize=700%2C400 2x, https:\/\/i0.wp.com\/willi-junker.de\/dachs\/wp-content\/uploads\/2017\/07\/wp-image-1346271640.jpg?resize=1050%2C600 3x, https:\/\/i0.wp.com\/willi-junker.de\/dachs\/wp-content\/uploads\/2017\/07\/wp-image-1346271640.jpg?resize=1400%2C800 4x"},"classes":[]},{"id":4263,"url":"https:\/\/willi-junker.de\/dachs\/?p=4263","url_meta":{"origin":1777,"position":4},"title":"Tag 12 &#8211; Ein ruhiger Tag auf der Seiser Alm\u00a0","author":"Willi","date":"29.07.2017","format":false,"excerpt":"Heute bin ich dann doch mal etwas sp\u00e4ter aufgestanden. Nach dem Fr\u00fchst\u00fcck geht es mit dem Bus nach St. Ulrich und mit der Seilbahn hoch auf die Seiser Alm. Dann einmal quer r\u00fcber bis zur Saltner Schwaige. \u00a0 Dort habe ich mit Patrick gesessen bis Tanja und Andre von der\u2026","rel":"","context":"In &quot;Touren&quot;","block_context":{"text":"Touren","link":"https:\/\/willi-junker.de\/dachs\/?cat=3"},"img":{"alt_text":"","src":"https:\/\/i0.wp.com\/willi-junker.de\/dachs\/wp-content\/uploads\/2017\/07\/wp-image-211246506.jpg?resize=350%2C200","width":350,"height":200,"srcset":"https:\/\/i0.wp.com\/willi-junker.de\/dachs\/wp-content\/uploads\/2017\/07\/wp-image-211246506.jpg?resize=350%2C200 1x, https:\/\/i0.wp.com\/willi-junker.de\/dachs\/wp-content\/uploads\/2017\/07\/wp-image-211246506.jpg?resize=525%2C300 1.5x, https:\/\/i0.wp.com\/willi-junker.de\/dachs\/wp-content\/uploads\/2017\/07\/wp-image-211246506.jpg?resize=700%2C400 2x, https:\/\/i0.wp.com\/willi-junker.de\/dachs\/wp-content\/uploads\/2017\/07\/wp-image-211246506.jpg?resize=1050%2C600 3x, https:\/\/i0.wp.com\/willi-junker.de\/dachs\/wp-content\/uploads\/2017\/07\/wp-image-211246506.jpg?resize=1400%2C800 4x"},"classes":[]},{"id":4627,"url":"https:\/\/willi-junker.de\/dachs\/?p=4627","url_meta":{"origin":1777,"position":5},"title":"Tag 8 &#8211; Radtour zum Laubachtreffen im Elsass","author":"Willi","date":"02.07.2018","format":false,"excerpt":"Punkt acht gibt es Fr\u00fchst\u00fcck und um neun sitzen wir auf den R\u00e4dern. Heute haben wir ein paar Kilometer vor uns. N\u00f6rdlich von Hinterweidenthal geht es in ein ruhiges Tal. Nach einigen Kilometern wird der Scheitelpunkt erreicht. Um nicht allzu viele H\u00f6henmeter zu verlieren, nutzen wir auch kurzzeitig einen Wanderweg.\u2026","rel":"","context":"In &quot;Touren&quot;","block_context":{"text":"Touren","link":"https:\/\/willi-junker.de\/dachs\/?cat=3"},"img":{"alt_text":"","src":"https:\/\/i0.wp.com\/willi-junker.de\/dachs\/wp-content\/uploads\/2018\/07\/20180702_105421-2066327141.jpg?resize=350%2C200","width":350,"height":200,"srcset":"https:\/\/i0.wp.com\/willi-junker.de\/dachs\/wp-content\/uploads\/2018\/07\/20180702_105421-2066327141.jpg?resize=350%2C200 1x, https:\/\/i0.wp.com\/willi-junker.de\/dachs\/wp-content\/uploads\/2018\/07\/20180702_105421-2066327141.jpg?resize=525%2C300 1.5x, https:\/\/i0.wp.com\/willi-junker.de\/dachs\/wp-content\/uploads\/2018\/07\/20180702_105421-2066327141.jpg?resize=700%2C400 2x, https:\/\/i0.wp.com\/willi-junker.de\/dachs\/wp-content\/uploads\/2018\/07\/20180702_105421-2066327141.jpg?resize=1050%2C600 3x, https:\/\/i0.wp.com\/willi-junker.de\/dachs\/wp-content\/uploads\/2018\/07\/20180702_105421-2066327141.jpg?resize=1400%2C800 4x"},"classes":[]}],"_links":{"self":[{"href":"https:\/\/willi-junker.de\/dachs\/index.php?rest_route=\/wp\/v2\/posts\/1777","targetHints":{"allow":["GET"]}}],"collection":[{"href":"https:\/\/willi-junker.de\/dachs\/index.php?rest_route=\/wp\/v2\/posts"}],"about":[{"href":"https:\/\/willi-junker.de\/dachs\/index.php?rest_route=\/wp\/v2\/types\/post"}],"author":[{"embeddable":true,"href":"https:\/\/willi-junker.de\/dachs\/index.php?rest_route=\/wp\/v2\/users\/1"}],"replies":[{"embeddable":true,"href":"https:\/\/willi-junker.de\/dachs\/index.php?rest_route=%2Fwp%2Fv2%2Fcomments&post=1777"}],"version-history":[{"count":4,"href":"https:\/\/willi-junker.de\/dachs\/index.php?rest_route=\/wp\/v2\/posts\/1777\/revisions"}],"predecessor-version":[{"id":1784,"href":"https:\/\/willi-junker.de\/dachs\/index.php?rest_route=\/wp\/v2\/posts\/1777\/revisions\/1784"}],"wp:attachment":[{"href":"https:\/\/willi-junker.de\/dachs\/index.php?rest_route=%2Fwp%2Fv2%2Fmedia&parent=1777"}],"wp:term":[{"taxonomy":"category","embeddable":true,"href":"https:\/\/willi-junker.de\/dachs\/index.php?rest_route=%2Fwp%2Fv2%2Fcategories&post=1777"},{"taxonomy":"post_tag","embeddable":true,"href":"https:\/\/willi-junker.de\/dachs\/index.php?rest_route=%2Fwp%2Fv2%2Ftags&post=1777"}],"curies":[{"name":"wp","href":"https:\/\/api.w.org\/{rel}","templated":true}]}}