{"id":1763,"date":"2014-08-27T18:16:12","date_gmt":"2014-08-27T16:16:12","guid":{"rendered":"http:\/\/willi-junker.de\/dachs\/?p=1763"},"modified":"2014-08-27T18:16:12","modified_gmt":"2014-08-27T16:16:12","slug":"1800-uhr-langentalwolkenstein","status":"publish","type":"post","link":"https:\/\/willi-junker.de\/dachs\/?p=1763","title":{"rendered":"18:00 Uhr &#8211; Langental\/Wolkenstein"},"content":{"rendered":"<p>So, bin wieder unten im Tal. 1.250 H\u00f6henmeter und 19 km kamen zusammen. Hab heute den kurzen Weg ins Tal genommen. Heute war ein richtig sonniger Tag, endlich mal.<\/p>\n","protected":false},"excerpt":{"rendered":"<p>So, bin wieder unten im Tal. 1.250 H\u00f6henmeter und 19 km kamen zusammen. Hab heute den kurzen Weg ins Tal genommen. Heute war ein richtig sonniger Tag, endlich mal.<\/p>\n","protected":false},"author":1,"featured_media":0,"comment_status":"open","ping_status":"open","sticky":false,"template":"","format":"standard","meta":{"_crdt_document":"","jetpack_post_was_ever_published":false,"_jetpack_newsletter_access":"","_jetpack_dont_email_post_to_subs":false,"_jetpack_newsletter_tier_id":0,"_jetpack_memberships_contains_paywalled_content":false,"_jetpack_memberships_contains_paid_content":false,"footnotes":"","jetpack_publicize_message":"","jetpack_publicize_feature_enabled":true,"jetpack_social_post_already_shared":false,"jetpack_social_options":{"image_generator_settings":{"template":"highway","default_image_id":0,"font":"","enabled":false},"version":2}},"categories":[3],"tags":[],"class_list":["post-1763","post","type-post","status-publish","format-standard","hentry","category-touren"],"jetpack_publicize_connections":[],"jetpack_featured_media_url":"","jetpack_sharing_enabled":true,"jetpack_shortlink":"https:\/\/wp.me\/p73o9s-sr","jetpack-related-posts":[{"id":2064,"url":"https:\/\/willi-junker.de\/dachs\/?p=2064","url_meta":{"origin":1763,"position":0},"title":"La Fraina H\u00fctte &#8211; Alta Badia","author":"Willi","date":"28.02.2015","format":false,"excerpt":"Ich konnte es mir nicht verkneifen. Bin mit dem Skibus die 20 Minuten das Tal hoch. Einfach toll heute.","rel":"","context":"In &quot;Touren&quot;","block_context":{"text":"Touren","link":"https:\/\/willi-junker.de\/dachs\/?cat=3"},"img":{"alt_text":"","src":"","width":0,"height":0},"classes":[]},{"id":2920,"url":"https:\/\/willi-junker.de\/dachs\/?p=2920","url_meta":{"origin":1763,"position":1},"title":"19:30 Uhr &#8211; wieder im Tal","author":"Willi","date":"01.09.2015","format":false,"excerpt":"Das war heute mal eine Tour zum erholen und es ist noch nicht mal dunkel beim Abstieg. Ist ja mal was ganz neues ;-)","rel":"","context":"In &quot;Touren&quot;","block_context":{"text":"Touren","link":"https:\/\/willi-junker.de\/dachs\/?cat=3"},"img":{"alt_text":"","src":"","width":0,"height":0},"classes":[]},{"id":4816,"url":"https:\/\/willi-junker.de\/dachs\/?p=4816","url_meta":{"origin":1763,"position":2},"title":"Saar-Hunsr\u00fcck-Steig r\u00fcckw\u00e4rts &#8211; Tag 1 &#8211; Etappe 24 und 23","author":"Willi","date":"09.10.2018","format":false,"excerpt":"Meine neues Projekt beginnt in Boppard. Bin heute Morgen mit dem Zug nach Boppard und nach einem letzten Auff\u00fcllen des Rucksacks beginne ich an der Talstation des Sessellifts mit dem Aufstieg in den Hunsr\u00fcck. Es geht steil bergauf entlang des Sessellifts mit sehr eingeschr\u00e4kter Sicht. Im Tal h\u00e4ngt eine dichte\u2026","rel":"","context":"In &quot;Touren&quot;","block_context":{"text":"Touren","link":"https:\/\/willi-junker.de\/dachs\/?cat=3"},"img":{"alt_text":"","src":"https:\/\/i0.wp.com\/willi-junker.de\/dachs\/wp-content\/uploads\/2018\/10\/20181009_06544424048659.jpg?resize=350%2C200","width":350,"height":200,"srcset":"https:\/\/i0.wp.com\/willi-junker.de\/dachs\/wp-content\/uploads\/2018\/10\/20181009_06544424048659.jpg?resize=350%2C200 1x, https:\/\/i0.wp.com\/willi-junker.de\/dachs\/wp-content\/uploads\/2018\/10\/20181009_06544424048659.jpg?resize=525%2C300 1.5x, https:\/\/i0.wp.com\/willi-junker.de\/dachs\/wp-content\/uploads\/2018\/10\/20181009_06544424048659.jpg?resize=700%2C400 2x, https:\/\/i0.wp.com\/willi-junker.de\/dachs\/wp-content\/uploads\/2018\/10\/20181009_06544424048659.jpg?resize=1050%2C600 3x, https:\/\/i0.wp.com\/willi-junker.de\/dachs\/wp-content\/uploads\/2018\/10\/20181009_06544424048659.jpg?resize=1400%2C800 4x"},"classes":[]},{"id":3610,"url":"https:\/\/willi-junker.de\/dachs\/?p=3610","url_meta":{"origin":1763,"position":3},"title":"11:00 Uhr \u00a0&#8211; Bergstation Rasch\u00f6tz","author":"Willi","date":"14.09.2016","format":false,"excerpt":"Heute Morgen herrscht im Tal ein wenig Chaos. Die Talstra\u00dfe wird neu geteert. Alle Busse haben Versp\u00e4tung und man steht noch zus\u00e4tzlich 30 Minuten. Ich laufe oben auf der Sonnenterrasse des Rasch\u00f6tz hin\u00fcber zur Broglesh\u00fctte. Es ist diesig und die Wolken beginnen sich aufzut\u00fcrmen.","rel":"","context":"In &quot;Touren&quot;","block_context":{"text":"Touren","link":"https:\/\/willi-junker.de\/dachs\/?cat=3"},"img":{"alt_text":"","src":"https:\/\/i0.wp.com\/willi-junker.de\/dachs\/wp-content\/uploads\/2016\/09\/wp-image-1438748678jpg.jpg?resize=350%2C200","width":350,"height":200,"srcset":"https:\/\/i0.wp.com\/willi-junker.de\/dachs\/wp-content\/uploads\/2016\/09\/wp-image-1438748678jpg.jpg?resize=350%2C200 1x, https:\/\/i0.wp.com\/willi-junker.de\/dachs\/wp-content\/uploads\/2016\/09\/wp-image-1438748678jpg.jpg?resize=525%2C300 1.5x, https:\/\/i0.wp.com\/willi-junker.de\/dachs\/wp-content\/uploads\/2016\/09\/wp-image-1438748678jpg.jpg?resize=700%2C400 2x"},"classes":[]},{"id":986,"url":"https:\/\/willi-junker.de\/dachs\/?p=986","url_meta":{"origin":1763,"position":4},"title":"Ein phantastischer letzter Wandertag geht zu Ende","author":"Willi","date":"08.07.2012","format":false,"excerpt":"Den Abschluss des Urlaubs begehen wir auf der Sangon-H\u00fctte und wandern mit dem letzten Tageslicht hinab ins Tal. Heute hat es erstmals seit letztem Mittwoch hier in Wolkenstein nicht geregnet. Es sind traumhafte Verh\u00e4ltnisse um im letzten Abendlicht Bilder von Sella und Langkofel zu machen.","rel":"","context":"In &quot;Touren&quot;","block_context":{"text":"Touren","link":"https:\/\/willi-junker.de\/dachs\/?cat=3"},"img":{"alt_text":"","src":"","width":0,"height":0},"classes":[]},{"id":2469,"url":"https:\/\/willi-junker.de\/dachs\/?p=2469","url_meta":{"origin":1763,"position":5},"title":"Werra &#8211; Ulster &#8211; Fulda alles Vergangenheit","author":"Willi","date":"29.06.2015","format":false,"excerpt":"Seit 19:30 Uhr bin ich in Neuhof, 15 km s\u00fcdlich von Fulda. 147 km sind dann heute wieder zusammen gekommen. Es lief heute prima. Der Werratalweg ist ein Gedicht. Sehr abwechslungsreich. In Herleshausen musste ich dann mal nachtanken. Ganz sch\u00f6n warm heute. Dann gehts wieder zur\u00fcck nach Th\u00fcringen. Die Landesgrenzen\u2026","rel":"","context":"In &quot;Touren&quot;","block_context":{"text":"Touren","link":"https:\/\/willi-junker.de\/dachs\/?cat=3"},"img":{"alt_text":"","src":"","width":0,"height":0},"classes":[]}],"_links":{"self":[{"href":"https:\/\/willi-junker.de\/dachs\/index.php?rest_route=\/wp\/v2\/posts\/1763","targetHints":{"allow":["GET"]}}],"collection":[{"href":"https:\/\/willi-junker.de\/dachs\/index.php?rest_route=\/wp\/v2\/posts"}],"about":[{"href":"https:\/\/willi-junker.de\/dachs\/index.php?rest_route=\/wp\/v2\/types\/post"}],"author":[{"embeddable":true,"href":"https:\/\/willi-junker.de\/dachs\/index.php?rest_route=\/wp\/v2\/users\/1"}],"replies":[{"embeddable":true,"href":"https:\/\/willi-junker.de\/dachs\/index.php?rest_route=%2Fwp%2Fv2%2Fcomments&post=1763"}],"version-history":[{"count":1,"href":"https:\/\/willi-junker.de\/dachs\/index.php?rest_route=\/wp\/v2\/posts\/1763\/revisions"}],"predecessor-version":[{"id":1764,"href":"https:\/\/willi-junker.de\/dachs\/index.php?rest_route=\/wp\/v2\/posts\/1763\/revisions\/1764"}],"wp:attachment":[{"href":"https:\/\/willi-junker.de\/dachs\/index.php?rest_route=%2Fwp%2Fv2%2Fmedia&parent=1763"}],"wp:term":[{"taxonomy":"category","embeddable":true,"href":"https:\/\/willi-junker.de\/dachs\/index.php?rest_route=%2Fwp%2Fv2%2Fcategories&post=1763"},{"taxonomy":"post_tag","embeddable":true,"href":"https:\/\/willi-junker.de\/dachs\/index.php?rest_route=%2Fwp%2Fv2%2Ftags&post=1763"}],"curies":[{"name":"wp","href":"https:\/\/api.w.org\/{rel}","templated":true}]}}