{"id":1760,"date":"2014-08-27T14:24:13","date_gmt":"2014-08-27T12:24:13","guid":{"rendered":"http:\/\/willi-junker.de\/dachs\/?p=1760"},"modified":"2014-08-29T07:25:30","modified_gmt":"2014-08-29T05:25:30","slug":"1420-uhr-gherdenacia-ueberquert","status":"publish","type":"post","link":"https:\/\/willi-junker.de\/dachs\/?p=1760","title":{"rendered":"14:20 Uhr &#8211; Gherdenacia \u00fcberquert"},"content":{"rendered":"<p>Dieser Weg ist einfach nur phantastisch. Noch 10 Minuten bis zur Puez. <\/p>\n<p>10 km und 1200 H\u00f6henmeter. Die Sonne scheint, der Wind ist nur leider ziemlich kalt. Ein kr\u00e4ftiger Regenschauer hat mich zum Gl\u00fcck nur gestreift.<\/p>\n<p>F\u00fcr die Besteigung des Col de La Sone h\u00e4tte ich noch gut 1.5 Stunden mehr ben\u00f6tigt. Da oben bl\u00e4st es heute bestimmt sehr ordentlich.<br \/>\n<a href=\"https:\/\/i0.wp.com\/willi-junker.de\/dachs\/wp-content\/uploads\/2014\/08\/wpid-wp-1409289865201.jpeg?ssl=1\"><img data-recalc-dims=\"1\" decoding=\"async\" title=\"wp-1409289865201\" class=\"alignnone size-full\" alt=\"image\" src=\"https:\/\/i0.wp.com\/willi-junker.de\/dachs\/wp-content\/uploads\/2014\/08\/wpid-wp-1409289865201.jpeg?w=640&#038;ssl=1\" \/><\/a> <\/p>\n<p><a href=\"https:\/\/i0.wp.com\/willi-junker.de\/dachs\/wp-content\/uploads\/2014\/08\/wpid-wp-1409289900727.jpeg?ssl=1\"><img data-recalc-dims=\"1\" decoding=\"async\" title=\"wp-1409289900727\" class=\"alignnone size-full\" alt=\"image\" src=\"https:\/\/i0.wp.com\/willi-junker.de\/dachs\/wp-content\/uploads\/2014\/08\/wpid-wp-1409289900727.jpeg?w=640&#038;ssl=1\" \/><\/a><\/p>\n","protected":false},"excerpt":{"rendered":"<p>Dieser Weg ist einfach nur phantastisch. Noch 10 Minuten bis zur Puez. 10 km und 1200 H\u00f6henmeter. Die Sonne scheint, der Wind ist nur leider ziemlich kalt. Ein kr\u00e4ftiger Regenschauer hat mich zum Gl\u00fcck nur gestreift. F\u00fcr die Besteigung des &hellip; <a href=\"https:\/\/willi-junker.de\/dachs\/?p=1760\">Weiterlesen <span class=\"meta-nav\">&rarr;<\/span><\/a><\/p>\n","protected":false},"author":1,"featured_media":0,"comment_status":"open","ping_status":"open","sticky":false,"template":"","format":"standard","meta":{"_crdt_document":"","jetpack_post_was_ever_published":false,"_jetpack_newsletter_access":"","_jetpack_dont_email_post_to_subs":false,"_jetpack_newsletter_tier_id":0,"_jetpack_memberships_contains_paywalled_content":false,"_jetpack_memberships_contains_paid_content":false,"footnotes":"","jetpack_publicize_message":"","jetpack_publicize_feature_enabled":true,"jetpack_social_post_already_shared":false,"jetpack_social_options":{"image_generator_settings":{"template":"highway","default_image_id":0,"font":"","enabled":false},"version":2}},"categories":[3],"tags":[],"class_list":["post-1760","post","type-post","status-publish","format-standard","hentry","category-touren"],"jetpack_publicize_connections":[],"jetpack_featured_media_url":"","jetpack_sharing_enabled":true,"jetpack_shortlink":"https:\/\/wp.me\/p73o9s-so","jetpack-related-posts":[{"id":5217,"url":"https:\/\/willi-junker.de\/dachs\/?p=5217","url_meta":{"origin":1760,"position":0},"title":"Radtour nach Bad Sch\u00f6nborn \/ Tag 1 (K\u00f6nigsetappe)","author":"Willi","date":"18.07.2019","format":false,"excerpt":"Heute Morgen bin ich gegen vier Uhr aus den Federn gesprungen und um halb sechs hab ich das Rad abfahrbereit gemacht. Dann geht es im Morgengrauen los. \u00dcber Alterk\u00fclz geht es auf den Schinderhannesradweg und nach Simmern. Dann hinauf nach Holzbach und wieder hinab nach Tiefenbach. Hier werden die 10\u2026","rel":"","context":"In &quot;Touren&quot;","block_context":{"text":"Touren","link":"https:\/\/willi-junker.de\/dachs\/?cat=3"},"img":{"alt_text":"","src":"https:\/\/i0.wp.com\/willi-junker.de\/dachs\/wp-content\/uploads\/2019\/07\/20190718_0753291178164395.jpg?resize=350%2C200","width":350,"height":200,"srcset":"https:\/\/i0.wp.com\/willi-junker.de\/dachs\/wp-content\/uploads\/2019\/07\/20190718_0753291178164395.jpg?resize=350%2C200 1x, https:\/\/i0.wp.com\/willi-junker.de\/dachs\/wp-content\/uploads\/2019\/07\/20190718_0753291178164395.jpg?resize=525%2C300 1.5x, https:\/\/i0.wp.com\/willi-junker.de\/dachs\/wp-content\/uploads\/2019\/07\/20190718_0753291178164395.jpg?resize=700%2C400 2x, https:\/\/i0.wp.com\/willi-junker.de\/dachs\/wp-content\/uploads\/2019\/07\/20190718_0753291178164395.jpg?resize=1050%2C600 3x, https:\/\/i0.wp.com\/willi-junker.de\/dachs\/wp-content\/uploads\/2019\/07\/20190718_0753291178164395.jpg?resize=1400%2C800 4x"},"classes":[]},{"id":2607,"url":"https:\/\/willi-junker.de\/dachs\/?p=2607","url_meta":{"origin":1760,"position":1},"title":"17:15 Uhr &#8211; Sch\u00f6nenbach &#8211; Ich liebe Regen","author":"Willi","date":"21.08.2015","format":false,"excerpt":"Seit gestern Mittag soll eigentlich sch\u00f6nes Wetter sein, nur das Wetter wei\u00df nichts davon. Auf halber Strecke zwischen Sibratsgf\u00e4ll und Sch\u00f6nenbach beginnt es zu regnen. Zuerst nur leicht, dann aber immer heftiger. Unter einem Baum finde ich vor\u00fcbergehend Schutz aber irgendwann muss ich weiter. Also Regenklamotten raus. Zum Gl\u00fcck wusste\u2026","rel":"","context":"In &quot;Touren&quot;","block_context":{"text":"Touren","link":"https:\/\/willi-junker.de\/dachs\/?cat=3"},"img":{"alt_text":"","src":"","width":0,"height":0},"classes":[]},{"id":2325,"url":"https:\/\/willi-junker.de\/dachs\/?p=2325","url_meta":{"origin":1760,"position":2},"title":"12:00 Uhr","author":"Willi","date":"24.06.2015","format":false,"excerpt":"Die 'Passh\u00f6he' zwischen Lahn und Eder ist \u00fcberschritten. Jetzt geht es nur noch abw\u00e4rts (hoffentlich). Meine Mitradler trauen meinen Vorhersagen nicht so richtig. Warum nur? Sie f\u00fcrchten noch das eine oder andere Highlight. Jetzt sind wir an 4. Fl\u00fcsschen. Rhein, Lahn und Wetter liegen hinter uns. Es geht nun die\u2026","rel":"","context":"In &quot;Touren&quot;","block_context":{"text":"Touren","link":"https:\/\/willi-junker.de\/dachs\/?cat=3"},"img":{"alt_text":"","src":"","width":0,"height":0},"classes":[]},{"id":5634,"url":"https:\/\/willi-junker.de\/dachs\/?p=5634","url_meta":{"origin":1760,"position":3},"title":"Etappe 2 &#8211; Radtour nach Bad Mingolsheim","author":"Willi","date":"18.04.2024","format":false,"excerpt":"Die ganze Nacht hat es mehr oder weniger geregnet. Auch beim Fr\u00fchst\u00fcck ist es noch am Tr\u00f6pfeln. Aber p\u00fcnktlich zur Abreise scheint doch tats\u00e4chlich die Sonne. Unglaublich. Aber es ist schweinekalt und die Schneegrenze ist nur unwesentlich \u00fcber meinem Standort. Zuerst geht es aufw\u00e4rts in Richtung Johanniskreuz. Der Verkehr auf\u2026","rel":"","context":"In &quot;Touren&quot;","block_context":{"text":"Touren","link":"https:\/\/willi-junker.de\/dachs\/?cat=3"},"img":{"alt_text":"","src":"https:\/\/i0.wp.com\/willi-junker.de\/dachs\/wp-content\/uploads\/2024\/04\/img_20240418_095937_hdr453877568738311592.jpg?resize=350%2C200&ssl=1","width":350,"height":200,"srcset":"https:\/\/i0.wp.com\/willi-junker.de\/dachs\/wp-content\/uploads\/2024\/04\/img_20240418_095937_hdr453877568738311592.jpg?resize=350%2C200&ssl=1 1x, https:\/\/i0.wp.com\/willi-junker.de\/dachs\/wp-content\/uploads\/2024\/04\/img_20240418_095937_hdr453877568738311592.jpg?resize=525%2C300&ssl=1 1.5x, https:\/\/i0.wp.com\/willi-junker.de\/dachs\/wp-content\/uploads\/2024\/04\/img_20240418_095937_hdr453877568738311592.jpg?resize=700%2C400&ssl=1 2x, https:\/\/i0.wp.com\/willi-junker.de\/dachs\/wp-content\/uploads\/2024\/04\/img_20240418_095937_hdr453877568738311592.jpg?resize=1050%2C600&ssl=1 3x, https:\/\/i0.wp.com\/willi-junker.de\/dachs\/wp-content\/uploads\/2024\/04\/img_20240418_095937_hdr453877568738311592.jpg?resize=1400%2C800&ssl=1 4x"},"classes":[]},{"id":911,"url":"https:\/\/willi-junker.de\/dachs\/?p=911","url_meta":{"origin":1760,"position":4},"title":"08:45 Uhr &#8211; Abmarsch in Uttenheim","author":"Willi","date":"01.07.2012","format":false,"excerpt":"Gestern Abend habe ich noch lange vor dem Hotel gesessen. Es war immer noch sehr warm. Auch in der Nacht k\u00fchlt es nur wenig ab. Ich laufe schon um 08:45 Uhr los. Ich folge vom Hotel bis nach Pfalzen dem Weg Nr. 17. Gleich im Ort geht es schon richtig\u2026","rel":"","context":"In &quot;Touren&quot;","block_context":{"text":"Touren","link":"https:\/\/willi-junker.de\/dachs\/?cat=3"},"img":{"alt_text":"","src":"","width":0,"height":0},"classes":[]},{"id":5230,"url":"https:\/\/willi-junker.de\/dachs\/?p=5230","url_meta":{"origin":1760,"position":5},"title":"Radtour nach Bad Sch\u00f6nborn \/ Tag 2","author":"Willi Junker","date":"19.07.2019","format":false,"excerpt":"Auch heute sitze ich wieder auf dem Rad, aber bei Weitem nich so fr\u00fch als gestern. Nach einem ausf\u00fchrlichen Fr\u00fchst\u00fcck starte ich gegen 10:15 Uhr. Mein Weg f\u00fchrt mich zuerst ins Fremdenverkehrsamt. Danach will ich weiter in Richtung Schwetzingen. Schwetzingen lockt mit einer gro\u00dfen Schlo\u00dfanlage und liegt ca. 30 Kilometer\u2026","rel":"","context":"In &quot;Touren&quot;","block_context":{"text":"Touren","link":"https:\/\/willi-junker.de\/dachs\/?cat=3"},"img":{"alt_text":"","src":"https:\/\/i0.wp.com\/willi-junker.de\/dachs\/wp-content\/uploads\/2019\/07\/20190719_1129171132900057.jpg?resize=350%2C200&ssl=1","width":350,"height":200,"srcset":"https:\/\/i0.wp.com\/willi-junker.de\/dachs\/wp-content\/uploads\/2019\/07\/20190719_1129171132900057.jpg?resize=350%2C200&ssl=1 1x, https:\/\/i0.wp.com\/willi-junker.de\/dachs\/wp-content\/uploads\/2019\/07\/20190719_1129171132900057.jpg?resize=525%2C300&ssl=1 1.5x, https:\/\/i0.wp.com\/willi-junker.de\/dachs\/wp-content\/uploads\/2019\/07\/20190719_1129171132900057.jpg?resize=700%2C400&ssl=1 2x, https:\/\/i0.wp.com\/willi-junker.de\/dachs\/wp-content\/uploads\/2019\/07\/20190719_1129171132900057.jpg?resize=1050%2C600&ssl=1 3x"},"classes":[]}],"_links":{"self":[{"href":"https:\/\/willi-junker.de\/dachs\/index.php?rest_route=\/wp\/v2\/posts\/1760","targetHints":{"allow":["GET"]}}],"collection":[{"href":"https:\/\/willi-junker.de\/dachs\/index.php?rest_route=\/wp\/v2\/posts"}],"about":[{"href":"https:\/\/willi-junker.de\/dachs\/index.php?rest_route=\/wp\/v2\/types\/post"}],"author":[{"embeddable":true,"href":"https:\/\/willi-junker.de\/dachs\/index.php?rest_route=\/wp\/v2\/users\/1"}],"replies":[{"embeddable":true,"href":"https:\/\/willi-junker.de\/dachs\/index.php?rest_route=%2Fwp%2Fv2%2Fcomments&post=1760"}],"version-history":[{"count":3,"href":"https:\/\/willi-junker.de\/dachs\/index.php?rest_route=\/wp\/v2\/posts\/1760\/revisions"}],"predecessor-version":[{"id":1790,"href":"https:\/\/willi-junker.de\/dachs\/index.php?rest_route=\/wp\/v2\/posts\/1760\/revisions\/1790"}],"wp:attachment":[{"href":"https:\/\/willi-junker.de\/dachs\/index.php?rest_route=%2Fwp%2Fv2%2Fmedia&parent=1760"}],"wp:term":[{"taxonomy":"category","embeddable":true,"href":"https:\/\/willi-junker.de\/dachs\/index.php?rest_route=%2Fwp%2Fv2%2Fcategories&post=1760"},{"taxonomy":"post_tag","embeddable":true,"href":"https:\/\/willi-junker.de\/dachs\/index.php?rest_route=%2Fwp%2Fv2%2Ftags&post=1760"}],"curies":[{"name":"wp","href":"https:\/\/api.w.org\/{rel}","templated":true}]}}