{"id":1752,"date":"2014-08-27T09:05:27","date_gmt":"2014-08-27T07:05:27","guid":{"rendered":"http:\/\/willi-junker.de\/dachs\/?p=1752"},"modified":"2014-09-05T13:34:40","modified_gmt":"2014-09-05T11:34:40","slug":"0837-uhr-im-bus-nach-stern","status":"publish","type":"post","link":"https:\/\/willi-junker.de\/dachs\/?p=1752","title":{"rendered":"08:37 Uhr &#8211; Im Bus nach Stern"},"content":{"rendered":"<p>Heute m\u00f6chte ich auf die Gherdenaccia-Hochfl\u00e4che. Der Aufstieg erfolgt von Stern\/La Villa.<br \/>\n<div style=\"width: 510px\" class=\"wp-caption alignnone\"><a href=\"https:\/\/i0.wp.com\/willi-junker.de\/dachs\/wp-content\/uploads\/2014\/08\/wpid-wp-1409289469679.jpeg?ssl=1\"><img data-recalc-dims=\"1\" decoding=\"async\" title=\"wp-1409289469679\" class=\"alignnone size-full\" alt=\"image\" src=\"https:\/\/i0.wp.com\/willi-junker.de\/dachs\/wp-content\/uploads\/2014\/08\/wpid-wp-1409289469679.jpeg?w=640&#038;ssl=1\" \/><\/a><p class=\"wp-caption-text\">Mure in Corvara<\/p><\/div> <\/p>\n<div style=\"width: 510px\" class=\"wp-caption alignnone\"><a href=\"https:\/\/i0.wp.com\/willi-junker.de\/dachs\/wp-content\/uploads\/2014\/08\/wpid-wp-1409289559145.jpeg?ssl=1\"><img data-recalc-dims=\"1\" decoding=\"async\" title=\"wp-1409289559145\" class=\"alignnone size-full\" alt=\"image\" src=\"https:\/\/i0.wp.com\/willi-junker.de\/dachs\/wp-content\/uploads\/2014\/08\/wpid-wp-1409289559145.jpeg?w=640&#038;ssl=1\" \/><\/a><p class=\"wp-caption-text\">Corvara<\/p><\/div>\n","protected":false},"excerpt":{"rendered":"<p>Heute m\u00f6chte ich auf die Gherdenaccia-Hochfl\u00e4che. Der Aufstieg erfolgt von Stern\/La Villa.<\/p>\n","protected":false},"author":1,"featured_media":0,"comment_status":"open","ping_status":"open","sticky":false,"template":"","format":"standard","meta":{"_crdt_document":"","jetpack_post_was_ever_published":false,"_jetpack_newsletter_access":"","_jetpack_dont_email_post_to_subs":false,"_jetpack_newsletter_tier_id":0,"_jetpack_memberships_contains_paywalled_content":false,"_jetpack_memberships_contains_paid_content":false,"footnotes":"","jetpack_publicize_message":"","jetpack_publicize_feature_enabled":true,"jetpack_social_post_already_shared":false,"jetpack_social_options":{"image_generator_settings":{"template":"highway","default_image_id":0,"font":"","enabled":false},"version":2}},"categories":[3],"tags":[],"class_list":["post-1752","post","type-post","status-publish","format-standard","hentry","category-touren"],"jetpack_publicize_connections":[],"jetpack_featured_media_url":"","jetpack_sharing_enabled":true,"jetpack_shortlink":"https:\/\/wp.me\/p73o9s-sg","jetpack-related-posts":[{"id":3574,"url":"https:\/\/willi-junker.de\/dachs\/?p=3574","url_meta":{"origin":1752,"position":0},"title":"08:31 &#8211; Bus nach Corvara","author":"Willi","date":"13.09.2016","format":false,"excerpt":"Diese Muren bedrohen Corvara. Noch steht der Seilbahnmast mitten in der neuen Mure, die von rechts kommt und auch die H\u00e4user massiv bedroht.","rel":"","context":"In &quot;Touren&quot;","block_context":{"text":"Touren","link":"https:\/\/willi-junker.de\/dachs\/?cat=3"},"img":{"alt_text":"","src":"https:\/\/i0.wp.com\/willi-junker.de\/dachs\/wp-content\/uploads\/2016\/09\/wp-image-219127358jpg.jpg?resize=350%2C200","width":350,"height":200,"srcset":"https:\/\/i0.wp.com\/willi-junker.de\/dachs\/wp-content\/uploads\/2016\/09\/wp-image-219127358jpg.jpg?resize=350%2C200 1x, https:\/\/i0.wp.com\/willi-junker.de\/dachs\/wp-content\/uploads\/2016\/09\/wp-image-219127358jpg.jpg?resize=525%2C300 1.5x, https:\/\/i0.wp.com\/willi-junker.de\/dachs\/wp-content\/uploads\/2016\/09\/wp-image-219127358jpg.jpg?resize=700%2C400 2x"},"classes":[]},{"id":2009,"url":"https:\/\/willi-junker.de\/dachs\/?p=2009","url_meta":{"origin":1752,"position":1},"title":"2. Skitag \/ Corvara &#8211; Sella","author":"Willi","date":"25.02.2015","format":false,"excerpt":"Heute sind wir um 09:30 Uhr von Corvara aus gestartet. Die einzelnen Gruppen sind in diverse Richtungen gestartet, links und rechts herum um die Sella, zur Seceda und nach Alta Badia. Das Wetter ist noch ausbauf\u00e4hig.","rel":"","context":"In &quot;Touren&quot;","block_context":{"text":"Touren","link":"https:\/\/willi-junker.de\/dachs\/?cat=3"},"img":{"alt_text":"","src":"","width":0,"height":0},"classes":[]},{"id":3877,"url":"https:\/\/willi-junker.de\/dachs\/?p=3877","url_meta":{"origin":1752,"position":2},"title":"7. Skitag &#8211; Das n\u00e4chste Extrem","author":"Willi","date":"10.03.2017","format":false,"excerpt":"Heute fliegt alles weg, was nicht niet- und nagelfest ist. Toller Sonnenschein und Orkan.Die gro\u00dfen Lifte laufen nur eingeschr\u00e4nkt, die Sella-Ronda ist geschlossen. Hab mich ins Val (Langental) verkr\u00fcmelt. Knallharte Pisten. Selbst auf schwarzen Pisten muss man aufpassen, dass man nicht den Berg hoch geschoben wird \ud83d\ude01. Hab mich dann\u2026","rel":"","context":"In &quot;Touren&quot;","block_context":{"text":"Touren","link":"https:\/\/willi-junker.de\/dachs\/?cat=3"},"img":{"alt_text":"","src":"https:\/\/i0.wp.com\/willi-junker.de\/dachs\/wp-content\/uploads\/2017\/03\/wp-image-1082581161jpg.jpg?resize=350%2C200","width":350,"height":200,"srcset":"https:\/\/i0.wp.com\/willi-junker.de\/dachs\/wp-content\/uploads\/2017\/03\/wp-image-1082581161jpg.jpg?resize=350%2C200 1x, https:\/\/i0.wp.com\/willi-junker.de\/dachs\/wp-content\/uploads\/2017\/03\/wp-image-1082581161jpg.jpg?resize=525%2C300 1.5x, https:\/\/i0.wp.com\/willi-junker.de\/dachs\/wp-content\/uploads\/2017\/03\/wp-image-1082581161jpg.jpg?resize=700%2C400 2x"},"classes":[]},{"id":1235,"url":"https:\/\/willi-junker.de\/dachs\/?p=1235","url_meta":{"origin":1752,"position":3},"title":"Wolkenstein","author":"Willi","date":"13.07.2013","format":false,"excerpt":"Ich bin gestern Abend um 21:15 Uhr in Laubach losgefahren und heute Morgen p\u00fcnktlich um 8:00 Uhr zum Fr\u00fchst\u00fcck in Wolkenstein eingetroffen. Nach dem Fr\u00fchst\u00fcck ging es dann schnell zum Bus, der um 09:22 Uhr in Richtung Corvara startet. In Corvara ist dann Umsteigen angesagt nach Bruneck. Dort umsteigen in\u2026","rel":"","context":"In &quot;Touren&quot;","block_context":{"text":"Touren","link":"https:\/\/willi-junker.de\/dachs\/?cat=3"},"img":{"alt_text":"","src":"","width":0,"height":0},"classes":[]},{"id":2837,"url":"https:\/\/willi-junker.de\/dachs\/?p=2837","url_meta":{"origin":1752,"position":4},"title":"16:30 Uhr &#8211; Piscadu-H\u00fctte","author":"Willi","date":"30.08.2015","format":false,"excerpt":"Ich hab die Sella bald geschafft. Sitze gerade hoch \u00fcber Corvara, ein St\u00fcckchen oberhalb der H\u00e4ngeseilbr\u00fccke. Bevor es ganz dunkel ist, sollte ich im Tal sein.","rel":"","context":"In &quot;Touren&quot;","block_context":{"text":"Touren","link":"https:\/\/willi-junker.de\/dachs\/?cat=3"},"img":{"alt_text":"","src":"","width":0,"height":0},"classes":[]},{"id":1457,"url":"https:\/\/willi-junker.de\/dachs\/?p=1457","url_meta":{"origin":1752,"position":5},"title":"Lagazoi und Alta Badia","author":"Willi","date":"29.01.2014","format":false,"excerpt":"Heute Morgen haben wir unsere Runden oberhalb von Cortina gedreht und jetzt sind wir auf dem Weg nach La Villa. Sitze gerade auf der La Fraina H\u00fctte oberhalb von Corvara.","rel":"","context":"In &quot;Touren&quot;","block_context":{"text":"Touren","link":"https:\/\/willi-junker.de\/dachs\/?cat=3"},"img":{"alt_text":"","src":"","width":0,"height":0},"classes":[]}],"_links":{"self":[{"href":"https:\/\/willi-junker.de\/dachs\/index.php?rest_route=\/wp\/v2\/posts\/1752","targetHints":{"allow":["GET"]}}],"collection":[{"href":"https:\/\/willi-junker.de\/dachs\/index.php?rest_route=\/wp\/v2\/posts"}],"about":[{"href":"https:\/\/willi-junker.de\/dachs\/index.php?rest_route=\/wp\/v2\/types\/post"}],"author":[{"embeddable":true,"href":"https:\/\/willi-junker.de\/dachs\/index.php?rest_route=\/wp\/v2\/users\/1"}],"replies":[{"embeddable":true,"href":"https:\/\/willi-junker.de\/dachs\/index.php?rest_route=%2Fwp%2Fv2%2Fcomments&post=1752"}],"version-history":[{"count":3,"href":"https:\/\/willi-junker.de\/dachs\/index.php?rest_route=\/wp\/v2\/posts\/1752\/revisions"}],"predecessor-version":[{"id":1793,"href":"https:\/\/willi-junker.de\/dachs\/index.php?rest_route=\/wp\/v2\/posts\/1752\/revisions\/1793"}],"wp:attachment":[{"href":"https:\/\/willi-junker.de\/dachs\/index.php?rest_route=%2Fwp%2Fv2%2Fmedia&parent=1752"}],"wp:term":[{"taxonomy":"category","embeddable":true,"href":"https:\/\/willi-junker.de\/dachs\/index.php?rest_route=%2Fwp%2Fv2%2Fcategories&post=1752"},{"taxonomy":"post_tag","embeddable":true,"href":"https:\/\/willi-junker.de\/dachs\/index.php?rest_route=%2Fwp%2Fv2%2Ftags&post=1752"}],"curies":[{"name":"wp","href":"https:\/\/api.w.org\/{rel}","templated":true}]}}