{"id":1741,"date":"2014-08-26T21:12:17","date_gmt":"2014-08-26T19:12:17","guid":{"rendered":"http:\/\/willi-junker.de\/dachs\/?p=1741"},"modified":"2015-06-15T22:27:26","modified_gmt":"2015-06-15T20:27:26","slug":"mahlknecht-huette","status":"publish","type":"post","link":"https:\/\/willi-junker.de\/dachs\/?p=1741","title":{"rendered":"Mahlknecht-H\u00fctte"},"content":{"rendered":"<p>In der Tierser Alpl-H\u00fctte bleibe ich eine gute Stunde. Beim Verlassen der H\u00fctte ist die Sicht nahe null. Nebel jagt bei 9 Grad vorbei und es nieselt ganz leicht. Das bleibt auch f\u00fcr den Rest des Tages so.<br \/>\n<a href=\"https:\/\/i0.wp.com\/willi-junker.de\/dachs\/wp-content\/uploads\/2014\/08\/wpid-wp-1409160470720.jpeg?ssl=1\"><img data-recalc-dims=\"1\" decoding=\"async\" class=\"alignnone size-full\" title=\"wp-1409160470720\" src=\"https:\/\/i0.wp.com\/willi-junker.de\/dachs\/wp-content\/uploads\/2014\/08\/wpid-wp-1409160470720.jpeg?w=640&#038;ssl=1\" alt=\"image\" \/><\/a><\/p>\n<p>Ich laufe hinab in Richtung Duronpass. Kurz davor kann man schon eine Abk\u00fcrzung nehmen und hier zweigt dann wieder nach links ein schmaler Pfad ab. Er f\u00fchrt durch eine schwarze Schlucht in Richtung Mahlknecht-H\u00fctte. Dies ist definitiv kein Dolomit aber sehr beeindruckend.<br \/>\n<a href=\"https:\/\/i0.wp.com\/willi-junker.de\/dachs\/wp-content\/uploads\/2014\/08\/wpid-wp-1409160614221.jpeg?ssl=1\"><img data-recalc-dims=\"1\" decoding=\"async\" class=\"alignnone size-full\" title=\"wp-1409160614221\" src=\"https:\/\/i0.wp.com\/willi-junker.de\/dachs\/wp-content\/uploads\/2014\/08\/wpid-wp-1409160614221.jpeg?w=640&#038;ssl=1\" alt=\"image\" \/><\/a><\/p>\n<p>Die Mahlknecht-H\u00fctte liegt am Ende eines Fahrwegs in einer Senke. Ab hier folge ich diesem Weg hinab nach Saltria. Kurz zuvor lege ich noch eine Pause in der Tirler Alm ein.<\/p>\n<p>Die n\u00e4chsten drei Stunden gibt es nichts mehr, das ist mir bekannt. Ich verlasse die Alm und nun folgen 15 Wanderkilometer \u00fcber Saltria, Monte Pana, die Ciaslatwiesen, La Selva und Wolkenstein.<\/p>\n<p>Wolkenstein erreiche ich um Punkt 19:00 Uhr nach gut 28 km und 1.000 H\u00f6henmetern.<\/p>\n<p>Daf\u00fcr, dass ich heute eigentlich nur ein bisschen \u00fcber die Seiser Alm laufen wollte, hab ich dann doch noch ein Highlight eingebaut. Die Scharte war einfach zu verlockend.<\/p>\n","protected":false},"excerpt":{"rendered":"<p>In der Tierser Alpl-H\u00fctte bleibe ich eine gute Stunde. Beim Verlassen der H\u00fctte ist die Sicht nahe null. Nebel jagt bei 9 Grad vorbei und es nieselt ganz leicht. Das bleibt auch f\u00fcr den Rest des Tages so. Ich laufe &hellip; <a href=\"https:\/\/willi-junker.de\/dachs\/?p=1741\">Weiterlesen <span class=\"meta-nav\">&rarr;<\/span><\/a><\/p>\n","protected":false},"author":1,"featured_media":0,"comment_status":"open","ping_status":"open","sticky":false,"template":"","format":"standard","meta":{"_crdt_document":"","jetpack_post_was_ever_published":false,"_jetpack_newsletter_access":"","_jetpack_dont_email_post_to_subs":false,"_jetpack_newsletter_tier_id":0,"_jetpack_memberships_contains_paywalled_content":false,"_jetpack_memberships_contains_paid_content":false,"footnotes":"","jetpack_publicize_message":"","jetpack_publicize_feature_enabled":true,"jetpack_social_post_already_shared":false,"jetpack_social_options":{"image_generator_settings":{"template":"highway","default_image_id":0,"font":"","enabled":false},"version":2}},"categories":[3],"tags":[],"class_list":["post-1741","post","type-post","status-publish","format-standard","hentry","category-touren"],"jetpack_publicize_connections":[],"jetpack_featured_media_url":"","jetpack_sharing_enabled":true,"jetpack_shortlink":"https:\/\/wp.me\/p73o9s-s5","jetpack-related-posts":[{"id":1260,"url":"https:\/\/willi-junker.de\/dachs\/?p=1260","url_meta":{"origin":1741,"position":0},"title":"Lenkj\u00f6chlh\u00fctte 2.603m &#8211; Hier wollte ich schon lange mal hin.","author":"Willi","date":"16.07.2013","format":false,"excerpt":"Diese H\u00fctte kurz vor Osttirol auf einem Sattel zwischen dem R\u00f6t- und dem Windtal gelegen, steht sehr exponiert und einsam. Die beiden s\u00fcdtiroler Anstiege haben jeweils 1.000 H\u00f6henmeter. Um kurz nach 9:00 Uhr starten wir in Kasern. Eine gute halbe Stunde k\u00f6nnen wir noch gemeinsam Aufsteigen, dann trennen sich unsere\u2026","rel":"","context":"In &quot;Touren&quot;","block_context":{"text":"Touren","link":"https:\/\/willi-junker.de\/dachs\/?cat=3"},"img":{"alt_text":"","src":"","width":0,"height":0},"classes":[]},{"id":4105,"url":"https:\/\/willi-junker.de\/dachs\/?p=4105","url_meta":{"origin":1741,"position":1},"title":"H\u00fcttenwanderung &#8211; Tag 5","author":"Willi","date":"22.07.2017","format":false,"excerpt":"In der Nacht gewittert es noch mehrfach. Besonders heftig ist es gegen vier Uhr. Wie jeden Tag bin ich auch heute um sechs Uhr munter und um halb sieben drehe ich bei leichtem Regen eine Runde um die H\u00fctte. Ich bin mir nicht sicher, ob ich direkt nach dem Fr\u00fchst\u00fcck\u2026","rel":"","context":"In &quot;Touren&quot;","block_context":{"text":"Touren","link":"https:\/\/willi-junker.de\/dachs\/?cat=3"},"img":{"alt_text":"","src":"https:\/\/i0.wp.com\/willi-junker.de\/dachs\/wp-content\/uploads\/2017\/07\/wp-image-2136841590.jpg?resize=350%2C200","width":350,"height":200,"srcset":"https:\/\/i0.wp.com\/willi-junker.de\/dachs\/wp-content\/uploads\/2017\/07\/wp-image-2136841590.jpg?resize=350%2C200 1x, https:\/\/i0.wp.com\/willi-junker.de\/dachs\/wp-content\/uploads\/2017\/07\/wp-image-2136841590.jpg?resize=525%2C300 1.5x, https:\/\/i0.wp.com\/willi-junker.de\/dachs\/wp-content\/uploads\/2017\/07\/wp-image-2136841590.jpg?resize=700%2C400 2x, https:\/\/i0.wp.com\/willi-junker.de\/dachs\/wp-content\/uploads\/2017\/07\/wp-image-2136841590.jpg?resize=1050%2C600 3x, https:\/\/i0.wp.com\/willi-junker.de\/dachs\/wp-content\/uploads\/2017\/07\/wp-image-2136841590.jpg?resize=1400%2C800 4x"},"classes":[]},{"id":4070,"url":"https:\/\/willi-junker.de\/dachs\/?p=4070","url_meta":{"origin":1741,"position":2},"title":"H\u00fcttenwanderung &#8211; Tag 4","author":"Willi","date":"21.07.2017","format":false,"excerpt":"Auch heute bin ich wieder vor sechs Uhr munter und treibe mich ab halb sieben vor der H\u00fctte rum. Es ist sonnig und es sieht nach einem sch\u00f6nen Tag aus. Das Alpengl\u00fchen hat heute leider wieder nicht stattgefunden. Um sieben sitze ich am Fr\u00fchst\u00fcckstisch und um acht bin ich auf\u2026","rel":"","context":"In &quot;Touren&quot;","block_context":{"text":"Touren","link":"https:\/\/willi-junker.de\/dachs\/?cat=3"},"img":{"alt_text":"","src":"https:\/\/i0.wp.com\/willi-junker.de\/dachs\/wp-content\/uploads\/2017\/07\/wp-image-833505761.jpg?resize=350%2C200","width":350,"height":200,"srcset":"https:\/\/i0.wp.com\/willi-junker.de\/dachs\/wp-content\/uploads\/2017\/07\/wp-image-833505761.jpg?resize=350%2C200 1x, https:\/\/i0.wp.com\/willi-junker.de\/dachs\/wp-content\/uploads\/2017\/07\/wp-image-833505761.jpg?resize=525%2C300 1.5x, https:\/\/i0.wp.com\/willi-junker.de\/dachs\/wp-content\/uploads\/2017\/07\/wp-image-833505761.jpg?resize=700%2C400 2x, https:\/\/i0.wp.com\/willi-junker.de\/dachs\/wp-content\/uploads\/2017\/07\/wp-image-833505761.jpg?resize=1050%2C600 3x, https:\/\/i0.wp.com\/willi-junker.de\/dachs\/wp-content\/uploads\/2017\/07\/wp-image-833505761.jpg?resize=1400%2C800 4x"},"classes":[]},{"id":4153,"url":"https:\/\/willi-junker.de\/dachs\/?p=4153","url_meta":{"origin":1741,"position":3},"title":"Tag 8 &#8211; Umrundung Langkofelstock","author":"Willi","date":"25.07.2017","format":false,"excerpt":"Heute gibt es um 07:15 Uhr Fr\u00fchst\u00fcck. Abmarsch ist um 08:10 Uhr. Um 08:26 Uhr steigen wir in den total \u00fcberf\u00fcllten Bus zum Sellapass. Beinahe waren auch nur 50% von uns in den Bus gekommen. Es ist saukalt, aber sonnig. Der Rest der Familie f\u00e4hrt vom Sella-Joch mit dem Lift\u2026","rel":"","context":"In &quot;Touren&quot;","block_context":{"text":"Touren","link":"https:\/\/willi-junker.de\/dachs\/?cat=3"},"img":{"alt_text":"","src":"https:\/\/i0.wp.com\/willi-junker.de\/dachs\/wp-content\/uploads\/2017\/07\/wp-image-1084737681.jpg?resize=350%2C200","width":350,"height":200,"srcset":"https:\/\/i0.wp.com\/willi-junker.de\/dachs\/wp-content\/uploads\/2017\/07\/wp-image-1084737681.jpg?resize=350%2C200 1x, https:\/\/i0.wp.com\/willi-junker.de\/dachs\/wp-content\/uploads\/2017\/07\/wp-image-1084737681.jpg?resize=525%2C300 1.5x, https:\/\/i0.wp.com\/willi-junker.de\/dachs\/wp-content\/uploads\/2017\/07\/wp-image-1084737681.jpg?resize=700%2C400 2x, https:\/\/i0.wp.com\/willi-junker.de\/dachs\/wp-content\/uploads\/2017\/07\/wp-image-1084737681.jpg?resize=1050%2C600 3x, https:\/\/i0.wp.com\/willi-junker.de\/dachs\/wp-content\/uploads\/2017\/07\/wp-image-1084737681.jpg?resize=1400%2C800 4x"},"classes":[]},{"id":4026,"url":"https:\/\/willi-junker.de\/dachs\/?p=4026","url_meta":{"origin":1741,"position":4},"title":"H\u00fcttenwanderung &#8211; Tag 2","author":"Willi","date":"19.07.2017","format":false,"excerpt":"Um 05:30 Uhr bin ich munter. Ich hab heute Nacht nichts geh\u00f6rt. Nur ein fieser Wadenkrampf hat mich 15 Minuten Schlaf gekostet. Um kurz nach sieben Uhr guckt die Fa. Elikos am Fenster des Gastraums herein. Das ist schon verdammt nah. Aber ebene Fl\u00e4chen gibt es hier kaum und irgendwo\u2026","rel":"","context":"In &quot;Touren&quot;","block_context":{"text":"Touren","link":"https:\/\/willi-junker.de\/dachs\/?cat=3"},"img":{"alt_text":"","src":"https:\/\/i0.wp.com\/willi-junker.de\/dachs\/wp-content\/uploads\/2017\/07\/wp-image-405110363.jpg?resize=350%2C200","width":350,"height":200,"srcset":"https:\/\/i0.wp.com\/willi-junker.de\/dachs\/wp-content\/uploads\/2017\/07\/wp-image-405110363.jpg?resize=350%2C200 1x, https:\/\/i0.wp.com\/willi-junker.de\/dachs\/wp-content\/uploads\/2017\/07\/wp-image-405110363.jpg?resize=525%2C300 1.5x, https:\/\/i0.wp.com\/willi-junker.de\/dachs\/wp-content\/uploads\/2017\/07\/wp-image-405110363.jpg?resize=700%2C400 2x, https:\/\/i0.wp.com\/willi-junker.de\/dachs\/wp-content\/uploads\/2017\/07\/wp-image-405110363.jpg?resize=1050%2C600 3x, https:\/\/i0.wp.com\/willi-junker.de\/dachs\/wp-content\/uploads\/2017\/07\/wp-image-405110363.jpg?resize=1400%2C800 4x"},"classes":[]},{"id":2666,"url":"https:\/\/willi-junker.de\/dachs\/?p=2666","url_meta":{"origin":1741,"position":5},"title":"17:30 Uhr &#8211; St. Anton am Arlberg","author":"Willi","date":"23.08.2015","format":false,"excerpt":"Die Tour heute war sehr abwechslungsreich. Von absoluter Stille bis unglaublichem Autoverkehr. Der Arlbergpass war zum Gl\u00fcck schnell abgehakt. Nach dem Flexenpass war von einem ausgeschildertem Wanderweg nicht immer zu sprechen. Bin ein paar Schlenker gelaufen bei der Spurensuche. In den anspruchsvollen Passagen,war der Weg aber immer erkennnbar, und es\u2026","rel":"","context":"In &quot;Touren&quot;","block_context":{"text":"Touren","link":"https:\/\/willi-junker.de\/dachs\/?cat=3"},"img":{"alt_text":"image","src":"https:\/\/i0.wp.com\/willi-junker.de\/dachs\/wp-content\/uploads\/2015\/08\/wpid-IMAG1202.jpg?resize=350%2C200","width":350,"height":200,"srcset":"https:\/\/i0.wp.com\/willi-junker.de\/dachs\/wp-content\/uploads\/2015\/08\/wpid-IMAG1202.jpg?resize=350%2C200 1x, https:\/\/i0.wp.com\/willi-junker.de\/dachs\/wp-content\/uploads\/2015\/08\/wpid-IMAG1202.jpg?resize=525%2C300 1.5x"},"classes":[]}],"_links":{"self":[{"href":"https:\/\/willi-junker.de\/dachs\/index.php?rest_route=\/wp\/v2\/posts\/1741","targetHints":{"allow":["GET"]}}],"collection":[{"href":"https:\/\/willi-junker.de\/dachs\/index.php?rest_route=\/wp\/v2\/posts"}],"about":[{"href":"https:\/\/willi-junker.de\/dachs\/index.php?rest_route=\/wp\/v2\/types\/post"}],"author":[{"embeddable":true,"href":"https:\/\/willi-junker.de\/dachs\/index.php?rest_route=\/wp\/v2\/users\/1"}],"replies":[{"embeddable":true,"href":"https:\/\/willi-junker.de\/dachs\/index.php?rest_route=%2Fwp%2Fv2%2Fcomments&post=1741"}],"version-history":[{"count":6,"href":"https:\/\/willi-junker.de\/dachs\/index.php?rest_route=\/wp\/v2\/posts\/1741\/revisions"}],"predecessor-version":[{"id":2268,"href":"https:\/\/willi-junker.de\/dachs\/index.php?rest_route=\/wp\/v2\/posts\/1741\/revisions\/2268"}],"wp:attachment":[{"href":"https:\/\/willi-junker.de\/dachs\/index.php?rest_route=%2Fwp%2Fv2%2Fmedia&parent=1741"}],"wp:term":[{"taxonomy":"category","embeddable":true,"href":"https:\/\/willi-junker.de\/dachs\/index.php?rest_route=%2Fwp%2Fv2%2Fcategories&post=1741"},{"taxonomy":"post_tag","embeddable":true,"href":"https:\/\/willi-junker.de\/dachs\/index.php?rest_route=%2Fwp%2Fv2%2Ftags&post=1741"}],"curies":[{"name":"wp","href":"https:\/\/api.w.org\/{rel}","templated":true}]}}