{"id":174,"date":"2011-01-29T22:00:51","date_gmt":"2011-01-29T20:00:51","guid":{"rendered":"http:\/\/willi-junker.de\/dachs\/?p=174"},"modified":"2014-09-14T17:18:53","modified_gmt":"2014-09-14T15:18:53","slug":"skiwanderung-hochwald-idarwald-am-29-01-2011","status":"publish","type":"post","link":"https:\/\/willi-junker.de\/dachs\/?p=174","title":{"rendered":"Skiwanderung Hochwald-Idarwald am 29.01.2011"},"content":{"rendered":"<p>Der Tag beginnt um 06.00 Uhr. Kurz nach 07.30 Uhr verlasse ich das Haus und um 08:30 Uhr stehe ich am kleinen Parkplatz zwischen Hochscheid und Stipshausen. Erst in der Kammlage liegt gerade gen\u00fcgend Schnee zum Skilanglauf. Hier beginnt die &#8222;Graue Kreuz Loipe&#8220;<\/p>\n<p>Die Loipe ist nicht pr\u00e4pariert und so darf ich alles selbst spuren.<\/p>\n<div id=\"attachment_177\" style=\"width: 624px\" class=\"wp-caption alignleft\"><a rel=\"attachment wp-att-177\" href=\"https:\/\/willi-junker.de\/dachs\/?attachment_id=177\"><img data-recalc-dims=\"1\" loading=\"lazy\" decoding=\"async\" aria-describedby=\"caption-attachment-177\" data-attachment-id=\"177\" data-permalink=\"https:\/\/willi-junker.de\/dachs\/?attachment_id=177\" data-orig-file=\"https:\/\/i0.wp.com\/willi-junker.de\/dachs\/wp-content\/uploads\/2011\/01\/1.jpg?fit=1024%2C576&amp;ssl=1\" data-orig-size=\"1024,576\" data-comments-opened=\"1\" data-image-meta=\"{&quot;aperture&quot;:&quot;4&quot;,&quot;credit&quot;:&quot;&quot;,&quot;camera&quot;:&quot;DMC-TZ10&quot;,&quot;caption&quot;:&quot;&quot;,&quot;created_timestamp&quot;:&quot;1296293119&quot;,&quot;copyright&quot;:&quot;&quot;,&quot;focal_length&quot;:&quot;4.1&quot;,&quot;iso&quot;:&quot;80&quot;,&quot;shutter_speed&quot;:&quot;0.008&quot;,&quot;title&quot;:&quot;&quot;}\" data-image-title=\"kurze Pause\" data-image-description=\"\" data-image-caption=\"&lt;p&gt;kurze Pause&lt;\/p&gt;\n\" data-large-file=\"https:\/\/i0.wp.com\/willi-junker.de\/dachs\/wp-content\/uploads\/2011\/01\/1.jpg?fit=500%2C281&amp;ssl=1\" class=\"size-full wp-image-177 \" title=\"kurze Pause\" src=\"https:\/\/i0.wp.com\/willi-junker.de\/dachs\/wp-content\/uploads\/2011\/01\/1.jpg?resize=614%2C346&#038;ssl=1\" alt=\"kurze Pause\" width=\"614\" height=\"346\" srcset=\"https:\/\/i0.wp.com\/willi-junker.de\/dachs\/wp-content\/uploads\/2011\/01\/1.jpg?w=1024&amp;ssl=1 1024w, https:\/\/i0.wp.com\/willi-junker.de\/dachs\/wp-content\/uploads\/2011\/01\/1.jpg?resize=300%2C168&amp;ssl=1 300w\" sizes=\"auto, (max-width: 614px) 100vw, 614px\" \/><\/a><p id=\"caption-attachment-177\" class=\"wp-caption-text\">kurze Pause<\/p><\/div>\n<p>Gegen 09:45 Uhr erreiche ich den Steinger\u00fcttelkopf.<\/p>\n<p><a rel=\"attachment wp-att-178\" href=\"https:\/\/willi-junker.de\/dachs\/?attachment_id=178\"><img data-recalc-dims=\"1\" loading=\"lazy\" decoding=\"async\" data-attachment-id=\"178\" data-permalink=\"https:\/\/willi-junker.de\/dachs\/?attachment_id=178\" data-orig-file=\"https:\/\/i0.wp.com\/willi-junker.de\/dachs\/wp-content\/uploads\/2011\/01\/2.jpg?fit=1024%2C613&amp;ssl=1\" data-orig-size=\"1024,613\" data-comments-opened=\"1\" data-image-meta=\"{&quot;aperture&quot;:&quot;0&quot;,&quot;credit&quot;:&quot;&quot;,&quot;camera&quot;:&quot;HTC Desire&quot;,&quot;caption&quot;:&quot;&quot;,&quot;created_timestamp&quot;:&quot;1296294457&quot;,&quot;copyright&quot;:&quot;&quot;,&quot;focal_length&quot;:&quot;4.31&quot;,&quot;iso&quot;:&quot;52&quot;,&quot;shutter_speed&quot;:&quot;0&quot;,&quot;title&quot;:&quot;&quot;}\" data-image-title=\"2\" data-image-description=\"\" data-image-caption=\"\" data-large-file=\"https:\/\/i0.wp.com\/willi-junker.de\/dachs\/wp-content\/uploads\/2011\/01\/2.jpg?fit=500%2C299&amp;ssl=1\" class=\"size-full wp-image-178 alignnone\" title=\"Steinger\u00fcttelkopf\" src=\"https:\/\/i0.wp.com\/willi-junker.de\/dachs\/wp-content\/uploads\/2011\/01\/2.jpg?resize=614%2C368&#038;ssl=1\" alt=\"Steinger\u00fcttelkopf\" width=\"614\" height=\"368\" srcset=\"https:\/\/i0.wp.com\/willi-junker.de\/dachs\/wp-content\/uploads\/2011\/01\/2.jpg?w=1024&amp;ssl=1 1024w, https:\/\/i0.wp.com\/willi-junker.de\/dachs\/wp-content\/uploads\/2011\/01\/2.jpg?resize=300%2C179&amp;ssl=1 300w\" sizes=\"auto, (max-width: 614px) 100vw, 614px\" \/><\/a><\/p>\n<p>Danach geht es wieder abw\u00e4rts und ich n\u00e4here mich der Hauptstra\u00dfe zwischen Bruchweiler und Morbach. Nach der Stra\u00dfe beginnt die Schinderhannesloipe. Auch hier ist nichts gespurt. Um 11.00 Uhr stehe ich an der B269 und somit dem Ende dieser Loipe. Nach dem \u00dcberqueren der Stra\u00dfe beginnt die Kahlheidloipe. Es geht stetig und teilweise dem Gipfel mit den beiden Sendet\u00fcrmen entgegen. Die Sicht ist toll.<\/p>\n<div id=\"attachment_179\" style=\"width: 624px\" class=\"wp-caption alignnone\"><a rel=\"attachment wp-att-179\" href=\"https:\/\/willi-junker.de\/dachs\/?attachment_id=179\"><img data-recalc-dims=\"1\" loading=\"lazy\" decoding=\"async\" aria-describedby=\"caption-attachment-179\" data-attachment-id=\"179\" data-permalink=\"https:\/\/willi-junker.de\/dachs\/?attachment_id=179\" data-orig-file=\"https:\/\/i0.wp.com\/willi-junker.de\/dachs\/wp-content\/uploads\/2011\/01\/3.jpg?fit=1024%2C576&amp;ssl=1\" data-orig-size=\"1024,576\" data-comments-opened=\"1\" data-image-meta=\"{&quot;aperture&quot;:&quot;5.6&quot;,&quot;credit&quot;:&quot;&quot;,&quot;camera&quot;:&quot;DMC-TZ10&quot;,&quot;caption&quot;:&quot;&quot;,&quot;created_timestamp&quot;:&quot;1296300847&quot;,&quot;copyright&quot;:&quot;&quot;,&quot;focal_length&quot;:&quot;4.1&quot;,&quot;iso&quot;:&quot;80&quot;,&quot;shutter_speed&quot;:&quot;0.0025&quot;,&quot;title&quot;:&quot;&quot;}\" data-image-title=\"Kahlheid\" data-image-description=\"\" data-image-caption=\"&lt;p&gt;Kahlheid&lt;\/p&gt;\n\" data-large-file=\"https:\/\/i0.wp.com\/willi-junker.de\/dachs\/wp-content\/uploads\/2011\/01\/3.jpg?fit=500%2C281&amp;ssl=1\" class=\"size-full wp-image-179 \" title=\"Kahlheid\" src=\"https:\/\/i0.wp.com\/willi-junker.de\/dachs\/wp-content\/uploads\/2011\/01\/3.jpg?resize=614%2C346&#038;ssl=1\" alt=\"Kahlheid\" width=\"614\" height=\"346\" srcset=\"https:\/\/i0.wp.com\/willi-junker.de\/dachs\/wp-content\/uploads\/2011\/01\/3.jpg?w=1024&amp;ssl=1 1024w, https:\/\/i0.wp.com\/willi-junker.de\/dachs\/wp-content\/uploads\/2011\/01\/3.jpg?resize=300%2C168&amp;ssl=1 300w\" sizes=\"auto, (max-width: 614px) 100vw, 614px\" \/><\/a><p id=\"caption-attachment-179\" class=\"wp-caption-text\">Kahlheid<\/p><\/div>\n<p>Danach folgt eine steile Abfahrt zum Wanderparkplatz in der N\u00e4he des Erbeskopfes. Hier \u00fcberquere ich ein weiteres Mal eine Stra\u00dfe und es geht auf nicht ausgeschildertem Weg ca. 2 km durch den verschneiten Winterwald. Dann steht man auf 790 Metern fast am oberen Rand des Abfahrtspiste. Diese \u00fcberquere ich um hin\u00fcber zur Hochwaldloipe zu gelangen. Hier liegen zu wiederholten Male B\u00e4ume quer und so fahre ich \u00fcber die zweite, nicht genutzte Abfahrtspiste hinab zur Talstation um mich zu st\u00e4rken.<\/p>\n<div id=\"attachment_180\" style=\"width: 624px\" class=\"wp-caption alignnone\"><a rel=\"attachment wp-att-180\" href=\"https:\/\/willi-junker.de\/dachs\/?attachment_id=180\"><img data-recalc-dims=\"1\" loading=\"lazy\" decoding=\"async\" aria-describedby=\"caption-attachment-180\" data-attachment-id=\"180\" data-permalink=\"https:\/\/willi-junker.de\/dachs\/?attachment_id=180\" data-orig-file=\"https:\/\/i0.wp.com\/willi-junker.de\/dachs\/wp-content\/uploads\/2011\/01\/4.jpg?fit=1024%2C576&amp;ssl=1\" data-orig-size=\"1024,576\" data-comments-opened=\"1\" data-image-meta=\"{&quot;aperture&quot;:&quot;4.5&quot;,&quot;credit&quot;:&quot;&quot;,&quot;camera&quot;:&quot;DMC-TZ10&quot;,&quot;caption&quot;:&quot;&quot;,&quot;created_timestamp&quot;:&quot;1296304035&quot;,&quot;copyright&quot;:&quot;&quot;,&quot;focal_length&quot;:&quot;11.9&quot;,&quot;iso&quot;:&quot;80&quot;,&quot;shutter_speed&quot;:&quot;0.0025&quot;,&quot;title&quot;:&quot;&quot;}\" data-image-title=\"Querweg am Erbeskopf\" data-image-description=\"\" data-image-caption=\"&lt;p&gt;Querweg am Erbeskopf&lt;\/p&gt;\n\" data-large-file=\"https:\/\/i0.wp.com\/willi-junker.de\/dachs\/wp-content\/uploads\/2011\/01\/4.jpg?fit=500%2C281&amp;ssl=1\" class=\"size-full wp-image-180 \" title=\"Querweg am Erbeskopf\" src=\"https:\/\/i0.wp.com\/willi-junker.de\/dachs\/wp-content\/uploads\/2011\/01\/4.jpg?resize=614%2C346&#038;ssl=1\" alt=\"Querweg am Erbeskopf\" width=\"614\" height=\"346\" srcset=\"https:\/\/i0.wp.com\/willi-junker.de\/dachs\/wp-content\/uploads\/2011\/01\/4.jpg?w=1024&amp;ssl=1 1024w, https:\/\/i0.wp.com\/willi-junker.de\/dachs\/wp-content\/uploads\/2011\/01\/4.jpg?resize=300%2C168&amp;ssl=1 300w\" sizes=\"auto, (max-width: 614px) 100vw, 614px\" \/><\/a><p id=\"caption-attachment-180\" class=\"wp-caption-text\">Querweg am Erbeskopf<\/p><\/div>\n<div id=\"attachment_181\" style=\"width: 624px\" class=\"wp-caption alignnone\"><a rel=\"attachment wp-att-181\" href=\"https:\/\/willi-junker.de\/dachs\/?attachment_id=181\"><img data-recalc-dims=\"1\" loading=\"lazy\" decoding=\"async\" aria-describedby=\"caption-attachment-181\" data-attachment-id=\"181\" data-permalink=\"https:\/\/willi-junker.de\/dachs\/?attachment_id=181\" data-orig-file=\"https:\/\/i0.wp.com\/willi-junker.de\/dachs\/wp-content\/uploads\/2011\/01\/5.jpg?fit=1024%2C576&amp;ssl=1\" data-orig-size=\"1024,576\" data-comments-opened=\"1\" data-image-meta=\"{&quot;aperture&quot;:&quot;4.5&quot;,&quot;credit&quot;:&quot;&quot;,&quot;camera&quot;:&quot;DMC-TZ10&quot;,&quot;caption&quot;:&quot;&quot;,&quot;created_timestamp&quot;:&quot;1296307664&quot;,&quot;copyright&quot;:&quot;&quot;,&quot;focal_length&quot;:&quot;24.1&quot;,&quot;iso&quot;:&quot;80&quot;,&quot;shutter_speed&quot;:&quot;0.0025&quot;,&quot;title&quot;:&quot;&quot;}\" data-image-title=\"Abfahrtspiste\" data-image-description=\"\" data-image-caption=\"&lt;p&gt;Abfahrtspiste&lt;\/p&gt;\n\" data-large-file=\"https:\/\/i0.wp.com\/willi-junker.de\/dachs\/wp-content\/uploads\/2011\/01\/5.jpg?fit=500%2C281&amp;ssl=1\" class=\"size-full wp-image-181 \" title=\"Abfahrtspiste\" src=\"https:\/\/i0.wp.com\/willi-junker.de\/dachs\/wp-content\/uploads\/2011\/01\/5.jpg?resize=614%2C346&#038;ssl=1\" alt=\"Abfahrtspiste\" width=\"614\" height=\"346\" srcset=\"https:\/\/i0.wp.com\/willi-junker.de\/dachs\/wp-content\/uploads\/2011\/01\/5.jpg?w=1024&amp;ssl=1 1024w, https:\/\/i0.wp.com\/willi-junker.de\/dachs\/wp-content\/uploads\/2011\/01\/5.jpg?resize=300%2C168&amp;ssl=1 300w\" sizes=\"auto, (max-width: 614px) 100vw, 614px\" \/><\/a><p id=\"caption-attachment-181\" class=\"wp-caption-text\">Abfahrtspiste<\/p><\/div>\n<div id=\"attachment_182\" style=\"width: 624px\" class=\"wp-caption alignnone\"><a rel=\"attachment wp-att-182\" href=\"https:\/\/willi-junker.de\/dachs\/?attachment_id=182\"><img data-recalc-dims=\"1\" loading=\"lazy\" decoding=\"async\" aria-describedby=\"caption-attachment-182\" data-attachment-id=\"182\" data-permalink=\"https:\/\/willi-junker.de\/dachs\/?attachment_id=182\" data-orig-file=\"https:\/\/i0.wp.com\/willi-junker.de\/dachs\/wp-content\/uploads\/2011\/01\/6.jpg?fit=1024%2C613&amp;ssl=1\" data-orig-size=\"1024,613\" data-comments-opened=\"1\" data-image-meta=\"{&quot;aperture&quot;:&quot;0&quot;,&quot;credit&quot;:&quot;&quot;,&quot;camera&quot;:&quot;HTC Desire&quot;,&quot;caption&quot;:&quot;&quot;,&quot;created_timestamp&quot;:&quot;1296305138&quot;,&quot;copyright&quot;:&quot;&quot;,&quot;focal_length&quot;:&quot;4.31&quot;,&quot;iso&quot;:&quot;52&quot;,&quot;shutter_speed&quot;:&quot;0&quot;,&quot;title&quot;:&quot;&quot;}\" data-image-title=\"Mittagspause\" data-image-description=\"\" data-image-caption=\"&lt;p&gt;Mittagspause&lt;\/p&gt;\n\" data-large-file=\"https:\/\/i0.wp.com\/willi-junker.de\/dachs\/wp-content\/uploads\/2011\/01\/6.jpg?fit=500%2C299&amp;ssl=1\" class=\"size-full wp-image-182 \" title=\"Mittagspause\" src=\"https:\/\/i0.wp.com\/willi-junker.de\/dachs\/wp-content\/uploads\/2011\/01\/6.jpg?resize=614%2C368&#038;ssl=1\" alt=\"Mittagspause\" width=\"614\" height=\"368\" srcset=\"https:\/\/i0.wp.com\/willi-junker.de\/dachs\/wp-content\/uploads\/2011\/01\/6.jpg?w=1024&amp;ssl=1 1024w, https:\/\/i0.wp.com\/willi-junker.de\/dachs\/wp-content\/uploads\/2011\/01\/6.jpg?resize=300%2C179&amp;ssl=1 300w\" sizes=\"auto, (max-width: 614px) 100vw, 614px\" \/><\/a><p id=\"caption-attachment-182\" class=\"wp-caption-text\">Mittagspause<\/p><\/div>\n<p>Um 12.40 Uhr sitze ich im Pilz am unteren Pistenrand und mache Pause bis 13.30 Uhr. 21 km sind geschafft, eigentlich die H\u00e4lfte der Strecke.<\/p>\n<p>Dann geht es wieder hinauf \u00fcber die ungenutzte Piste bis zum kleine Zieweg, zur\u00fcck zur Kahlheidloipe.<\/p>\n<div id=\"attachment_183\" style=\"width: 624px\" class=\"wp-caption alignnone\"><a rel=\"attachment wp-att-183\" href=\"https:\/\/willi-junker.de\/dachs\/?attachment_id=183\"><img data-recalc-dims=\"1\" loading=\"lazy\" decoding=\"async\" aria-describedby=\"caption-attachment-183\" data-attachment-id=\"183\" data-permalink=\"https:\/\/willi-junker.de\/dachs\/?attachment_id=183\" data-orig-file=\"https:\/\/i0.wp.com\/willi-junker.de\/dachs\/wp-content\/uploads\/2011\/01\/7.jpg?fit=1024%2C576&amp;ssl=1\" data-orig-size=\"1024,576\" data-comments-opened=\"1\" data-image-meta=\"{&quot;aperture&quot;:&quot;5&quot;,&quot;credit&quot;:&quot;&quot;,&quot;camera&quot;:&quot;DMC-TZ10&quot;,&quot;caption&quot;:&quot;&quot;,&quot;created_timestamp&quot;:&quot;1296309389&quot;,&quot;copyright&quot;:&quot;&quot;,&quot;focal_length&quot;:&quot;4.1&quot;,&quot;iso&quot;:&quot;80&quot;,&quot;shutter_speed&quot;:&quot;0.0025&quot;,&quot;title&quot;:&quot;&quot;}\" data-image-title=\"Blick vom Ziehweg\" data-image-description=\"\" data-image-caption=\"&lt;p&gt;Blick vom Ziehweg&lt;\/p&gt;\n\" data-large-file=\"https:\/\/i0.wp.com\/willi-junker.de\/dachs\/wp-content\/uploads\/2011\/01\/7.jpg?fit=500%2C281&amp;ssl=1\" class=\"size-full wp-image-183 \" title=\"Blick vom Ziehweg\" src=\"https:\/\/i0.wp.com\/willi-junker.de\/dachs\/wp-content\/uploads\/2011\/01\/7.jpg?resize=614%2C346&#038;ssl=1\" alt=\"Blick vom Ziehweg\" width=\"614\" height=\"346\" srcset=\"https:\/\/i0.wp.com\/willi-junker.de\/dachs\/wp-content\/uploads\/2011\/01\/7.jpg?w=1024&amp;ssl=1 1024w, https:\/\/i0.wp.com\/willi-junker.de\/dachs\/wp-content\/uploads\/2011\/01\/7.jpg?resize=300%2C168&amp;ssl=1 300w\" sizes=\"auto, (max-width: 614px) 100vw, 614px\" \/><\/a><p id=\"caption-attachment-183\" class=\"wp-caption-text\">Blick vom Ziehweg<\/p><\/div>\n<p>Da alle drei Loipen aus Rundwegen bestehen, l\u00e4uft man zumeist nicht den gleichen Weg wie am Morgen. Das bedeutet auch erneutes Spuren. Die Kahlheidloipe l\u00e4uft sich sehr sch\u00f6n auf einer neuen F\u00fchrung, getrennt vom Wanderweg. So erreiche ich recht schnell den Beginn der Schinderhannesloipe (15.00 Uhr).<\/p>\n<p>Die Schinderhannesloipe entpuppt sich als ziemlich anspruchsvoll, da hier Baumf\u00e4llarbeiten zugange sind, stellenweise geht der Schnee gegen null und es liegt viel Holz herum.<\/p>\n<div id=\"attachment_184\" style=\"width: 624px\" class=\"wp-caption alignnone\"><a rel=\"attachment wp-att-184\" href=\"https:\/\/willi-junker.de\/dachs\/?attachment_id=184\"><img data-recalc-dims=\"1\" loading=\"lazy\" decoding=\"async\" aria-describedby=\"caption-attachment-184\" data-attachment-id=\"184\" data-permalink=\"https:\/\/willi-junker.de\/dachs\/?attachment_id=184\" data-orig-file=\"https:\/\/i0.wp.com\/willi-junker.de\/dachs\/wp-content\/uploads\/2011\/01\/8.jpg?fit=1024%2C576&amp;ssl=1\" data-orig-size=\"1024,576\" data-comments-opened=\"1\" data-image-meta=\"{&quot;aperture&quot;:&quot;3.3&quot;,&quot;credit&quot;:&quot;&quot;,&quot;camera&quot;:&quot;DMC-TZ10&quot;,&quot;caption&quot;:&quot;&quot;,&quot;created_timestamp&quot;:&quot;1296317813&quot;,&quot;copyright&quot;:&quot;&quot;,&quot;focal_length&quot;:&quot;4.1&quot;,&quot;iso&quot;:&quot;125&quot;,&quot;shutter_speed&quot;:&quot;0.01&quot;,&quot;title&quot;:&quot;&quot;}\" data-image-title=\"Baumf\u00e4llarbeiten\" data-image-description=\"\" data-image-caption=\"&lt;p&gt;Baumf\u00e4llarbeiten&lt;\/p&gt;\n\" data-large-file=\"https:\/\/i0.wp.com\/willi-junker.de\/dachs\/wp-content\/uploads\/2011\/01\/8.jpg?fit=500%2C281&amp;ssl=1\" class=\"size-full wp-image-184 \" title=\"Baumf\u00e4llarbeiten\" src=\"https:\/\/i0.wp.com\/willi-junker.de\/dachs\/wp-content\/uploads\/2011\/01\/8.jpg?resize=614%2C346&#038;ssl=1\" alt=\"Baumf\u00e4llarbeiten\" width=\"614\" height=\"346\" srcset=\"https:\/\/i0.wp.com\/willi-junker.de\/dachs\/wp-content\/uploads\/2011\/01\/8.jpg?w=1024&amp;ssl=1 1024w, https:\/\/i0.wp.com\/willi-junker.de\/dachs\/wp-content\/uploads\/2011\/01\/8.jpg?resize=300%2C168&amp;ssl=1 300w\" sizes=\"auto, (max-width: 614px) 100vw, 614px\" \/><\/a><p id=\"caption-attachment-184\" class=\"wp-caption-text\">Baumf\u00e4llarbeiten<\/p><\/div>\n<p>Die Graue-Kreuz-Loipe erreiche ich gegen 16:50 Uhr. Ab hier l\u00e4uft es sich normalerweise sehr schnell zur\u00fcck zum Parkplatz. Das erste St\u00fcck bis hinauf zum Steinger\u00fcttelkopf und hinab zur Stra\u00dfe geht auch ganz flott.<\/p>\n<div id=\"attachment_185\" style=\"width: 624px\" class=\"wp-caption alignnone\"><a rel=\"attachment wp-att-185\" href=\"https:\/\/willi-junker.de\/dachs\/?attachment_id=185\"><img data-recalc-dims=\"1\" loading=\"lazy\" decoding=\"async\" aria-describedby=\"caption-attachment-185\" data-attachment-id=\"185\" data-permalink=\"https:\/\/willi-junker.de\/dachs\/?attachment_id=185\" data-orig-file=\"https:\/\/i0.wp.com\/willi-junker.de\/dachs\/wp-content\/uploads\/2011\/01\/9.jpg?fit=1024%2C576&amp;ssl=1\" data-orig-size=\"1024,576\" data-comments-opened=\"1\" data-image-meta=\"{&quot;aperture&quot;:&quot;3.8&quot;,&quot;credit&quot;:&quot;&quot;,&quot;camera&quot;:&quot;DMC-TZ10&quot;,&quot;caption&quot;:&quot;&quot;,&quot;created_timestamp&quot;:&quot;1296319999&quot;,&quot;copyright&quot;:&quot;&quot;,&quot;focal_length&quot;:&quot;8.5&quot;,&quot;iso&quot;:&quot;80&quot;,&quot;shutter_speed&quot;:&quot;0.004&quot;,&quot;title&quot;:&quot;&quot;}\" data-image-title=\"Aufstieg zum Steinger\u00fcttelkopf\" data-image-description=\"\" data-image-caption=\"&lt;p&gt;Aufstieg zum Steinger\u00fcttelkopf&lt;\/p&gt;\n\" data-large-file=\"https:\/\/i0.wp.com\/willi-junker.de\/dachs\/wp-content\/uploads\/2011\/01\/9.jpg?fit=500%2C281&amp;ssl=1\" class=\"size-full wp-image-185  \" title=\"S\u00fcdanstieg zum Steinger\u00fcttelkopf\" src=\"https:\/\/i0.wp.com\/willi-junker.de\/dachs\/wp-content\/uploads\/2011\/01\/9.jpg?resize=614%2C346&#038;ssl=1\" alt=\"S\u00fcdanstieg zum Steinger\u00fcttelkopf\" width=\"614\" height=\"346\" srcset=\"https:\/\/i0.wp.com\/willi-junker.de\/dachs\/wp-content\/uploads\/2011\/01\/9.jpg?w=1024&amp;ssl=1 1024w, https:\/\/i0.wp.com\/willi-junker.de\/dachs\/wp-content\/uploads\/2011\/01\/9.jpg?resize=300%2C168&amp;ssl=1 300w\" sizes=\"auto, (max-width: 614px) 100vw, 614px\" \/><\/a><p id=\"caption-attachment-185\" class=\"wp-caption-text\">S\u00fcdanstieg zum Steinger\u00fcttelkopf<\/p><\/div>\n<p>Mit dem Erreichen der Stra\u00dfe wird es langsam dunkel. Leider sind auch hier Waldarbeiten zu gange und der Weg ist vom Schnee ger\u00e4umt. Es bleibt mir nichts anderes \u00fcbrig als die Skier auf den Arm zu nehmen und ca. 4 km zu Fu\u00df zu gehen. Zuerst hatte ich gehofft, der Schnee w\u00fcrde nur auf dem ersten St\u00fcck bis zur Stra\u00dfe Hellertshausen &#8211; Hinzerath fehlen. Leider geht das Ganze auch weiter bis zum Gipfel &#8222;An den zwei Steinen&#8220; Erst danach kann ich die Skier wieder dauerhaft anziehen. Schon seit einiger Zeit habe ich die Stirnlampe an, da es schon finster ist.<\/p>\n<p>Die letzten zwei Kilometer kann ich dann wieder auf der Loipe vom fr\u00fchen Morgen bis an mein Auto zur\u00fcck legen. Dieses erreiche ich kurz vor 18.30 Uhr.<\/p>\n<div id=\"attachment_186\" style=\"width: 624px\" class=\"wp-caption alignnone\"><a rel=\"attachment wp-att-186\" href=\"https:\/\/willi-junker.de\/dachs\/?attachment_id=186\"><img data-recalc-dims=\"1\" loading=\"lazy\" decoding=\"async\" aria-describedby=\"caption-attachment-186\" data-attachment-id=\"186\" data-permalink=\"https:\/\/willi-junker.de\/dachs\/?attachment_id=186\" data-orig-file=\"https:\/\/i0.wp.com\/willi-junker.de\/dachs\/wp-content\/uploads\/2011\/01\/9l.jpg?fit=1024%2C613&amp;ssl=1\" data-orig-size=\"1024,613\" data-comments-opened=\"1\" data-image-meta=\"{&quot;aperture&quot;:&quot;0&quot;,&quot;credit&quot;:&quot;&quot;,&quot;camera&quot;:&quot;HTC Desire&quot;,&quot;caption&quot;:&quot;&quot;,&quot;created_timestamp&quot;:&quot;1296325865&quot;,&quot;copyright&quot;:&quot;&quot;,&quot;focal_length&quot;:&quot;4.31&quot;,&quot;iso&quot;:&quot;253&quot;,&quot;shutter_speed&quot;:&quot;0&quot;,&quot;title&quot;:&quot;&quot;}\" data-image-title=\"Statistik\" data-image-description=\"\" data-image-caption=\"&lt;p&gt;Statistik&lt;\/p&gt;\n\" data-large-file=\"https:\/\/i0.wp.com\/willi-junker.de\/dachs\/wp-content\/uploads\/2011\/01\/9l.jpg?fit=500%2C299&amp;ssl=1\" class=\"size-full wp-image-186 \" title=\"Statistik\" src=\"https:\/\/i0.wp.com\/willi-junker.de\/dachs\/wp-content\/uploads\/2011\/01\/9l.jpg?resize=614%2C368&#038;ssl=1\" alt=\"Statistik\" width=\"614\" height=\"368\" srcset=\"https:\/\/i0.wp.com\/willi-junker.de\/dachs\/wp-content\/uploads\/2011\/01\/9l.jpg?w=1024&amp;ssl=1 1024w, https:\/\/i0.wp.com\/willi-junker.de\/dachs\/wp-content\/uploads\/2011\/01\/9l.jpg?resize=300%2C179&amp;ssl=1 300w\" sizes=\"auto, (max-width: 614px) 100vw, 614px\" \/><\/a><p id=\"caption-attachment-186\" class=\"wp-caption-text\">Statistik<\/p><\/div>\n<p>Nach ca. 10 Stunden, 44 km und 781 H\u00f6henmetern ist die Rundtour beendet. Wegen des starken Eisbruches im Dezember werden die Loipen in diesem Jahr wohl nicht mehr offiziell gespurt.<\/p>\n<div id=\"attachment_206\" style=\"width: 857px\" class=\"wp-caption alignnone\"><a rel=\"attachment wp-att-206\" href=\"https:\/\/willi-junker.de\/dachs\/?attachment_id=206\"><img data-recalc-dims=\"1\" loading=\"lazy\" decoding=\"async\" aria-describedby=\"caption-attachment-206\" data-attachment-id=\"206\" data-permalink=\"https:\/\/willi-junker.de\/dachs\/?attachment_id=206\" data-orig-file=\"https:\/\/i0.wp.com\/willi-junker.de\/dachs\/wp-content\/uploads\/2011\/01\/10.jpg?fit=1411%2C587&amp;ssl=1\" data-orig-size=\"1411,587\" data-comments-opened=\"1\" data-image-meta=\"{&quot;aperture&quot;:&quot;0&quot;,&quot;credit&quot;:&quot;&quot;,&quot;camera&quot;:&quot;&quot;,&quot;caption&quot;:&quot;&quot;,&quot;created_timestamp&quot;:&quot;0&quot;,&quot;copyright&quot;:&quot;&quot;,&quot;focal_length&quot;:&quot;0&quot;,&quot;iso&quot;:&quot;0&quot;,&quot;shutter_speed&quot;:&quot;0&quot;,&quot;title&quot;:&quot;&quot;}\" data-image-title=\"H\u00f6henprofil\" data-image-description=\"\" data-image-caption=\"&lt;p&gt;H\u00f6henprofil&lt;\/p&gt;\n\" data-large-file=\"https:\/\/i0.wp.com\/willi-junker.de\/dachs\/wp-content\/uploads\/2011\/01\/10.jpg?fit=500%2C208&amp;ssl=1\" class=\"size-full wp-image-206 \" title=\"H\u00f6henprofil\" src=\"https:\/\/i0.wp.com\/willi-junker.de\/dachs\/wp-content\/uploads\/2011\/01\/10.jpg?resize=640%2C266&#038;ssl=1\" alt=\"H\u00f6henprofil\" width=\"640\" height=\"266\" srcset=\"https:\/\/i0.wp.com\/willi-junker.de\/dachs\/wp-content\/uploads\/2011\/01\/10.jpg?w=1411&amp;ssl=1 1411w, https:\/\/i0.wp.com\/willi-junker.de\/dachs\/wp-content\/uploads\/2011\/01\/10.jpg?resize=300%2C124&amp;ssl=1 300w, https:\/\/i0.wp.com\/willi-junker.de\/dachs\/wp-content\/uploads\/2011\/01\/10.jpg?w=1280&amp;ssl=1 1280w\" sizes=\"auto, (max-width: 640px) 100vw, 640px\" \/><\/a><p id=\"caption-attachment-206\" class=\"wp-caption-text\">H\u00f6henprofil<\/p><\/div>\n","protected":false},"excerpt":{"rendered":"<p>Der Tag beginnt um 06.00 Uhr. Kurz nach 07.30 Uhr verlasse ich das Haus und um 08:30 Uhr stehe ich am kleinen Parkplatz zwischen Hochscheid und Stipshausen. Erst in der Kammlage liegt gerade gen\u00fcgend Schnee zum Skilanglauf. Hier beginnt die &hellip; <a href=\"https:\/\/willi-junker.de\/dachs\/?p=174\">Weiterlesen <span class=\"meta-nav\">&rarr;<\/span><\/a><\/p>\n","protected":false},"author":1,"featured_media":0,"comment_status":"open","ping_status":"open","sticky":false,"template":"","format":"standard","meta":{"_crdt_document":"","jetpack_post_was_ever_published":false,"_jetpack_newsletter_access":"","_jetpack_dont_email_post_to_subs":false,"_jetpack_newsletter_tier_id":0,"_jetpack_memberships_contains_paywalled_content":false,"_jetpack_memberships_contains_paid_content":false,"footnotes":"","jetpack_publicize_message":"","jetpack_publicize_feature_enabled":true,"jetpack_social_post_already_shared":false,"jetpack_social_options":{"image_generator_settings":{"template":"highway","default_image_id":0,"font":"","enabled":false},"version":2}},"categories":[3],"tags":[],"class_list":["post-174","post","type-post","status-publish","format-standard","hentry","category-touren"],"jetpack_publicize_connections":[],"jetpack_featured_media_url":"","jetpack_sharing_enabled":true,"jetpack_shortlink":"https:\/\/wp.me\/p73o9s-2O","jetpack-related-posts":[{"id":1190,"url":"https:\/\/willi-junker.de\/dachs\/?p=1190","url_meta":{"origin":174,"position":0},"title":"R\u00fcckweg","author":"Willi","date":"29.03.2013","format":false,"excerpt":"Gegen 12:30 Uhr geht es dann zur\u00fcck zum Parkplatz an der OK-H\u00fctte. Bis zum Einstieg in die Kahlheid-Loipe begegnet mir kein Mensch. So hab ich auch etwas Zeit um \u00f6sterliche Bilder zu machen. In Ermangelung von Ostereiern nehm ich ein paar M\u00fcsliriegel. Auf der Kahlheid-Loipe ist dann jetzt doch etwas\u2026","rel":"","context":"In &quot;Touren&quot;","block_context":{"text":"Touren","link":"https:\/\/willi-junker.de\/dachs\/?cat=3"},"img":{"alt_text":"Frohe Ostern","src":"https:\/\/i0.wp.com\/willi-junker.de\/dachs\/wp-content\/uploads\/2013\/03\/5-500x281.jpg?resize=350%2C200","width":350,"height":200},"classes":[]},{"id":68,"url":"https:\/\/willi-junker.de\/dachs\/?p=68","url_meta":{"origin":174,"position":1},"title":"Radtour um und auf den Idarkopf","author":"Willi","date":"24.10.2010","format":false,"excerpt":"Sonntag, 10.10.2010 Kurz vor 10.00 Uhr beginnt die Tour. \u00dcber Kirchberg, Woppenroth, Rhaunen, Hottenbach und Hellertshausen geht es hinauf auf den Kamm des Idarwaldes. Oben angekommen folge ich der Loipe hinauf zum Gipfel (An den zwei Steinen - 760m). Danach gehts hinab zur Stra\u00dfe von Stipshausen nach Hochscheid und dann\u2026","rel":"","context":"In &quot;Touren&quot;","block_context":{"text":"Touren","link":"https:\/\/willi-junker.de\/dachs\/?cat=3"},"img":{"alt_text":"","src":"https:\/\/i0.wp.com\/willi-junker.de\/dachs\/wp-content\/uploads\/2010\/10\/P07.jpg?resize=350%2C200","width":350,"height":200},"classes":[]},{"id":1143,"url":"https:\/\/willi-junker.de\/dachs\/?p=1143","url_meta":{"origin":174,"position":2},"title":"Wieder Erbeskopf","author":"Willi","date":"23.02.2013","format":false,"excerpt":"Bin heute Morgen um 08:30 Uhr vom Parkplatz am Idarkopf losgelaufen. Nach 20 km bin ich um 12 Uhr am Pilz zum Pils am Erbeskopf eingekehrt. Es schneit best\u00e4ndig und ist recht kalt. Der Schnee ist sehr stumpf und ich musste die Graue Kreuz wie auch die Schinderhannes-Loipe komplett selbst\u2026","rel":"","context":"In &quot;Touren&quot;","block_context":{"text":"Touren","link":"https:\/\/willi-junker.de\/dachs\/?cat=3"},"img":{"alt_text":"P1070544","src":"https:\/\/i0.wp.com\/willi-junker.de\/dachs\/wp-content\/uploads\/2013\/02\/P1070544-500x281.jpg?resize=350%2C200","width":350,"height":200},"classes":[]},{"id":1187,"url":"https:\/\/willi-junker.de\/dachs\/?p=1187","url_meta":{"origin":174,"position":3},"title":"Erbeskopf","author":"Willi","date":"29.03.2013","format":false,"excerpt":"Um ca. 11:30 Uhr erreiche ich \u00fcber die 8,4 km lange Hochwaldloipe den Fu\u00df des Erbeskopfes. Gleichzeitig kommt Familie Redfern an. Sie wollen heute den Hunsr\u00fccker Schnee genie\u00dfen. Ich versorge mich erstmal mit kalten und hei\u00dfen Getr\u00e4nken und einem kleinen Imbiss. Danach geht es zu Fu\u00df die Piste 2 hoch\u2026","rel":"","context":"In &quot;Touren&quot;","block_context":{"text":"Touren","link":"https:\/\/willi-junker.de\/dachs\/?cat=3"},"img":{"alt_text":"Piste 1 - Erbeskopf","src":"https:\/\/i0.wp.com\/willi-junker.de\/dachs\/wp-content\/uploads\/2013\/03\/3-500x281.jpg?resize=350%2C200","width":350,"height":200},"classes":[]},{"id":3806,"url":"https:\/\/willi-junker.de\/dachs\/?p=3806","url_meta":{"origin":174,"position":4},"title":"3. Skitag &#8211; Eine gro\u00dfe Rundtour","author":"Willi","date":"06.03.2017","format":false,"excerpt":"Heute Morgen geht es schon fr\u00fch los. Um 9 Uhr bin ich schon in Plan de Gralba. Weiter geht es durch die Steinerne Stadt und durch das Skigebiet von Canazei hinab nach Alba.\u00a0 \u00dcber Alba f\u00fchrt die Tour weiter ins Skigebiet Pozza Bufaure und hinab nach Pozza. Dort bin ich\u2026","rel":"","context":"In &quot;Touren&quot;","block_context":{"text":"Touren","link":"https:\/\/willi-junker.de\/dachs\/?cat=3"},"img":{"alt_text":"","src":"https:\/\/i0.wp.com\/willi-junker.de\/dachs\/wp-content\/uploads\/2017\/03\/wp-image-1771660300jpg.jpg?resize=350%2C200","width":350,"height":200,"srcset":"https:\/\/i0.wp.com\/willi-junker.de\/dachs\/wp-content\/uploads\/2017\/03\/wp-image-1771660300jpg.jpg?resize=350%2C200 1x, https:\/\/i0.wp.com\/willi-junker.de\/dachs\/wp-content\/uploads\/2017\/03\/wp-image-1771660300jpg.jpg?resize=525%2C300 1.5x, https:\/\/i0.wp.com\/willi-junker.de\/dachs\/wp-content\/uploads\/2017\/03\/wp-image-1771660300jpg.jpg?resize=700%2C400 2x"},"classes":[]},{"id":1112,"url":"https:\/\/willi-junker.de\/dachs\/?p=1112","url_meta":{"origin":174,"position":5},"title":"Skilanglauf &#8211; Nach 20 km ist der Erbeskopf erreicht","author":"Willi","date":"26.01.2013","format":false,"excerpt":"Bin heute Morgen um 8:30 Uhr am Idarkopf losgelaufen. Auf teils ungespurter Loipe bei gerade ausreichender Schneeh\u00f6he ging es recht anspruchsvoll immer der Kammlage entlang zum Erbeskopf. Unversch\u00e4mt ist, da\u00df auf ca 1 km B\u00e4ume frisch gef\u00e4llt wurden. Das hat mich bestimmt eine halbe Stunde gekostet. Au\u00dferdem wurden viele Schilder\u2026","rel":"","context":"In &quot;Touren&quot;","block_context":{"text":"Touren","link":"https:\/\/willi-junker.de\/dachs\/?cat=3"},"img":{"alt_text":"","src":"","width":0,"height":0},"classes":[]}],"_links":{"self":[{"href":"https:\/\/willi-junker.de\/dachs\/index.php?rest_route=\/wp\/v2\/posts\/174","targetHints":{"allow":["GET"]}}],"collection":[{"href":"https:\/\/willi-junker.de\/dachs\/index.php?rest_route=\/wp\/v2\/posts"}],"about":[{"href":"https:\/\/willi-junker.de\/dachs\/index.php?rest_route=\/wp\/v2\/types\/post"}],"author":[{"embeddable":true,"href":"https:\/\/willi-junker.de\/dachs\/index.php?rest_route=\/wp\/v2\/users\/1"}],"replies":[{"embeddable":true,"href":"https:\/\/willi-junker.de\/dachs\/index.php?rest_route=%2Fwp%2Fv2%2Fcomments&post=174"}],"version-history":[{"count":24,"href":"https:\/\/willi-junker.de\/dachs\/index.php?rest_route=\/wp\/v2\/posts\/174\/revisions"}],"predecessor-version":[{"id":176,"href":"https:\/\/willi-junker.de\/dachs\/index.php?rest_route=\/wp\/v2\/posts\/174\/revisions\/176"}],"wp:attachment":[{"href":"https:\/\/willi-junker.de\/dachs\/index.php?rest_route=%2Fwp%2Fv2%2Fmedia&parent=174"}],"wp:term":[{"taxonomy":"category","embeddable":true,"href":"https:\/\/willi-junker.de\/dachs\/index.php?rest_route=%2Fwp%2Fv2%2Fcategories&post=174"},{"taxonomy":"post_tag","embeddable":true,"href":"https:\/\/willi-junker.de\/dachs\/index.php?rest_route=%2Fwp%2Fv2%2Ftags&post=174"}],"curies":[{"name":"wp","href":"https:\/\/api.w.org\/{rel}","templated":true}]}}