{"id":1710,"date":"2014-08-25T18:35:00","date_gmt":"2014-08-25T16:35:00","guid":{"rendered":"http:\/\/willi-junker.de\/dachs\/?p=1710"},"modified":"2014-08-26T00:22:35","modified_gmt":"2014-08-25T22:22:35","slug":"1835-uhr-ziel-fast-erreicht","status":"publish","type":"post","link":"https:\/\/willi-junker.de\/dachs\/?p=1710","title":{"rendered":"18:35 Uhr &#8211; Ziel fast erreicht"},"content":{"rendered":"<p><a href=\"https:\/\/i0.wp.com\/willi-junker.de\/dachs\/wp-content\/uploads\/2014\/08\/wpid-IMAG06111.jpg?ssl=1\"><img data-recalc-dims=\"1\" decoding=\"async\" title=\"IMAG0611.jpg\" class=\"alignnone size-full\" alt=\"image\" src=\"https:\/\/i0.wp.com\/willi-junker.de\/dachs\/wp-content\/uploads\/2014\/08\/wpid-IMAG0611.jpg?w=640&#038;ssl=1\" \/><\/a><\/p>\n<p>Sitze 100 m \u00fcber Wolkenstein. Das Wetter ist mal wieder m\u00e4\u00dfig, aber zumindest bin ich nicht mehr am Frieren. Klimaerw\u00e4rmung hab ich mir anders vorgestellt. In den H\u00f6henlagen ist der Sommer komplett ausgefallen. Die 9 Meter Schnee vom Winter versperren noch einige Wege und Rinnen.<\/p>\n<p>Hab heute 1000 H\u00f6henmeter und gut 20 km gemacht. Auch der Nebel macht eine Wanderung durch die Scharten ziemlich interessant und teilweise gespenstig. Bilder folgen noch.<\/p>\n","protected":false},"excerpt":{"rendered":"<p>Sitze 100 m \u00fcber Wolkenstein. Das Wetter ist mal wieder m\u00e4\u00dfig, aber zumindest bin ich nicht mehr am Frieren. Klimaerw\u00e4rmung hab ich mir anders vorgestellt. In den H\u00f6henlagen ist der Sommer komplett ausgefallen. Die 9 Meter Schnee vom Winter versperren &hellip; <a href=\"https:\/\/willi-junker.de\/dachs\/?p=1710\">Weiterlesen <span class=\"meta-nav\">&rarr;<\/span><\/a><\/p>\n","protected":false},"author":1,"featured_media":0,"comment_status":"open","ping_status":"open","sticky":false,"template":"","format":"standard","meta":{"_crdt_document":"","jetpack_post_was_ever_published":false,"_jetpack_newsletter_access":"","_jetpack_dont_email_post_to_subs":false,"_jetpack_newsletter_tier_id":0,"_jetpack_memberships_contains_paywalled_content":false,"_jetpack_memberships_contains_paid_content":false,"footnotes":"","jetpack_publicize_message":"","jetpack_publicize_feature_enabled":true,"jetpack_social_post_already_shared":false,"jetpack_social_options":{"image_generator_settings":{"template":"highway","default_image_id":0,"font":"","enabled":false},"version":2}},"categories":[3],"tags":[],"class_list":["post-1710","post","type-post","status-publish","format-standard","hentry","category-touren"],"jetpack_publicize_connections":[],"jetpack_featured_media_url":"","jetpack_sharing_enabled":true,"jetpack_shortlink":"https:\/\/wp.me\/p73o9s-rA","jetpack-related-posts":[{"id":1364,"url":"https:\/\/willi-junker.de\/dachs\/?p=1364","url_meta":{"origin":1710,"position":0},"title":"Ein ruhiger Abschluss auf der Seceda","author":"Willi","date":"28.07.2013","format":false,"excerpt":"Heute bin ich gehen 9 Uhr mit dem Bus nach St. Ulrich und dann mit der Seilbahn hoch auf die Seceda. Es ist mal wieder einfach nur heiss. Oben bin ich langsam an der Abbruchkante zum Villn\u00f6sstal entlang gelaufen und dann hinab zur Trojer Alm. Dort hab ich dann bei\u2026","rel":"","context":"In &quot;Touren&quot;","block_context":{"text":"Touren","link":"https:\/\/willi-junker.de\/dachs\/?cat=3"},"img":{"alt_text":"","src":"","width":0,"height":0},"classes":[]},{"id":2496,"url":"https:\/\/willi-junker.de\/dachs\/?p=2496","url_meta":{"origin":1710,"position":1},"title":"21:00 Uhr &#8211; Hochheim am Main","author":"Willi","date":"30.06.2015","format":false,"excerpt":"Nach dem Verhauer vom Morgen musste ja auch heute Abend was schiefgehen. Wegen einer Baustelle und einer Sperrung bin ich bis R\u00fcsselsheim auf der falschen Mainseite gefahren. Das Problem bestand dann darin in Fl\u00f6rsheim die Mainseite zu wechseln. Das geht nur aus einer Richtung und die muss man erst mal\u2026","rel":"","context":"In &quot;Touren&quot;","block_context":{"text":"Touren","link":"https:\/\/willi-junker.de\/dachs\/?cat=3"},"img":{"alt_text":"","src":"","width":0,"height":0},"classes":[]},{"id":2622,"url":"https:\/\/willi-junker.de\/dachs\/?p=2622","url_meta":{"origin":1710,"position":2},"title":"16:00 Uhr &#8211; Baad im Kleinwalsertal","author":"Willi","date":"21.08.2015","format":false,"excerpt":"Der Abstieg von der Ochsenhofer Scharte kam mir zu pl\u00f6tzlich. Ich will die Landschaft noch l\u00e4nger genie\u00dfen. Au\u00dferdem bin ich gut eine Stunde vor meinem Zeitplan. So laufe ich noch r\u00fcber zum Starzeljoch. So kann ich noch runter ins Tal nach Schopperau gucken. Die Wiesenberge hier sind schon was Besonderes.\u2026","rel":"","context":"In &quot;Touren&quot;","block_context":{"text":"Touren","link":"https:\/\/willi-junker.de\/dachs\/?cat=3"},"img":{"alt_text":"","src":"","width":0,"height":0},"classes":[]},{"id":5217,"url":"https:\/\/willi-junker.de\/dachs\/?p=5217","url_meta":{"origin":1710,"position":3},"title":"Radtour nach Bad Sch\u00f6nborn \/ Tag 1 (K\u00f6nigsetappe)","author":"Willi","date":"18.07.2019","format":false,"excerpt":"Heute Morgen bin ich gegen vier Uhr aus den Federn gesprungen und um halb sechs hab ich das Rad abfahrbereit gemacht. Dann geht es im Morgengrauen los. \u00dcber Alterk\u00fclz geht es auf den Schinderhannesradweg und nach Simmern. Dann hinauf nach Holzbach und wieder hinab nach Tiefenbach. Hier werden die 10\u2026","rel":"","context":"In &quot;Touren&quot;","block_context":{"text":"Touren","link":"https:\/\/willi-junker.de\/dachs\/?cat=3"},"img":{"alt_text":"","src":"https:\/\/i0.wp.com\/willi-junker.de\/dachs\/wp-content\/uploads\/2019\/07\/20190718_0753291178164395.jpg?resize=350%2C200","width":350,"height":200,"srcset":"https:\/\/i0.wp.com\/willi-junker.de\/dachs\/wp-content\/uploads\/2019\/07\/20190718_0753291178164395.jpg?resize=350%2C200 1x, https:\/\/i0.wp.com\/willi-junker.de\/dachs\/wp-content\/uploads\/2019\/07\/20190718_0753291178164395.jpg?resize=525%2C300 1.5x, https:\/\/i0.wp.com\/willi-junker.de\/dachs\/wp-content\/uploads\/2019\/07\/20190718_0753291178164395.jpg?resize=700%2C400 2x, https:\/\/i0.wp.com\/willi-junker.de\/dachs\/wp-content\/uploads\/2019\/07\/20190718_0753291178164395.jpg?resize=1050%2C600 3x, https:\/\/i0.wp.com\/willi-junker.de\/dachs\/wp-content\/uploads\/2019\/07\/20190718_0753291178164395.jpg?resize=1400%2C800 4x"},"classes":[]},{"id":4453,"url":"https:\/\/willi-junker.de\/dachs\/?p=4453","url_meta":{"origin":1710,"position":4},"title":"Nochmals Marina di Modica","author":"Willi","date":"27.04.2018","format":false,"excerpt":"Heute wollte ich eigentlich Schwimmen. Seit letzten Nacht hat der Wind aber heftig zugelegt. Jetzt herrscht Sturm. Sch\u00f6ne Wellen, aber das Wasser ist saukalt. An den Knien ist Schluss. Ich habe die Str\u00e4nde absolut f\u00fcr mich alleine. Gegen Mittag sitze ich in Marina di Modica in einer Strandbar und genie\u00dfe\u2026","rel":"","context":"In &quot;Touren&quot;","block_context":{"text":"Touren","link":"https:\/\/willi-junker.de\/dachs\/?cat=3"},"img":{"alt_text":"","src":"https:\/\/i0.wp.com\/willi-junker.de\/dachs\/wp-content\/uploads\/2018\/04\/20180427_121419-576922089.jpg?resize=350%2C200","width":350,"height":200,"srcset":"https:\/\/i0.wp.com\/willi-junker.de\/dachs\/wp-content\/uploads\/2018\/04\/20180427_121419-576922089.jpg?resize=350%2C200 1x, https:\/\/i0.wp.com\/willi-junker.de\/dachs\/wp-content\/uploads\/2018\/04\/20180427_121419-576922089.jpg?resize=525%2C300 1.5x, https:\/\/i0.wp.com\/willi-junker.de\/dachs\/wp-content\/uploads\/2018\/04\/20180427_121419-576922089.jpg?resize=700%2C400 2x, https:\/\/i0.wp.com\/willi-junker.de\/dachs\/wp-content\/uploads\/2018\/04\/20180427_121419-576922089.jpg?resize=1050%2C600 3x, https:\/\/i0.wp.com\/willi-junker.de\/dachs\/wp-content\/uploads\/2018\/04\/20180427_121419-576922089.jpg?resize=1400%2C800 4x"},"classes":[]},{"id":4153,"url":"https:\/\/willi-junker.de\/dachs\/?p=4153","url_meta":{"origin":1710,"position":5},"title":"Tag 8 &#8211; Umrundung Langkofelstock","author":"Willi","date":"25.07.2017","format":false,"excerpt":"Heute gibt es um 07:15 Uhr Fr\u00fchst\u00fcck. Abmarsch ist um 08:10 Uhr. Um 08:26 Uhr steigen wir in den total \u00fcberf\u00fcllten Bus zum Sellapass. Beinahe waren auch nur 50% von uns in den Bus gekommen. Es ist saukalt, aber sonnig. Der Rest der Familie f\u00e4hrt vom Sella-Joch mit dem Lift\u2026","rel":"","context":"In &quot;Touren&quot;","block_context":{"text":"Touren","link":"https:\/\/willi-junker.de\/dachs\/?cat=3"},"img":{"alt_text":"","src":"https:\/\/i0.wp.com\/willi-junker.de\/dachs\/wp-content\/uploads\/2017\/07\/wp-image-1084737681.jpg?resize=350%2C200","width":350,"height":200,"srcset":"https:\/\/i0.wp.com\/willi-junker.de\/dachs\/wp-content\/uploads\/2017\/07\/wp-image-1084737681.jpg?resize=350%2C200 1x, https:\/\/i0.wp.com\/willi-junker.de\/dachs\/wp-content\/uploads\/2017\/07\/wp-image-1084737681.jpg?resize=525%2C300 1.5x, https:\/\/i0.wp.com\/willi-junker.de\/dachs\/wp-content\/uploads\/2017\/07\/wp-image-1084737681.jpg?resize=700%2C400 2x, https:\/\/i0.wp.com\/willi-junker.de\/dachs\/wp-content\/uploads\/2017\/07\/wp-image-1084737681.jpg?resize=1050%2C600 3x, https:\/\/i0.wp.com\/willi-junker.de\/dachs\/wp-content\/uploads\/2017\/07\/wp-image-1084737681.jpg?resize=1400%2C800 4x"},"classes":[]}],"_links":{"self":[{"href":"https:\/\/willi-junker.de\/dachs\/index.php?rest_route=\/wp\/v2\/posts\/1710","targetHints":{"allow":["GET"]}}],"collection":[{"href":"https:\/\/willi-junker.de\/dachs\/index.php?rest_route=\/wp\/v2\/posts"}],"about":[{"href":"https:\/\/willi-junker.de\/dachs\/index.php?rest_route=\/wp\/v2\/types\/post"}],"author":[{"embeddable":true,"href":"https:\/\/willi-junker.de\/dachs\/index.php?rest_route=\/wp\/v2\/users\/1"}],"replies":[{"embeddable":true,"href":"https:\/\/willi-junker.de\/dachs\/index.php?rest_route=%2Fwp%2Fv2%2Fcomments&post=1710"}],"version-history":[{"count":1,"href":"https:\/\/willi-junker.de\/dachs\/index.php?rest_route=\/wp\/v2\/posts\/1710\/revisions"}],"predecessor-version":[{"id":1711,"href":"https:\/\/willi-junker.de\/dachs\/index.php?rest_route=\/wp\/v2\/posts\/1710\/revisions\/1711"}],"wp:attachment":[{"href":"https:\/\/willi-junker.de\/dachs\/index.php?rest_route=%2Fwp%2Fv2%2Fmedia&parent=1710"}],"wp:term":[{"taxonomy":"category","embeddable":true,"href":"https:\/\/willi-junker.de\/dachs\/index.php?rest_route=%2Fwp%2Fv2%2Fcategories&post=1710"},{"taxonomy":"post_tag","embeddable":true,"href":"https:\/\/willi-junker.de\/dachs\/index.php?rest_route=%2Fwp%2Fv2%2Ftags&post=1710"}],"curies":[{"name":"wp","href":"https:\/\/api.w.org\/{rel}","templated":true}]}}