{"id":1704,"date":"2014-08-25T13:30:00","date_gmt":"2014-08-25T11:30:00","guid":{"rendered":"http:\/\/willi-junker.de\/dachs\/?p=1704"},"modified":"2014-08-25T22:07:44","modified_gmt":"2014-08-25T20:07:44","slug":"1320-uhr-puezhuette","status":"publish","type":"post","link":"https:\/\/willi-junker.de\/dachs\/?p=1704","title":{"rendered":"13:20 Uhr Puezh\u00fctte"},"content":{"rendered":"<p>Es ist sonnig und ziemlich kalt. Die H\u00fctte ist voll und ich hole mir am Besteck fast Frostbeulen. Langsam zieht es zu und die verschneite Sella verschwindet im Nebel.<br \/>\n<a href=\"https:\/\/i0.wp.com\/willi-junker.de\/dachs\/wp-content\/uploads\/2014\/08\/wpid-wp-1408996703954.jpeg?ssl=1\"><img data-recalc-dims=\"1\" decoding=\"async\" title=\"wp-1408996703954\" class=\"alignnone size-full\" alt=\"image\" src=\"https:\/\/i0.wp.com\/willi-junker.de\/dachs\/wp-content\/uploads\/2014\/08\/wpid-wp-1408996703954.jpeg?w=640&#038;ssl=1\" \/><\/a> <\/p>\n<p>Mittlerweile habe ich alle mir zur Verf\u00fcgung stehenden Klamotten angezogen und verlasse kurz nach dem Essen diesen heute doch sehr ungastlichen Ort.<\/p>\n","protected":false},"excerpt":{"rendered":"<p>Es ist sonnig und ziemlich kalt. Die H\u00fctte ist voll und ich hole mir am Besteck fast Frostbeulen. Langsam zieht es zu und die verschneite Sella verschwindet im Nebel. Mittlerweile habe ich alle mir zur Verf\u00fcgung stehenden Klamotten angezogen und &hellip; <a href=\"https:\/\/willi-junker.de\/dachs\/?p=1704\">Weiterlesen <span class=\"meta-nav\">&rarr;<\/span><\/a><\/p>\n","protected":false},"author":1,"featured_media":0,"comment_status":"open","ping_status":"open","sticky":false,"template":"","format":"standard","meta":{"_crdt_document":"","jetpack_post_was_ever_published":false,"_jetpack_newsletter_access":"","_jetpack_dont_email_post_to_subs":false,"_jetpack_newsletter_tier_id":0,"_jetpack_memberships_contains_paywalled_content":false,"_jetpack_memberships_contains_paid_content":false,"footnotes":"","jetpack_publicize_message":"","jetpack_publicize_feature_enabled":true,"jetpack_social_post_already_shared":false,"jetpack_social_options":{"image_generator_settings":{"template":"highway","default_image_id":0,"font":"","enabled":false},"version":2}},"categories":[3],"tags":[],"class_list":["post-1704","post","type-post","status-publish","format-standard","hentry","category-touren"],"jetpack_publicize_connections":[],"jetpack_featured_media_url":"","jetpack_sharing_enabled":true,"jetpack_shortlink":"https:\/\/wp.me\/p73o9s-ru","jetpack-related-posts":[{"id":5626,"url":"https:\/\/willi-junker.de\/dachs\/?p=5626","url_meta":{"origin":1704,"position":0},"title":"Etappe 1 &#8211; Radtour nach Bad Mingolsheim","author":"Willi","date":"17.04.2024","format":false,"excerpt":"Heute Morgen beginnt meine k\u00fchle Radtour nach Bad Mingolsheim. Ich habe extra noch eine Stunde l\u00e4nger gewartet bis zum Losfahren, aber die Temperatur liegt noch immer bei drei Grad. Die Sonne blinzelt durch die Wolken. Also packe ich mein Fahrrad und los geht es. Die Route ist mir bekannt. 2019\u2026","rel":"","context":"In &quot;Touren&quot;","block_context":{"text":"Touren","link":"https:\/\/willi-junker.de\/dachs\/?cat=3"},"img":{"alt_text":"","src":"https:\/\/i0.wp.com\/willi-junker.de\/dachs\/wp-content\/uploads\/2024\/04\/img_20240417_092532_hdr2396000828602827369.jpg?resize=350%2C200&ssl=1","width":350,"height":200,"srcset":"https:\/\/i0.wp.com\/willi-junker.de\/dachs\/wp-content\/uploads\/2024\/04\/img_20240417_092532_hdr2396000828602827369.jpg?resize=350%2C200&ssl=1 1x, https:\/\/i0.wp.com\/willi-junker.de\/dachs\/wp-content\/uploads\/2024\/04\/img_20240417_092532_hdr2396000828602827369.jpg?resize=525%2C300&ssl=1 1.5x, https:\/\/i0.wp.com\/willi-junker.de\/dachs\/wp-content\/uploads\/2024\/04\/img_20240417_092532_hdr2396000828602827369.jpg?resize=700%2C400&ssl=1 2x, https:\/\/i0.wp.com\/willi-junker.de\/dachs\/wp-content\/uploads\/2024\/04\/img_20240417_092532_hdr2396000828602827369.jpg?resize=1050%2C600&ssl=1 3x, https:\/\/i0.wp.com\/willi-junker.de\/dachs\/wp-content\/uploads\/2024\/04\/img_20240417_092532_hdr2396000828602827369.jpg?resize=1400%2C800&ssl=1 4x"},"classes":[]},{"id":5217,"url":"https:\/\/willi-junker.de\/dachs\/?p=5217","url_meta":{"origin":1704,"position":1},"title":"Radtour nach Bad Sch\u00f6nborn \/ Tag 1 (K\u00f6nigsetappe)","author":"Willi","date":"18.07.2019","format":false,"excerpt":"Heute Morgen bin ich gegen vier Uhr aus den Federn gesprungen und um halb sechs hab ich das Rad abfahrbereit gemacht. Dann geht es im Morgengrauen los. \u00dcber Alterk\u00fclz geht es auf den Schinderhannesradweg und nach Simmern. Dann hinauf nach Holzbach und wieder hinab nach Tiefenbach. Hier werden die 10\u2026","rel":"","context":"In &quot;Touren&quot;","block_context":{"text":"Touren","link":"https:\/\/willi-junker.de\/dachs\/?cat=3"},"img":{"alt_text":"","src":"https:\/\/i0.wp.com\/willi-junker.de\/dachs\/wp-content\/uploads\/2019\/07\/20190718_0753291178164395.jpg?resize=350%2C200","width":350,"height":200,"srcset":"https:\/\/i0.wp.com\/willi-junker.de\/dachs\/wp-content\/uploads\/2019\/07\/20190718_0753291178164395.jpg?resize=350%2C200 1x, https:\/\/i0.wp.com\/willi-junker.de\/dachs\/wp-content\/uploads\/2019\/07\/20190718_0753291178164395.jpg?resize=525%2C300 1.5x, https:\/\/i0.wp.com\/willi-junker.de\/dachs\/wp-content\/uploads\/2019\/07\/20190718_0753291178164395.jpg?resize=700%2C400 2x, https:\/\/i0.wp.com\/willi-junker.de\/dachs\/wp-content\/uploads\/2019\/07\/20190718_0753291178164395.jpg?resize=1050%2C600 3x, https:\/\/i0.wp.com\/willi-junker.de\/dachs\/wp-content\/uploads\/2019\/07\/20190718_0753291178164395.jpg?resize=1400%2C800 4x"},"classes":[]},{"id":1895,"url":"https:\/\/willi-junker.de\/dachs\/?p=1895","url_meta":{"origin":1704,"position":2},"title":"Teide","author":"Willi","date":"08.10.2014","format":false,"excerpt":"Um 09:00 Uhr bekomme ich die Autoschl\u00fcssel, dann geht es los. Ich nehme den direkten Weg \u00fcber Vilaflor zur Caldera in weit \u00fcber 2.000m H\u00f6he. Die Sicht ist phantastisch, kein W\u00f6lkchen tr\u00fcbt den Himmel. Es gibt viele interessante Haltepunkte, mal mit schwarzer, mal mit roter Lava und bizarre Felsformationen. Um\u2026","rel":"","context":"In &quot;Touren&quot;","block_context":{"text":"Touren","link":"https:\/\/willi-junker.de\/dachs\/?cat=3"},"img":{"alt_text":"","src":"","width":0,"height":0},"classes":[]},{"id":4105,"url":"https:\/\/willi-junker.de\/dachs\/?p=4105","url_meta":{"origin":1704,"position":3},"title":"H\u00fcttenwanderung &#8211; Tag 5","author":"Willi","date":"22.07.2017","format":false,"excerpt":"In der Nacht gewittert es noch mehrfach. Besonders heftig ist es gegen vier Uhr. Wie jeden Tag bin ich auch heute um sechs Uhr munter und um halb sieben drehe ich bei leichtem Regen eine Runde um die H\u00fctte. Ich bin mir nicht sicher, ob ich direkt nach dem Fr\u00fchst\u00fcck\u2026","rel":"","context":"In &quot;Touren&quot;","block_context":{"text":"Touren","link":"https:\/\/willi-junker.de\/dachs\/?cat=3"},"img":{"alt_text":"","src":"https:\/\/i0.wp.com\/willi-junker.de\/dachs\/wp-content\/uploads\/2017\/07\/wp-image-2136841590.jpg?resize=350%2C200","width":350,"height":200,"srcset":"https:\/\/i0.wp.com\/willi-junker.de\/dachs\/wp-content\/uploads\/2017\/07\/wp-image-2136841590.jpg?resize=350%2C200 1x, https:\/\/i0.wp.com\/willi-junker.de\/dachs\/wp-content\/uploads\/2017\/07\/wp-image-2136841590.jpg?resize=525%2C300 1.5x, https:\/\/i0.wp.com\/willi-junker.de\/dachs\/wp-content\/uploads\/2017\/07\/wp-image-2136841590.jpg?resize=700%2C400 2x, https:\/\/i0.wp.com\/willi-junker.de\/dachs\/wp-content\/uploads\/2017\/07\/wp-image-2136841590.jpg?resize=1050%2C600 3x, https:\/\/i0.wp.com\/willi-junker.de\/dachs\/wp-content\/uploads\/2017\/07\/wp-image-2136841590.jpg?resize=1400%2C800 4x"},"classes":[]},{"id":3784,"url":"https:\/\/willi-junker.de\/dachs\/?p=3784","url_meta":{"origin":1704,"position":4},"title":"1. Skitag &#8211; Alta Badia","author":"Willi","date":"04.03.2017","format":false,"excerpt":"Das Wetter ist recht angenehm. Nach dem Fr\u00fchst\u00fcck beziehe ich das Zimmer und dann geht es gleich auf die Piste. Die Dantercepi\u00ebs hoch und dann r\u00fcber bis Armentarola und weiter \u00fcber die Gran Risa bis hinunter nach Sompunt.\u00a0 Dann spielt leider das Wetter nicht mehr mit. Es ist st\u00fcrmisch und\u2026","rel":"","context":"In &quot;Touren&quot;","block_context":{"text":"Touren","link":"https:\/\/willi-junker.de\/dachs\/?cat=3"},"img":{"alt_text":"","src":"https:\/\/i0.wp.com\/willi-junker.de\/dachs\/wp-content\/uploads\/2017\/03\/wp-image-945416960jpg.jpg?resize=350%2C200","width":350,"height":200,"srcset":"https:\/\/i0.wp.com\/willi-junker.de\/dachs\/wp-content\/uploads\/2017\/03\/wp-image-945416960jpg.jpg?resize=350%2C200 1x, https:\/\/i0.wp.com\/willi-junker.de\/dachs\/wp-content\/uploads\/2017\/03\/wp-image-945416960jpg.jpg?resize=525%2C300 1.5x, https:\/\/i0.wp.com\/willi-junker.de\/dachs\/wp-content\/uploads\/2017\/03\/wp-image-945416960jpg.jpg?resize=700%2C400 2x"},"classes":[]},{"id":1298,"url":"https:\/\/willi-junker.de\/dachs\/?p=1298","url_meta":{"origin":1704,"position":5},"title":"Weiter in Richtung S\u00fcdtirol","author":"Willi","date":"19.07.2013","format":false,"excerpt":"Kurz nach 9 Uhr starte ich bei Sonnenschein und schw\u00fclem Wetter in Richtung Gsieser T\u00f6rl. Der Weg ist steil und kaum begangen. \u00dcber 1850 Metern verlasse ich die Baumgrenze und laufe in einem einsamen Hochtal. Von einem Weg kann jetzt nicht mehr gesprochen werden. Es folgen hochmoorartige Fl\u00e4chen und das\u2026","rel":"","context":"In &quot;Touren&quot;","block_context":{"text":"Touren","link":"https:\/\/willi-junker.de\/dachs\/?cat=3"},"img":{"alt_text":"","src":"","width":0,"height":0},"classes":[]}],"_links":{"self":[{"href":"https:\/\/willi-junker.de\/dachs\/index.php?rest_route=\/wp\/v2\/posts\/1704","targetHints":{"allow":["GET"]}}],"collection":[{"href":"https:\/\/willi-junker.de\/dachs\/index.php?rest_route=\/wp\/v2\/posts"}],"about":[{"href":"https:\/\/willi-junker.de\/dachs\/index.php?rest_route=\/wp\/v2\/types\/post"}],"author":[{"embeddable":true,"href":"https:\/\/willi-junker.de\/dachs\/index.php?rest_route=\/wp\/v2\/users\/1"}],"replies":[{"embeddable":true,"href":"https:\/\/willi-junker.de\/dachs\/index.php?rest_route=%2Fwp%2Fv2%2Fcomments&post=1704"}],"version-history":[{"count":2,"href":"https:\/\/willi-junker.de\/dachs\/index.php?rest_route=\/wp\/v2\/posts\/1704\/revisions"}],"predecessor-version":[{"id":1714,"href":"https:\/\/willi-junker.de\/dachs\/index.php?rest_route=\/wp\/v2\/posts\/1704\/revisions\/1714"}],"wp:attachment":[{"href":"https:\/\/willi-junker.de\/dachs\/index.php?rest_route=%2Fwp%2Fv2%2Fmedia&parent=1704"}],"wp:term":[{"taxonomy":"category","embeddable":true,"href":"https:\/\/willi-junker.de\/dachs\/index.php?rest_route=%2Fwp%2Fv2%2Fcategories&post=1704"},{"taxonomy":"post_tag","embeddable":true,"href":"https:\/\/willi-junker.de\/dachs\/index.php?rest_route=%2Fwp%2Fv2%2Ftags&post=1704"}],"curies":[{"name":"wp","href":"https:\/\/api.w.org\/{rel}","templated":true}]}}