{"id":1699,"date":"2014-08-25T11:50:00","date_gmt":"2014-08-25T09:50:00","guid":{"rendered":"http:\/\/willi-junker.de\/dachs\/?p=1699"},"modified":"2014-08-25T21:56:55","modified_gmt":"2014-08-25T19:56:55","slug":"gipfel-piz-ciampac","status":"publish","type":"post","link":"https:\/\/willi-junker.de\/dachs\/?p=1699","title":{"rendered":"11:35 Uhr &#8211; Gipfel Piz Ciampac"},"content":{"rendered":"<p><a href=\"https:\/\/i0.wp.com\/willi-junker.de\/dachs\/wp-content\/uploads\/2014\/08\/wpid-IMAG06091.jpg?ssl=1\"><img data-recalc-dims=\"1\" decoding=\"async\" title=\"IMAG0609.jpg\" class=\"alignnone size-full\" alt=\"image\" src=\"https:\/\/i0.wp.com\/willi-junker.de\/dachs\/wp-content\/uploads\/2014\/08\/wpid-IMAG0609.jpg?w=640&#038;ssl=1\" \/><\/a><\/p>\n<p>Nach 1,5 Stunden sitze ich ziemlich einsam auf dem Gipfel. Hier hoch l\u00e4uft fast niemand. Eine kleine Gruppe folgt mir noch. Bin 2.675 m hoch, gut 1000m \u00fcber Corvara.<\/p>\n<p><a href=\"https:\/\/i0.wp.com\/willi-junker.de\/dachs\/wp-content\/uploads\/2014\/08\/wpid-IMAG06101.jpg?ssl=1\"><img data-recalc-dims=\"1\" decoding=\"async\" title=\"IMAG0610.jpg\" class=\"alignnone size-full\" alt=\"image\" src=\"https:\/\/i0.wp.com\/willi-junker.de\/dachs\/wp-content\/uploads\/2014\/08\/wpid-IMAG0610.jpg?w=640&#038;ssl=1\" \/><\/a><\/p>\n","protected":false},"excerpt":{"rendered":"<p>Nach 1,5 Stunden sitze ich ziemlich einsam auf dem Gipfel. Hier hoch l\u00e4uft fast niemand. Eine kleine Gruppe folgt mir noch. Bin 2.675 m hoch, gut 1000m \u00fcber Corvara.<\/p>\n","protected":false},"author":1,"featured_media":0,"comment_status":"open","ping_status":"open","sticky":false,"template":"","format":"standard","meta":{"_crdt_document":"","jetpack_post_was_ever_published":false,"_jetpack_newsletter_access":"","_jetpack_dont_email_post_to_subs":false,"_jetpack_newsletter_tier_id":0,"_jetpack_memberships_contains_paywalled_content":false,"_jetpack_memberships_contains_paid_content":false,"footnotes":"","jetpack_publicize_message":"","jetpack_publicize_feature_enabled":true,"jetpack_social_post_already_shared":false,"jetpack_social_options":{"image_generator_settings":{"template":"highway","default_image_id":0,"font":"","enabled":false},"version":2}},"categories":[3],"tags":[],"class_list":["post-1699","post","type-post","status-publish","format-standard","hentry","category-touren"],"jetpack_publicize_connections":[],"jetpack_featured_media_url":"","jetpack_sharing_enabled":true,"jetpack_shortlink":"https:\/\/wp.me\/p73o9s-rp","jetpack-related-posts":[{"id":1901,"url":"https:\/\/willi-junker.de\/dachs\/?p=1901","url_meta":{"origin":1699,"position":0},"title":"Bimsw\u00fcste","author":"Willi","date":"08.10.2014","format":false,"excerpt":"Ich fahre weiter in Richtung Nordosten. Die Landschaft wird immer wilder. Diverse Lavastr\u00f6me kreuzen die Stra\u00dfe und mittendrin eine riesige Bimsw\u00fcste. Die NASA testet hier verschiedene Ger\u00e4tschaften. Ich fahre bis an den nord\u00f6stlichen Rand der Caldera. Wie hoch mag der urspr\u00fcngliche Gipfel mal gewesen sein. Mit Sicherheit weit \u00fcber 5.000m.\u2026","rel":"","context":"In &quot;Touren&quot;","block_context":{"text":"Touren","link":"https:\/\/willi-junker.de\/dachs\/?cat=3"},"img":{"alt_text":"","src":"","width":0,"height":0},"classes":[]},{"id":3357,"url":"https:\/\/willi-junker.de\/dachs\/?p=3357","url_meta":{"origin":1699,"position":1},"title":"16:30 Uhr &#8211; H\u00f6chen &#8211; H\u00f6cherberghaus","author":"Willi","date":"22.06.2016","format":false,"excerpt":"Sitze auf einer Bergkuppe. War ganz sch\u00f6n steil hier hoch. Bin der einzige Gast im Haus. Drau\u00dfen ist aber noch einiges los. Bin von Lauterecken weiter dem Glan und dem gleichnamigen Radweg\u00a0 gefolgt. Ab Waldmohr dann dem Glan-Blies-Radweg und sp\u00e4ter dem Saarland-Rundweg. Ab J\u00e4gersburg wurde es dann anstrengend. \u00dcber verwunschene\u2026","rel":"","context":"In &quot;Touren&quot;","block_context":{"text":"Touren","link":"https:\/\/willi-junker.de\/dachs\/?cat=3"},"img":{"alt_text":"","src":"","width":0,"height":0},"classes":[]},{"id":4043,"url":"https:\/\/willi-junker.de\/dachs\/?p=4043","url_meta":{"origin":1699,"position":2},"title":"H\u00fcttenwanderung- Tag 3","author":"Willi","date":"20.07.2017","format":false,"excerpt":"Heute Morgen war ich schon um f\u00fcnf Uhr munter. Bewegen durfte ich mich aber nicht. Die Federn in meinem Bett veranstalten einen H\u00f6llenl\u00e4rm. In meinem Lager, Lager Nr. 1, waren noch drei Mitschl\u00e4fer von zehn m\u00f6glichen. Von daher schon einmal sehr angenehm. Um sechs bin ich dann trotzdem\u00a0raus. Ganz optimal\u2026","rel":"","context":"In &quot;Touren&quot;","block_context":{"text":"Touren","link":"https:\/\/willi-junker.de\/dachs\/?cat=3"},"img":{"alt_text":"","src":"https:\/\/i0.wp.com\/willi-junker.de\/dachs\/wp-content\/uploads\/2017\/07\/wp-image-1057376015.jpg?resize=350%2C200","width":350,"height":200,"srcset":"https:\/\/i0.wp.com\/willi-junker.de\/dachs\/wp-content\/uploads\/2017\/07\/wp-image-1057376015.jpg?resize=350%2C200 1x, https:\/\/i0.wp.com\/willi-junker.de\/dachs\/wp-content\/uploads\/2017\/07\/wp-image-1057376015.jpg?resize=525%2C300 1.5x, https:\/\/i0.wp.com\/willi-junker.de\/dachs\/wp-content\/uploads\/2017\/07\/wp-image-1057376015.jpg?resize=700%2C400 2x, https:\/\/i0.wp.com\/willi-junker.de\/dachs\/wp-content\/uploads\/2017\/07\/wp-image-1057376015.jpg?resize=1050%2C600 3x, https:\/\/i0.wp.com\/willi-junker.de\/dachs\/wp-content\/uploads\/2017\/07\/wp-image-1057376015.jpg?resize=1400%2C800 4x"},"classes":[]},{"id":975,"url":"https:\/\/willi-junker.de\/dachs\/?p=975","url_meta":{"origin":1699,"position":3},"title":"Puezh\u00fctte und \u00dcbersteigung Col de la Pieres","author":"Willi","date":"07.07.2012","format":false,"excerpt":"Heute haben wir nochmals eine richtig gro\u00dfe Runde gemacht. Mit dem Lift ging es hoch auf das Gr\u00f6dner Joch. Ab dann den Rest zu Fu\u00df. Kurz nach 10:00 Uhr sind wir an der Jimmy-H\u00fctte. Kurz dahinter ist der Einstieg in den Fernwanderweg 2. Es geht hoch zum Cirjoch und weiter\u2026","rel":"","context":"In &quot;Touren&quot;","block_context":{"text":"Touren","link":"https:\/\/willi-junker.de\/dachs\/?cat=3"},"img":{"alt_text":"","src":"","width":0,"height":0},"classes":[]},{"id":2815,"url":"https:\/\/willi-junker.de\/dachs\/?p=2815","url_meta":{"origin":1699,"position":4},"title":"16:00 Uhr &#8211; Gipfel Pic-Berg","author":"Willi","date":"29.08.2015","format":false,"excerpt":"Nur H\u00fctten heute war mir dann doch etwas langweilig. Sitze seit einer halben Stunde mit einer kleinen Wandergruppe auf dem Gipfel.","rel":"","context":"In &quot;Touren&quot;","block_context":{"text":"Touren","link":"https:\/\/willi-junker.de\/dachs\/?cat=3"},"img":{"alt_text":"","src":"","width":0,"height":0},"classes":[]},{"id":2827,"url":"https:\/\/willi-junker.de\/dachs\/?p=2827","url_meta":{"origin":1699,"position":5},"title":"12:15 Uhr &#8211; Boe-Gipfel","author":"Willi","date":"30.08.2015","format":false,"excerpt":"Ich sitze jetzt dort oben auf dem Gipfel und genie\u00dfe die \u00fcberragende Aussicht. Es ist ein Traum. Der Aufstieg vom Pordoi war ganz ordentlich, gut 3 Stunden.","rel":"","context":"In &quot;Touren&quot;","block_context":{"text":"Touren","link":"https:\/\/willi-junker.de\/dachs\/?cat=3"},"img":{"alt_text":"","src":"","width":0,"height":0},"classes":[]}],"_links":{"self":[{"href":"https:\/\/willi-junker.de\/dachs\/index.php?rest_route=\/wp\/v2\/posts\/1699","targetHints":{"allow":["GET"]}}],"collection":[{"href":"https:\/\/willi-junker.de\/dachs\/index.php?rest_route=\/wp\/v2\/posts"}],"about":[{"href":"https:\/\/willi-junker.de\/dachs\/index.php?rest_route=\/wp\/v2\/types\/post"}],"author":[{"embeddable":true,"href":"https:\/\/willi-junker.de\/dachs\/index.php?rest_route=\/wp\/v2\/users\/1"}],"replies":[{"embeddable":true,"href":"https:\/\/willi-junker.de\/dachs\/index.php?rest_route=%2Fwp%2Fv2%2Fcomments&post=1699"}],"version-history":[{"count":3,"href":"https:\/\/willi-junker.de\/dachs\/index.php?rest_route=\/wp\/v2\/posts\/1699\/revisions"}],"predecessor-version":[{"id":1712,"href":"https:\/\/willi-junker.de\/dachs\/index.php?rest_route=\/wp\/v2\/posts\/1699\/revisions\/1712"}],"wp:attachment":[{"href":"https:\/\/willi-junker.de\/dachs\/index.php?rest_route=%2Fwp%2Fv2%2Fmedia&parent=1699"}],"wp:term":[{"taxonomy":"category","embeddable":true,"href":"https:\/\/willi-junker.de\/dachs\/index.php?rest_route=%2Fwp%2Fv2%2Fcategories&post=1699"},{"taxonomy":"post_tag","embeddable":true,"href":"https:\/\/willi-junker.de\/dachs\/index.php?rest_route=%2Fwp%2Fv2%2Ftags&post=1699"}],"curies":[{"name":"wp","href":"https:\/\/api.w.org\/{rel}","templated":true}]}}