{"id":1678,"date":"2014-08-24T14:13:16","date_gmt":"2014-08-24T12:13:16","guid":{"rendered":"http:\/\/willi-junker.de\/dachs\/?p=1678"},"modified":"2014-08-24T14:13:16","modified_gmt":"2014-08-24T12:13:16","slug":"heiligkreuz-gipfel-erreicht","status":"publish","type":"post","link":"https:\/\/willi-junker.de\/dachs\/?p=1678","title":{"rendered":"Heiligkreuz &#8211; Gipfel erreicht"},"content":{"rendered":"<p><a href=\"https:\/\/i0.wp.com\/willi-junker.de\/dachs\/wp-content\/uploads\/2014\/08\/wpid-IMAG06071.jpg?ssl=1\"><img data-recalc-dims=\"1\" decoding=\"async\" title=\"IMAG0607.jpg\" class=\"alignnone size-full\" alt=\"image\" src=\"https:\/\/i0.wp.com\/willi-junker.de\/dachs\/wp-content\/uploads\/2014\/08\/wpid-IMAG0607.jpg?w=640&#038;ssl=1\" \/><\/a><\/p>\n<p>Sitze auf 2.300 m. Tolle Sicht, etwas frisch.<\/p>\n","protected":false},"excerpt":{"rendered":"<p>Sitze auf 2.300 m. Tolle Sicht, etwas frisch.<\/p>\n","protected":false},"author":1,"featured_media":0,"comment_status":"open","ping_status":"open","sticky":false,"template":"","format":"standard","meta":{"_crdt_document":"","jetpack_post_was_ever_published":false,"_jetpack_newsletter_access":"","_jetpack_dont_email_post_to_subs":false,"_jetpack_newsletter_tier_id":0,"_jetpack_memberships_contains_paywalled_content":false,"_jetpack_memberships_contains_paid_content":false,"footnotes":"","jetpack_publicize_message":"","jetpack_publicize_feature_enabled":true,"jetpack_social_post_already_shared":false,"jetpack_social_options":{"image_generator_settings":{"template":"highway","default_image_id":0,"font":"","enabled":false},"version":2}},"categories":[3],"tags":[],"class_list":["post-1678","post","type-post","status-publish","format-standard","hentry","category-touren"],"jetpack_publicize_connections":[],"jetpack_featured_media_url":"","jetpack_sharing_enabled":true,"jetpack_shortlink":"https:\/\/wp.me\/p73o9s-r4","jetpack-related-posts":[{"id":3412,"url":"https:\/\/willi-junker.de\/dachs\/?p=3412","url_meta":{"origin":1678,"position":0},"title":"13:30 Uhr &#8211; Malga Vael","author":"Willi","date":"06.09.2016","format":false,"excerpt":"Die erste H\u00fctte ist erreicht. Sitze auf der Malga Vael auf 2.034 m, hoch \u00fcber Vigo di Fassa. Noch gut 2 km und 200 H\u00f6henmeter und das Tagesziel ist erreicht. Wenn die Sonne nicht scheint ist es ganz sch\u00f6n frisch.","rel":"","context":"In &quot;Touren&quot;","block_context":{"text":"Touren","link":"https:\/\/willi-junker.de\/dachs\/?cat=3"},"img":{"alt_text":"","src":"https:\/\/i0.wp.com\/willi-junker.de\/dachs\/wp-content\/uploads\/2016\/09\/wp-image-291941145jpg.jpg?resize=350%2C200","width":350,"height":200,"srcset":"https:\/\/i0.wp.com\/willi-junker.de\/dachs\/wp-content\/uploads\/2016\/09\/wp-image-291941145jpg.jpg?resize=350%2C200 1x, https:\/\/i0.wp.com\/willi-junker.de\/dachs\/wp-content\/uploads\/2016\/09\/wp-image-291941145jpg.jpg?resize=525%2C300 1.5x, https:\/\/i0.wp.com\/willi-junker.de\/dachs\/wp-content\/uploads\/2016\/09\/wp-image-291941145jpg.jpg?resize=700%2C400 2x"},"classes":[]},{"id":2815,"url":"https:\/\/willi-junker.de\/dachs\/?p=2815","url_meta":{"origin":1678,"position":1},"title":"16:00 Uhr &#8211; Gipfel Pic-Berg","author":"Willi","date":"29.08.2015","format":false,"excerpt":"Nur H\u00fctten heute war mir dann doch etwas langweilig. Sitze seit einer halben Stunde mit einer kleinen Wandergruppe auf dem Gipfel.","rel":"","context":"In &quot;Touren&quot;","block_context":{"text":"Touren","link":"https:\/\/willi-junker.de\/dachs\/?cat=3"},"img":{"alt_text":"","src":"","width":0,"height":0},"classes":[]},{"id":495,"url":"https:\/\/willi-junker.de\/dachs\/?p=495","url_meta":{"origin":1678,"position":2},"title":"Auf zur Puez-H\u00fctte","author":"Willi","date":"01.09.2011","format":false,"excerpt":"Heute ist es bedeckt und k\u00fchl. \u00dcber Nacht haben wir unerwartet Zuwachs erhalten. An unserem Tisch standen drei Gedecke. Rainer Goebel ist schon da. Mit ihm hatten wir erst Freitagabend gerechnet. Nach drei Stunden haben wir die Puez-H\u00fctte erreicht, die letzten Meter bei leichtem Nieselregen. Wir waren schon auf dem\u2026","rel":"","context":"In &quot;Touren&quot;","block_context":{"text":"Touren","link":"https:\/\/willi-junker.de\/dachs\/?cat=3"},"img":{"alt_text":"","src":"","width":0,"height":0},"classes":[]},{"id":1699,"url":"https:\/\/willi-junker.de\/dachs\/?p=1699","url_meta":{"origin":1678,"position":3},"title":"11:35 Uhr &#8211; Gipfel Piz Ciampac","author":"Willi","date":"25.08.2014","format":false,"excerpt":"Nach 1,5 Stunden sitze ich ziemlich einsam auf dem Gipfel. Hier hoch l\u00e4uft fast niemand. Eine kleine Gruppe folgt mir noch. Bin 2.675 m hoch, gut 1000m \u00fcber Corvara.","rel":"","context":"In &quot;Touren&quot;","block_context":{"text":"Touren","link":"https:\/\/willi-junker.de\/dachs\/?cat=3"},"img":{"alt_text":"","src":"","width":0,"height":0},"classes":[]},{"id":3059,"url":"https:\/\/willi-junker.de\/dachs\/?p=3059","url_meta":{"origin":1678,"position":4},"title":"Laubach nach 39 km erreicht","author":"Willi","date":"08.11.2015","format":false,"excerpt":"Nach 39 km sitze ich in der Laubacher Gesellschaftsm\u00fchle. War ne tolle Tour bei unglaublichem Wetter.","rel":"","context":"In &quot;Touren&quot;","block_context":{"text":"Touren","link":"https:\/\/willi-junker.de\/dachs\/?cat=3"},"img":{"alt_text":"","src":"","width":0,"height":0},"classes":[]},{"id":1112,"url":"https:\/\/willi-junker.de\/dachs\/?p=1112","url_meta":{"origin":1678,"position":5},"title":"Skilanglauf &#8211; Nach 20 km ist der Erbeskopf erreicht","author":"Willi","date":"26.01.2013","format":false,"excerpt":"Bin heute Morgen um 8:30 Uhr am Idarkopf losgelaufen. Auf teils ungespurter Loipe bei gerade ausreichender Schneeh\u00f6he ging es recht anspruchsvoll immer der Kammlage entlang zum Erbeskopf. Unversch\u00e4mt ist, da\u00df auf ca 1 km B\u00e4ume frisch gef\u00e4llt wurden. Das hat mich bestimmt eine halbe Stunde gekostet. Au\u00dferdem wurden viele Schilder\u2026","rel":"","context":"In &quot;Touren&quot;","block_context":{"text":"Touren","link":"https:\/\/willi-junker.de\/dachs\/?cat=3"},"img":{"alt_text":"","src":"","width":0,"height":0},"classes":[]}],"_links":{"self":[{"href":"https:\/\/willi-junker.de\/dachs\/index.php?rest_route=\/wp\/v2\/posts\/1678","targetHints":{"allow":["GET"]}}],"collection":[{"href":"https:\/\/willi-junker.de\/dachs\/index.php?rest_route=\/wp\/v2\/posts"}],"about":[{"href":"https:\/\/willi-junker.de\/dachs\/index.php?rest_route=\/wp\/v2\/types\/post"}],"author":[{"embeddable":true,"href":"https:\/\/willi-junker.de\/dachs\/index.php?rest_route=\/wp\/v2\/users\/1"}],"replies":[{"embeddable":true,"href":"https:\/\/willi-junker.de\/dachs\/index.php?rest_route=%2Fwp%2Fv2%2Fcomments&post=1678"}],"version-history":[{"count":1,"href":"https:\/\/willi-junker.de\/dachs\/index.php?rest_route=\/wp\/v2\/posts\/1678\/revisions"}],"predecessor-version":[{"id":1679,"href":"https:\/\/willi-junker.de\/dachs\/index.php?rest_route=\/wp\/v2\/posts\/1678\/revisions\/1679"}],"wp:attachment":[{"href":"https:\/\/willi-junker.de\/dachs\/index.php?rest_route=%2Fwp%2Fv2%2Fmedia&parent=1678"}],"wp:term":[{"taxonomy":"category","embeddable":true,"href":"https:\/\/willi-junker.de\/dachs\/index.php?rest_route=%2Fwp%2Fv2%2Fcategories&post=1678"},{"taxonomy":"post_tag","embeddable":true,"href":"https:\/\/willi-junker.de\/dachs\/index.php?rest_route=%2Fwp%2Fv2%2Ftags&post=1678"}],"curies":[{"name":"wp","href":"https:\/\/api.w.org\/{rel}","templated":true}]}}