{"id":1674,"date":"2014-08-24T11:30:00","date_gmt":"2014-08-24T09:30:00","guid":{"rendered":"http:\/\/willi-junker.de\/dachs\/?p=1674"},"modified":"2014-08-25T07:32:47","modified_gmt":"2014-08-25T05:32:47","slug":"mittag-auf-der-ramitzler-schwaige","status":"publish","type":"post","link":"https:\/\/willi-junker.de\/dachs\/?p=1674","title":{"rendered":"Mittag auf der Ramitzler Schwaige"},"content":{"rendered":"<p>Bin heute Morgen mit dem Bus nach Lajen. Von dort 10:00 Uhr bin ich hinauf zur Schwaige, 7,5 km und 700 H\u00f6henmeter. Hoch zum Heiligkreuz sind es noch 400 H\u00f6henmeter und dann ist viel Laufen bis Wolkenstein angesagt.<\/p>\n","protected":false},"excerpt":{"rendered":"<p>Bin heute Morgen mit dem Bus nach Lajen. Von dort 10:00 Uhr bin ich hinauf zur Schwaige, 7,5 km und 700 H\u00f6henmeter. Hoch zum Heiligkreuz sind es noch 400 H\u00f6henmeter und dann ist viel Laufen bis Wolkenstein angesagt.<\/p>\n","protected":false},"author":1,"featured_media":0,"comment_status":"open","ping_status":"open","sticky":false,"template":"","format":"standard","meta":{"_crdt_document":"","jetpack_post_was_ever_published":false,"_jetpack_newsletter_access":"","_jetpack_dont_email_post_to_subs":false,"_jetpack_newsletter_tier_id":0,"_jetpack_memberships_contains_paywalled_content":false,"_jetpack_memberships_contains_paid_content":false,"footnotes":"","jetpack_publicize_message":"","jetpack_publicize_feature_enabled":true,"jetpack_social_post_already_shared":false,"jetpack_social_options":{"image_generator_settings":{"template":"highway","default_image_id":0,"font":"","enabled":false},"version":2}},"categories":[3],"tags":[],"class_list":["post-1674","post","type-post","status-publish","format-standard","hentry","category-touren"],"jetpack_publicize_connections":[],"jetpack_featured_media_url":"","jetpack_sharing_enabled":true,"jetpack_shortlink":"https:\/\/wp.me\/p73o9s-r0","jetpack-related-posts":[{"id":4263,"url":"https:\/\/willi-junker.de\/dachs\/?p=4263","url_meta":{"origin":1674,"position":0},"title":"Tag 12 &#8211; Ein ruhiger Tag auf der Seiser Alm\u00a0","author":"Willi","date":"29.07.2017","format":false,"excerpt":"Heute bin ich dann doch mal etwas sp\u00e4ter aufgestanden. Nach dem Fr\u00fchst\u00fcck geht es mit dem Bus nach St. Ulrich und mit der Seilbahn hoch auf die Seiser Alm. Dann einmal quer r\u00fcber bis zur Saltner Schwaige. \u00a0 Dort habe ich mit Patrick gesessen bis Tanja und Andre von der\u2026","rel":"","context":"In &quot;Touren&quot;","block_context":{"text":"Touren","link":"https:\/\/willi-junker.de\/dachs\/?cat=3"},"img":{"alt_text":"","src":"https:\/\/i0.wp.com\/willi-junker.de\/dachs\/wp-content\/uploads\/2017\/07\/wp-image-211246506.jpg?resize=350%2C200","width":350,"height":200,"srcset":"https:\/\/i0.wp.com\/willi-junker.de\/dachs\/wp-content\/uploads\/2017\/07\/wp-image-211246506.jpg?resize=350%2C200 1x, https:\/\/i0.wp.com\/willi-junker.de\/dachs\/wp-content\/uploads\/2017\/07\/wp-image-211246506.jpg?resize=525%2C300 1.5x, https:\/\/i0.wp.com\/willi-junker.de\/dachs\/wp-content\/uploads\/2017\/07\/wp-image-211246506.jpg?resize=700%2C400 2x, https:\/\/i0.wp.com\/willi-junker.de\/dachs\/wp-content\/uploads\/2017\/07\/wp-image-211246506.jpg?resize=1050%2C600 3x, https:\/\/i0.wp.com\/willi-junker.de\/dachs\/wp-content\/uploads\/2017\/07\/wp-image-211246506.jpg?resize=1400%2C800 4x"},"classes":[]},{"id":4153,"url":"https:\/\/willi-junker.de\/dachs\/?p=4153","url_meta":{"origin":1674,"position":1},"title":"Tag 8 &#8211; Umrundung Langkofelstock","author":"Willi","date":"25.07.2017","format":false,"excerpt":"Heute gibt es um 07:15 Uhr Fr\u00fchst\u00fcck. Abmarsch ist um 08:10 Uhr. Um 08:26 Uhr steigen wir in den total \u00fcberf\u00fcllten Bus zum Sellapass. Beinahe waren auch nur 50% von uns in den Bus gekommen. Es ist saukalt, aber sonnig. Der Rest der Familie f\u00e4hrt vom Sella-Joch mit dem Lift\u2026","rel":"","context":"In &quot;Touren&quot;","block_context":{"text":"Touren","link":"https:\/\/willi-junker.de\/dachs\/?cat=3"},"img":{"alt_text":"","src":"https:\/\/i0.wp.com\/willi-junker.de\/dachs\/wp-content\/uploads\/2017\/07\/wp-image-1084737681.jpg?resize=350%2C200","width":350,"height":200,"srcset":"https:\/\/i0.wp.com\/willi-junker.de\/dachs\/wp-content\/uploads\/2017\/07\/wp-image-1084737681.jpg?resize=350%2C200 1x, https:\/\/i0.wp.com\/willi-junker.de\/dachs\/wp-content\/uploads\/2017\/07\/wp-image-1084737681.jpg?resize=525%2C300 1.5x, https:\/\/i0.wp.com\/willi-junker.de\/dachs\/wp-content\/uploads\/2017\/07\/wp-image-1084737681.jpg?resize=700%2C400 2x, https:\/\/i0.wp.com\/willi-junker.de\/dachs\/wp-content\/uploads\/2017\/07\/wp-image-1084737681.jpg?resize=1050%2C600 3x, https:\/\/i0.wp.com\/willi-junker.de\/dachs\/wp-content\/uploads\/2017\/07\/wp-image-1084737681.jpg?resize=1400%2C800 4x"},"classes":[]},{"id":965,"url":"https:\/\/willi-junker.de\/dachs\/?p=965","url_meta":{"origin":1674,"position":2},"title":"Ein Regentag &#8211; trotzdem noch unterwegs","author":"Willi","date":"06.07.2012","format":false,"excerpt":"Die halbe Nacht und den Vormittag regnet und donnert es, zum Teil recht nah. Nach kurzem Schoppen geht es mit dem Bus nach St. Ulrich und dann mit dem Lift auf die Seiser Alm. Der Regen h\u00f6rt wie bestellt auf und die Regenjacke kommt in den Rucksack. Dann beginnt das\u2026","rel":"","context":"In &quot;Touren&quot;","block_context":{"text":"Touren","link":"https:\/\/willi-junker.de\/dachs\/?cat=3"},"img":{"alt_text":"","src":"","width":0,"height":0},"classes":[]},{"id":1683,"url":"https:\/\/willi-junker.de\/dachs\/?p=1683","url_meta":{"origin":1674,"position":3},"title":"Heiligkreuz","author":"Willi","date":"24.08.2014","format":false,"excerpt":"Der Weg von der Schwaige hier herauf ist ganz toll und hat so gar keinen Dolomitencharakter. Mit Erreichen der Kapelle erscheinen schlagartig die Dolomiten mit ihrer ganzen Pracht im Osten. Von der Kapelle bis zum Gipfelkreuz sind noch 10 Minuten zu klettern. Hier gibt es dann 360 Grad Rundumsicht. Die\u2026","rel":"","context":"In &quot;Touren&quot;","block_context":{"text":"Touren","link":"https:\/\/willi-junker.de\/dachs\/?cat=3"},"img":{"alt_text":"","src":"","width":0,"height":0},"classes":[]},{"id":2748,"url":"https:\/\/willi-junker.de\/dachs\/?p=2748","url_meta":{"origin":1674,"position":4},"title":"12:30 Uhr &#8211; Hohenzollernh\u00fctte","author":"Willi","date":"27.08.2015","format":false,"excerpt":"Bin auf 2.123 m. Die ersten 1.150 H\u00f6henmeter sind geschafft. Jetzt fehlen noch 750 H\u00f6henmeter bis zur Scharte und S\u00fcdtirol. Bin mal gespannt.","rel":"","context":"In &quot;Touren&quot;","block_context":{"text":"Touren","link":"https:\/\/willi-junker.de\/dachs\/?cat=3"},"img":{"alt_text":"","src":"","width":0,"height":0},"classes":[]},{"id":1777,"url":"https:\/\/willi-junker.de\/dachs\/?p=1777","url_meta":{"origin":1674,"position":5},"title":"Letzter Wandertag &#8211; Stevia","author":"Willi","date":"28.08.2014","format":false,"excerpt":"Wie fast in jedem Jahr steht noch ein Besuch der Stevia und speziell dem H\u00fcttenwirt aus. So mache ich mich heute Morgen auf dem La Palota Weg hinauf. Bis zum Erreichen des ersten Blocks geht es steile 600 H\u00f6henmeter aufw\u00e4rts. Die Aussicht und vor Allem der Tiefblick nach Wolkenstein ist\u2026","rel":"","context":"In &quot;Touren&quot;","block_context":{"text":"Touren","link":"https:\/\/willi-junker.de\/dachs\/?cat=3"},"img":{"alt_text":"","src":"","width":0,"height":0},"classes":[]}],"_links":{"self":[{"href":"https:\/\/willi-junker.de\/dachs\/index.php?rest_route=\/wp\/v2\/posts\/1674","targetHints":{"allow":["GET"]}}],"collection":[{"href":"https:\/\/willi-junker.de\/dachs\/index.php?rest_route=\/wp\/v2\/posts"}],"about":[{"href":"https:\/\/willi-junker.de\/dachs\/index.php?rest_route=\/wp\/v2\/types\/post"}],"author":[{"embeddable":true,"href":"https:\/\/willi-junker.de\/dachs\/index.php?rest_route=\/wp\/v2\/users\/1"}],"replies":[{"embeddable":true,"href":"https:\/\/willi-junker.de\/dachs\/index.php?rest_route=%2Fwp%2Fv2%2Fcomments&post=1674"}],"version-history":[{"count":1,"href":"https:\/\/willi-junker.de\/dachs\/index.php?rest_route=\/wp\/v2\/posts\/1674\/revisions"}],"predecessor-version":[{"id":1675,"href":"https:\/\/willi-junker.de\/dachs\/index.php?rest_route=\/wp\/v2\/posts\/1674\/revisions\/1675"}],"wp:attachment":[{"href":"https:\/\/willi-junker.de\/dachs\/index.php?rest_route=%2Fwp%2Fv2%2Fmedia&parent=1674"}],"wp:term":[{"taxonomy":"category","embeddable":true,"href":"https:\/\/willi-junker.de\/dachs\/index.php?rest_route=%2Fwp%2Fv2%2Fcategories&post=1674"},{"taxonomy":"post_tag","embeddable":true,"href":"https:\/\/willi-junker.de\/dachs\/index.php?rest_route=%2Fwp%2Fv2%2Ftags&post=1674"}],"curies":[{"name":"wp","href":"https:\/\/api.w.org\/{rel}","templated":true}]}}