{"id":1672,"date":"2014-08-23T21:38:00","date_gmt":"2014-08-23T19:38:00","guid":{"rendered":"http:\/\/willi-junker.de\/dachs\/?p=1672"},"modified":"2014-08-23T21:38:00","modified_gmt":"2014-08-23T19:38:00","slug":"sonnenuntergang","status":"publish","type":"post","link":"https:\/\/willi-junker.de\/dachs\/?p=1672","title":{"rendered":"Sonnenuntergang"},"content":{"rendered":"<p><a href=\"https:\/\/i0.wp.com\/willi-junker.de\/dachs\/wp-content\/uploads\/2014\/08\/wpid-IMAG06011.jpg?ssl=1\"><img data-recalc-dims=\"1\" decoding=\"async\" title=\"IMAG0601.jpg\" class=\"alignnone size-full\" alt=\"image\" src=\"https:\/\/i0.wp.com\/willi-junker.de\/dachs\/wp-content\/uploads\/2014\/08\/wpid-IMAG0601.jpg?w=640&#038;ssl=1\" \/><\/a><\/p>\n<p><a href=\"https:\/\/i0.wp.com\/willi-junker.de\/dachs\/wp-content\/uploads\/2014\/08\/wpid-IMAG06031.jpg?ssl=1\"><img data-recalc-dims=\"1\" decoding=\"async\" title=\"IMAG0603.jpg\" class=\"alignnone size-full\" alt=\"image\" src=\"https:\/\/i0.wp.com\/willi-junker.de\/dachs\/wp-content\/uploads\/2014\/08\/wpid-IMAG0603.jpg?w=640&#038;ssl=1\" \/><\/a><\/p>\n<p><a href=\"https:\/\/i0.wp.com\/willi-junker.de\/dachs\/wp-content\/uploads\/2014\/08\/wpid-IMAG06051.jpg?ssl=1\"><img data-recalc-dims=\"1\" decoding=\"async\" title=\"IMAG0605.jpg\" class=\"alignnone size-full\" alt=\"image\" src=\"https:\/\/i0.wp.com\/willi-junker.de\/dachs\/wp-content\/uploads\/2014\/08\/wpid-IMAG0605.jpg?w=640&#038;ssl=1\" \/><\/a><\/p>\n<p>Bin bis kurz vor Sonnenuntergang auf der Juac-Alm sitzen geblieben. Das Licht ist phantastisch. Beim Abstieg tun sich nach jeder Kurve faszinierende Eindr\u00fccke auf.<\/p>\n","protected":false},"excerpt":{"rendered":"<p>Bin bis kurz vor Sonnenuntergang auf der Juac-Alm sitzen geblieben. Das Licht ist phantastisch. Beim Abstieg tun sich nach jeder Kurve faszinierende Eindr\u00fccke auf.<\/p>\n","protected":false},"author":1,"featured_media":0,"comment_status":"open","ping_status":"open","sticky":false,"template":"","format":"standard","meta":{"_crdt_document":"","jetpack_post_was_ever_published":false,"_jetpack_newsletter_access":"","_jetpack_dont_email_post_to_subs":false,"_jetpack_newsletter_tier_id":0,"_jetpack_memberships_contains_paywalled_content":false,"_jetpack_memberships_contains_paid_content":false,"footnotes":"","jetpack_publicize_message":"","jetpack_publicize_feature_enabled":true,"jetpack_social_post_already_shared":false,"jetpack_social_options":{"image_generator_settings":{"template":"highway","default_image_id":0,"font":"","enabled":false},"version":2}},"categories":[3],"tags":[],"class_list":["post-1672","post","type-post","status-publish","format-standard","hentry","category-touren"],"jetpack_publicize_connections":[],"jetpack_featured_media_url":"","jetpack_sharing_enabled":true,"jetpack_shortlink":"https:\/\/wp.me\/p73o9s-qY","jetpack-related-posts":[{"id":2893,"url":"https:\/\/willi-junker.de\/dachs\/?p=2893","url_meta":{"origin":1672,"position":0},"title":"20:00 Uhr &#8211; Abstieg nach Wolkenstein","author":"Willi","date":"31.08.2015","format":false,"excerpt":"Der Abstieg beginnt wie immer mit dem sch\u00f6n steilen Aufstieg zur Juac-Alpe. Auf der Sangon habe ich zu Abend gegessen und als ich so \u00fcber die Juac laufe und den Sonnenuntergang genie\u00dfe begr\u00fc\u00dft mich die Wirtin mit den Worten \"Und am Schluss kommt noch der Willi\". Naja, da musste ich\u2026","rel":"","context":"In &quot;Touren&quot;","block_context":{"text":"Touren","link":"https:\/\/willi-junker.de\/dachs\/?cat=3"},"img":{"alt_text":"","src":"","width":0,"height":0},"classes":[]},{"id":2844,"url":"https:\/\/willi-junker.de\/dachs\/?p=2844","url_meta":{"origin":1672,"position":1},"title":"19:50 Uhr &#8211; P\u00fcnktlich zum Sonnenuntergang..","author":"Willi","date":"30.08.2015","format":false,"excerpt":"... bin ich wieder im Tal.","rel":"","context":"In &quot;Touren&quot;","block_context":{"text":"Touren","link":"https:\/\/willi-junker.de\/dachs\/?cat=3"},"img":{"alt_text":"","src":"","width":0,"height":0},"classes":[]},{"id":1694,"url":"https:\/\/willi-junker.de\/dachs\/?p=1694","url_meta":{"origin":1672,"position":2},"title":"19:30 Uhr &#8211; Juac-Alm","author":"Willi","date":"24.08.2014","format":false,"excerpt":"Hier mache ich nochmals kurze Rast und genie\u00dfe den Sonnenuntergang. Von hier sind es noch 300 Meter Abstieg bis ins Tal. Den Weg w\u00fcrde ich auch im Dunkeln finden. Am Schluss sind nun fast 30 km uns 1.800 H\u00f6henmeter zusammen gekommen.","rel":"","context":"In &quot;Touren&quot;","block_context":{"text":"Touren","link":"https:\/\/willi-junker.de\/dachs\/?cat=3"},"img":{"alt_text":"","src":"","width":0,"height":0},"classes":[]},{"id":5282,"url":"https:\/\/willi-junker.de\/dachs\/?p=5282","url_meta":{"origin":1672,"position":3},"title":"Mal wieder in S\u00fcdtirol","author":"Willi","date":"26.10.2019","format":false,"excerpt":"Nach einer n\u00e4chtlichen Anreise sind wir am Morgen am Reschensee. In der Nacht haben wir eine Pause am Alatsee eingelegt. Ein toller Morgen. Eine weitere Pause war am Hahntennjoch. Jetzt genie\u00dfen wir S\u00fcdtirol und unerwartet landen wir zum Sonnenuntergang noch am Mendelpass. Am Abend ist dann noch kurz T\u00f6rggelen angesagt.","rel":"","context":"In &quot;Touren&quot;","block_context":{"text":"Touren","link":"https:\/\/willi-junker.de\/dachs\/?cat=3"},"img":{"alt_text":"","src":"https:\/\/i0.wp.com\/willi-junker.de\/dachs\/wp-content\/uploads\/2019\/10\/20191026_074615-980694743.jpg?resize=350%2C200","width":350,"height":200,"srcset":"https:\/\/i0.wp.com\/willi-junker.de\/dachs\/wp-content\/uploads\/2019\/10\/20191026_074615-980694743.jpg?resize=350%2C200 1x, https:\/\/i0.wp.com\/willi-junker.de\/dachs\/wp-content\/uploads\/2019\/10\/20191026_074615-980694743.jpg?resize=525%2C300 1.5x, https:\/\/i0.wp.com\/willi-junker.de\/dachs\/wp-content\/uploads\/2019\/10\/20191026_074615-980694743.jpg?resize=700%2C400 2x, https:\/\/i0.wp.com\/willi-junker.de\/dachs\/wp-content\/uploads\/2019\/10\/20191026_074615-980694743.jpg?resize=1050%2C600 3x, https:\/\/i0.wp.com\/willi-junker.de\/dachs\/wp-content\/uploads\/2019\/10\/20191026_074615-980694743.jpg?resize=1400%2C800 4x"},"classes":[]},{"id":4421,"url":"https:\/\/willi-junker.de\/dachs\/?p=4421","url_meta":{"origin":1672,"position":4},"title":"Radrunde nach Pozzallo","author":"Willi","date":"24.04.2018","format":false,"excerpt":"Am sp\u00e4ten Nachmittag hab ich dann noch eine Runde mit dem Rad gedreht. Wollte eigentlich nur bis zur Paradiso Bar etwas trinken. Leider -oder zum Gl\u00fcck- war dort geschlossen. So bin ich dann am Strand entlang bis nach Pozzallo. Hat dann noch ordentlich Kilometer geheben\ud83d\ude01. Da ich keine Lust habe\u2026","rel":"","context":"In &quot;Touren&quot;","block_context":{"text":"Touren","link":"https:\/\/willi-junker.de\/dachs\/?cat=3"},"img":{"alt_text":"","src":"https:\/\/i0.wp.com\/willi-junker.de\/dachs\/wp-content\/uploads\/2018\/04\/20180424_191236-1808578830.jpg?resize=350%2C200","width":350,"height":200,"srcset":"https:\/\/i0.wp.com\/willi-junker.de\/dachs\/wp-content\/uploads\/2018\/04\/20180424_191236-1808578830.jpg?resize=350%2C200 1x, https:\/\/i0.wp.com\/willi-junker.de\/dachs\/wp-content\/uploads\/2018\/04\/20180424_191236-1808578830.jpg?resize=525%2C300 1.5x, https:\/\/i0.wp.com\/willi-junker.de\/dachs\/wp-content\/uploads\/2018\/04\/20180424_191236-1808578830.jpg?resize=700%2C400 2x, https:\/\/i0.wp.com\/willi-junker.de\/dachs\/wp-content\/uploads\/2018\/04\/20180424_191236-1808578830.jpg?resize=1050%2C600 3x, https:\/\/i0.wp.com\/willi-junker.de\/dachs\/wp-content\/uploads\/2018\/04\/20180424_191236-1808578830.jpg?resize=1400%2C800 4x"},"classes":[]},{"id":5217,"url":"https:\/\/willi-junker.de\/dachs\/?p=5217","url_meta":{"origin":1672,"position":5},"title":"Radtour nach Bad Sch\u00f6nborn \/ Tag 1 (K\u00f6nigsetappe)","author":"Willi","date":"18.07.2019","format":false,"excerpt":"Heute Morgen bin ich gegen vier Uhr aus den Federn gesprungen und um halb sechs hab ich das Rad abfahrbereit gemacht. Dann geht es im Morgengrauen los. \u00dcber Alterk\u00fclz geht es auf den Schinderhannesradweg und nach Simmern. Dann hinauf nach Holzbach und wieder hinab nach Tiefenbach. Hier werden die 10\u2026","rel":"","context":"In &quot;Touren&quot;","block_context":{"text":"Touren","link":"https:\/\/willi-junker.de\/dachs\/?cat=3"},"img":{"alt_text":"","src":"https:\/\/i0.wp.com\/willi-junker.de\/dachs\/wp-content\/uploads\/2019\/07\/20190718_0753291178164395.jpg?resize=350%2C200","width":350,"height":200,"srcset":"https:\/\/i0.wp.com\/willi-junker.de\/dachs\/wp-content\/uploads\/2019\/07\/20190718_0753291178164395.jpg?resize=350%2C200 1x, https:\/\/i0.wp.com\/willi-junker.de\/dachs\/wp-content\/uploads\/2019\/07\/20190718_0753291178164395.jpg?resize=525%2C300 1.5x, https:\/\/i0.wp.com\/willi-junker.de\/dachs\/wp-content\/uploads\/2019\/07\/20190718_0753291178164395.jpg?resize=700%2C400 2x, https:\/\/i0.wp.com\/willi-junker.de\/dachs\/wp-content\/uploads\/2019\/07\/20190718_0753291178164395.jpg?resize=1050%2C600 3x, https:\/\/i0.wp.com\/willi-junker.de\/dachs\/wp-content\/uploads\/2019\/07\/20190718_0753291178164395.jpg?resize=1400%2C800 4x"},"classes":[]}],"_links":{"self":[{"href":"https:\/\/willi-junker.de\/dachs\/index.php?rest_route=\/wp\/v2\/posts\/1672","targetHints":{"allow":["GET"]}}],"collection":[{"href":"https:\/\/willi-junker.de\/dachs\/index.php?rest_route=\/wp\/v2\/posts"}],"about":[{"href":"https:\/\/willi-junker.de\/dachs\/index.php?rest_route=\/wp\/v2\/types\/post"}],"author":[{"embeddable":true,"href":"https:\/\/willi-junker.de\/dachs\/index.php?rest_route=\/wp\/v2\/users\/1"}],"replies":[{"embeddable":true,"href":"https:\/\/willi-junker.de\/dachs\/index.php?rest_route=%2Fwp%2Fv2%2Fcomments&post=1672"}],"version-history":[{"count":1,"href":"https:\/\/willi-junker.de\/dachs\/index.php?rest_route=\/wp\/v2\/posts\/1672\/revisions"}],"predecessor-version":[{"id":1673,"href":"https:\/\/willi-junker.de\/dachs\/index.php?rest_route=\/wp\/v2\/posts\/1672\/revisions\/1673"}],"wp:attachment":[{"href":"https:\/\/willi-junker.de\/dachs\/index.php?rest_route=%2Fwp%2Fv2%2Fmedia&parent=1672"}],"wp:term":[{"taxonomy":"category","embeddable":true,"href":"https:\/\/willi-junker.de\/dachs\/index.php?rest_route=%2Fwp%2Fv2%2Fcategories&post=1672"},{"taxonomy":"post_tag","embeddable":true,"href":"https:\/\/willi-junker.de\/dachs\/index.php?rest_route=%2Fwp%2Fv2%2Ftags&post=1672"}],"curies":[{"name":"wp","href":"https:\/\/api.w.org\/{rel}","templated":true}]}}