{"id":1659,"date":"2014-08-23T13:50:12","date_gmt":"2014-08-23T11:50:12","guid":{"rendered":"http:\/\/willi-junker.de\/dachs\/?p=1659"},"modified":"2014-08-23T13:50:12","modified_gmt":"2014-08-23T11:50:12","slug":"trojer-huette","status":"publish","type":"post","link":"https:\/\/willi-junker.de\/dachs\/?p=1659","title":{"rendered":"Trojer-H\u00fctte"},"content":{"rendered":"<p>Hab zwei Stunden von der Regensburger zur Trojer-H\u00fctte gebraucht. War zwischendurch noch auf einer kleinen Alm. Dort oben ist niemand mehr unterwegs. Die H\u00fcttenwirtin war sehr nett und hatte viel Zeit zum Erz\u00e4hlen.<\/p>\n<p>Bin jetzt beim Bruno auf der Trojer und trockne meine Utensilien.<\/p>\n","protected":false},"excerpt":{"rendered":"<p>Hab zwei Stunden von der Regensburger zur Trojer-H\u00fctte gebraucht. War zwischendurch noch auf einer kleinen Alm. Dort oben ist niemand mehr unterwegs. Die H\u00fcttenwirtin war sehr nett und hatte viel Zeit zum Erz\u00e4hlen. Bin jetzt beim Bruno auf der Trojer &hellip; <a href=\"https:\/\/willi-junker.de\/dachs\/?p=1659\">Weiterlesen <span class=\"meta-nav\">&rarr;<\/span><\/a><\/p>\n","protected":false},"author":1,"featured_media":0,"comment_status":"open","ping_status":"open","sticky":false,"template":"","format":"standard","meta":{"_crdt_document":"","jetpack_post_was_ever_published":false,"_jetpack_newsletter_access":"","_jetpack_dont_email_post_to_subs":false,"_jetpack_newsletter_tier_id":0,"_jetpack_memberships_contains_paywalled_content":false,"_jetpack_memberships_contains_paid_content":false,"footnotes":"","jetpack_publicize_message":"","jetpack_publicize_feature_enabled":true,"jetpack_social_post_already_shared":false,"jetpack_social_options":{"image_generator_settings":{"template":"highway","default_image_id":0,"font":"","enabled":false},"version":2}},"categories":[3],"tags":[],"class_list":["post-1659","post","type-post","status-publish","format-standard","hentry","category-touren"],"jetpack_publicize_connections":[],"jetpack_featured_media_url":"","jetpack_sharing_enabled":true,"jetpack_shortlink":"https:\/\/wp.me\/p73o9s-qL","jetpack-related-posts":[{"id":1364,"url":"https:\/\/willi-junker.de\/dachs\/?p=1364","url_meta":{"origin":1659,"position":0},"title":"Ein ruhiger Abschluss auf der Seceda","author":"Willi","date":"28.07.2013","format":false,"excerpt":"Heute bin ich gehen 9 Uhr mit dem Bus nach St. Ulrich und dann mit der Seilbahn hoch auf die Seceda. Es ist mal wieder einfach nur heiss. Oben bin ich langsam an der Abbruchkante zum Villn\u00f6sstal entlang gelaufen und dann hinab zur Trojer Alm. Dort hab ich dann bei\u2026","rel":"","context":"In &quot;Touren&quot;","block_context":{"text":"Touren","link":"https:\/\/willi-junker.de\/dachs\/?cat=3"},"img":{"alt_text":"","src":"","width":0,"height":0},"classes":[]},{"id":506,"url":"https:\/\/willi-junker.de\/dachs\/?p=506","url_meta":{"origin":1659,"position":1},"title":"Seceda &#8211; machen heute nen faulen Tag","author":"Willi","date":"02.09.2011","format":false,"excerpt":"Haben heute Morgen die Startkarten ausgef\u00fcllt. Bei mir hat die Vernunft gesiegt. Ich erwarte die L\u00e4ufer im Ziel und mache meinen eigenen Wettkampf. Sind dann mit der Seilbahn zur Seceda und wandern dann zur Trojer. Posted from WordPress for Android","rel":"","context":"In &quot;Touren&quot;","block_context":{"text":"Touren","link":"https:\/\/willi-junker.de\/dachs\/?cat=3"},"img":{"alt_text":"","src":"","width":0,"height":0},"classes":[]},{"id":1690,"url":"https:\/\/willi-junker.de\/dachs\/?p=1690","url_meta":{"origin":1659,"position":2},"title":"17:30 Uhr &#8211; Gr\u00f6den in Sicht","author":"Willi","date":"24.08.2014","format":false,"excerpt":"Nach einer Stunde schwitzen und \u00fcber 400 H\u00f6henmetern in der Scharte stehe ich am obersten Rand der Seceda, Gr\u00f6den liegt mir zu F\u00fc\u00dfen. Von hier sind es nur wenige Meter Abstieg zur Trojer Alm, Rettung naht. Hier bin der einzige und auch letzte Gast des Tages. In der Scharte. Gr\u00f6den\u2026","rel":"","context":"In &quot;Touren&quot;","block_context":{"text":"Touren","link":"https:\/\/willi-junker.de\/dachs\/?cat=3"},"img":{"alt_text":"","src":"","width":0,"height":0},"classes":[]},{"id":2649,"url":"https:\/\/willi-junker.de\/dachs\/?p=2649","url_meta":{"origin":1659,"position":3},"title":"Nachtrag zu Lech","author":"Willi","date":"22.08.2015","format":false,"excerpt":"Das war heute einer der phantastischsten Wanderungen die ich je gemacht habe. Da war wirklich alles drin. Super Aufstieg von Baad durch das k\u00fchle B\u00e4rgunttal. Oberhalb der Baumgrenze eine wunderbare Aussicht auf die umliegenden Grasberge und den gro\u00dfen Widderstein. Am Sattel, dem Hochalppass dann wieder ein weites Wiesental hinab zum\u2026","rel":"","context":"In &quot;Touren&quot;","block_context":{"text":"Touren","link":"https:\/\/willi-junker.de\/dachs\/?cat=3"},"img":{"alt_text":"","src":"","width":0,"height":0},"classes":[]},{"id":3636,"url":"https:\/\/willi-junker.de\/dachs\/?p=3636","url_meta":{"origin":1659,"position":4},"title":"12:10 Uhr &#8211; Sofie-H\u00fctte","author":"Willi","date":"15.09.2016","format":false,"excerpt":"Bin in der nagelneuen Sofie-H\u00fctte. Zum Gl\u00fcck hinter Glas. Drau\u00dfen wird es langsam kalt, windig und dunkel. Der Abstieg zur Seceda Mittelstation war ganz toll. Ein wunderbarer Pfad. Die Seilbahn zur Seceda war schon geschlossen, als ich um die Ecke komme. Sie \u00f6ffnen extra nochmals f\u00fcr mich und ich kann\u2026","rel":"","context":"In &quot;Touren&quot;","block_context":{"text":"Touren","link":"https:\/\/willi-junker.de\/dachs\/?cat=3"},"img":{"alt_text":"","src":"https:\/\/i0.wp.com\/willi-junker.de\/dachs\/wp-content\/uploads\/2016\/09\/wp-image-1728773582jpg.jpg?resize=350%2C200","width":350,"height":200,"srcset":"https:\/\/i0.wp.com\/willi-junker.de\/dachs\/wp-content\/uploads\/2016\/09\/wp-image-1728773582jpg.jpg?resize=350%2C200 1x, https:\/\/i0.wp.com\/willi-junker.de\/dachs\/wp-content\/uploads\/2016\/09\/wp-image-1728773582jpg.jpg?resize=525%2C300 1.5x, https:\/\/i0.wp.com\/willi-junker.de\/dachs\/wp-content\/uploads\/2016\/09\/wp-image-1728773582jpg.jpg?resize=700%2C400 2x"},"classes":[]},{"id":2666,"url":"https:\/\/willi-junker.de\/dachs\/?p=2666","url_meta":{"origin":1659,"position":5},"title":"17:30 Uhr &#8211; St. Anton am Arlberg","author":"Willi","date":"23.08.2015","format":false,"excerpt":"Die Tour heute war sehr abwechslungsreich. Von absoluter Stille bis unglaublichem Autoverkehr. Der Arlbergpass war zum Gl\u00fcck schnell abgehakt. Nach dem Flexenpass war von einem ausgeschildertem Wanderweg nicht immer zu sprechen. Bin ein paar Schlenker gelaufen bei der Spurensuche. In den anspruchsvollen Passagen,war der Weg aber immer erkennnbar, und es\u2026","rel":"","context":"In &quot;Touren&quot;","block_context":{"text":"Touren","link":"https:\/\/willi-junker.de\/dachs\/?cat=3"},"img":{"alt_text":"image","src":"https:\/\/i0.wp.com\/willi-junker.de\/dachs\/wp-content\/uploads\/2015\/08\/wpid-IMAG1202.jpg?resize=350%2C200","width":350,"height":200,"srcset":"https:\/\/i0.wp.com\/willi-junker.de\/dachs\/wp-content\/uploads\/2015\/08\/wpid-IMAG1202.jpg?resize=350%2C200 1x, https:\/\/i0.wp.com\/willi-junker.de\/dachs\/wp-content\/uploads\/2015\/08\/wpid-IMAG1202.jpg?resize=525%2C300 1.5x"},"classes":[]}],"_links":{"self":[{"href":"https:\/\/willi-junker.de\/dachs\/index.php?rest_route=\/wp\/v2\/posts\/1659","targetHints":{"allow":["GET"]}}],"collection":[{"href":"https:\/\/willi-junker.de\/dachs\/index.php?rest_route=\/wp\/v2\/posts"}],"about":[{"href":"https:\/\/willi-junker.de\/dachs\/index.php?rest_route=\/wp\/v2\/types\/post"}],"author":[{"embeddable":true,"href":"https:\/\/willi-junker.de\/dachs\/index.php?rest_route=\/wp\/v2\/users\/1"}],"replies":[{"embeddable":true,"href":"https:\/\/willi-junker.de\/dachs\/index.php?rest_route=%2Fwp%2Fv2%2Fcomments&post=1659"}],"version-history":[{"count":1,"href":"https:\/\/willi-junker.de\/dachs\/index.php?rest_route=\/wp\/v2\/posts\/1659\/revisions"}],"predecessor-version":[{"id":1660,"href":"https:\/\/willi-junker.de\/dachs\/index.php?rest_route=\/wp\/v2\/posts\/1659\/revisions\/1660"}],"wp:attachment":[{"href":"https:\/\/willi-junker.de\/dachs\/index.php?rest_route=%2Fwp%2Fv2%2Fmedia&parent=1659"}],"wp:term":[{"taxonomy":"category","embeddable":true,"href":"https:\/\/willi-junker.de\/dachs\/index.php?rest_route=%2Fwp%2Fv2%2Fcategories&post=1659"},{"taxonomy":"post_tag","embeddable":true,"href":"https:\/\/willi-junker.de\/dachs\/index.php?rest_route=%2Fwp%2Fv2%2Ftags&post=1659"}],"curies":[{"name":"wp","href":"https:\/\/api.w.org\/{rel}","templated":true}]}}