{"id":1649,"date":"2014-08-22T14:00:00","date_gmt":"2014-08-22T12:00:00","guid":{"rendered":"http:\/\/willi-junker.de\/dachs\/?p=1649"},"modified":"2014-08-22T17:58:37","modified_gmt":"2014-08-22T15:58:37","slug":"mittagessen-auf-der-salei-huette","status":"publish","type":"post","link":"https:\/\/willi-junker.de\/dachs\/?p=1649","title":{"rendered":"Mittagessen auf der Salei-H\u00fctte"},"content":{"rendered":"<p><a href=\"https:\/\/i0.wp.com\/willi-junker.de\/dachs\/wp-content\/uploads\/2014\/08\/wpid-10007422.jpg?ssl=1\"><img data-recalc-dims=\"1\" decoding=\"async\" title=\"1000742.jpg\" class=\"alignnone size-full\" alt=\"image\" src=\"https:\/\/i0.wp.com\/willi-junker.de\/dachs\/wp-content\/uploads\/2014\/08\/wpid-10007422.jpg?w=640&#038;ssl=1\" \/><\/a><\/p>\n<p>Derzeit ist hier ganz sch\u00f6n viel los. An allen Ecken wuselt es. In dieser H\u00fctte war ich heute Mittag. Seit ca. 12 Uhr f\u00e4llt Dauerregen. Da hatte ich dann freie Bahn. Fast niemand mehr zu sehen. Zur\u00fcck ins Tal war ich fast allein unterwegs.<\/p>\n<p>Die Wanderwege erinnern mich an die Laufstrecke vom letzten Wochenende (Matsch, Matsch, Matsch). Einheimische k\u00f6nnen sich an einen solch verregneten Sommer nicht erinnern.<\/p>\n<p><a href=\"https:\/\/i0.wp.com\/willi-junker.de\/dachs\/wp-content\/uploads\/2014\/08\/wpid-wp-14087194061361.jpeg?ssl=1\"><img data-recalc-dims=\"1\" decoding=\"async\" title=\"wp-1408719406136\" class=\"alignnone size-full\" alt=\"image\" src=\"https:\/\/i0.wp.com\/willi-junker.de\/dachs\/wp-content\/uploads\/2014\/08\/wpid-wp-14087194061361.jpeg?w=640&#038;ssl=1\" \/><\/a><\/p>\n","protected":false},"excerpt":{"rendered":"<p>Derzeit ist hier ganz sch\u00f6n viel los. An allen Ecken wuselt es. In dieser H\u00fctte war ich heute Mittag. Seit ca. 12 Uhr f\u00e4llt Dauerregen. Da hatte ich dann freie Bahn. Fast niemand mehr zu sehen. Zur\u00fcck ins Tal war &hellip; <a href=\"https:\/\/willi-junker.de\/dachs\/?p=1649\">Weiterlesen <span class=\"meta-nav\">&rarr;<\/span><\/a><\/p>\n","protected":false},"author":1,"featured_media":0,"comment_status":"open","ping_status":"open","sticky":false,"template":"","format":"standard","meta":{"_crdt_document":"","jetpack_post_was_ever_published":false,"_jetpack_newsletter_access":"","_jetpack_dont_email_post_to_subs":false,"_jetpack_newsletter_tier_id":0,"_jetpack_memberships_contains_paywalled_content":false,"_jetpack_memberships_contains_paid_content":false,"footnotes":"","jetpack_publicize_message":"","jetpack_publicize_feature_enabled":true,"jetpack_social_post_already_shared":false,"jetpack_social_options":{"image_generator_settings":{"template":"highway","default_image_id":0,"font":"","enabled":false},"version":2}},"categories":[3],"tags":[],"class_list":["post-1649","post","type-post","status-publish","format-standard","hentry","category-touren"],"jetpack_publicize_connections":[],"jetpack_featured_media_url":"","jetpack_sharing_enabled":true,"jetpack_shortlink":"https:\/\/wp.me\/p73o9s-qB","jetpack-related-posts":[{"id":1777,"url":"https:\/\/willi-junker.de\/dachs\/?p=1777","url_meta":{"origin":1649,"position":0},"title":"Letzter Wandertag &#8211; Stevia","author":"Willi","date":"28.08.2014","format":false,"excerpt":"Wie fast in jedem Jahr steht noch ein Besuch der Stevia und speziell dem H\u00fcttenwirt aus. So mache ich mich heute Morgen auf dem La Palota Weg hinauf. Bis zum Erreichen des ersten Blocks geht es steile 600 H\u00f6henmeter aufw\u00e4rts. Die Aussicht und vor Allem der Tiefblick nach Wolkenstein ist\u2026","rel":"","context":"In &quot;Touren&quot;","block_context":{"text":"Touren","link":"https:\/\/willi-junker.de\/dachs\/?cat=3"},"img":{"alt_text":"","src":"","width":0,"height":0},"classes":[]},{"id":1741,"url":"https:\/\/willi-junker.de\/dachs\/?p=1741","url_meta":{"origin":1649,"position":1},"title":"Mahlknecht-H\u00fctte","author":"Willi","date":"26.08.2014","format":false,"excerpt":"In der Tierser Alpl-H\u00fctte bleibe ich eine gute Stunde. Beim Verlassen der H\u00fctte ist die Sicht nahe null. Nebel jagt bei 9 Grad vorbei und es nieselt ganz leicht. Das bleibt auch f\u00fcr den Rest des Tages so. Ich laufe hinab in Richtung Duronpass. Kurz davor kann man schon eine\u2026","rel":"","context":"In &quot;Touren&quot;","block_context":{"text":"Touren","link":"https:\/\/willi-junker.de\/dachs\/?cat=3"},"img":{"alt_text":"","src":"","width":0,"height":0},"classes":[]},{"id":3636,"url":"https:\/\/willi-junker.de\/dachs\/?p=3636","url_meta":{"origin":1649,"position":2},"title":"12:10 Uhr &#8211; Sofie-H\u00fctte","author":"Willi","date":"15.09.2016","format":false,"excerpt":"Bin in der nagelneuen Sofie-H\u00fctte. Zum Gl\u00fcck hinter Glas. Drau\u00dfen wird es langsam kalt, windig und dunkel. Der Abstieg zur Seceda Mittelstation war ganz toll. Ein wunderbarer Pfad. Die Seilbahn zur Seceda war schon geschlossen, als ich um die Ecke komme. Sie \u00f6ffnen extra nochmals f\u00fcr mich und ich kann\u2026","rel":"","context":"In &quot;Touren&quot;","block_context":{"text":"Touren","link":"https:\/\/willi-junker.de\/dachs\/?cat=3"},"img":{"alt_text":"","src":"https:\/\/i0.wp.com\/willi-junker.de\/dachs\/wp-content\/uploads\/2016\/09\/wp-image-1728773582jpg.jpg?resize=350%2C200","width":350,"height":200,"srcset":"https:\/\/i0.wp.com\/willi-junker.de\/dachs\/wp-content\/uploads\/2016\/09\/wp-image-1728773582jpg.jpg?resize=350%2C200 1x, https:\/\/i0.wp.com\/willi-junker.de\/dachs\/wp-content\/uploads\/2016\/09\/wp-image-1728773582jpg.jpg?resize=525%2C300 1.5x, https:\/\/i0.wp.com\/willi-junker.de\/dachs\/wp-content\/uploads\/2016\/09\/wp-image-1728773582jpg.jpg?resize=700%2C400 2x"},"classes":[]},{"id":4126,"url":"https:\/\/willi-junker.de\/dachs\/?p=4126","url_meta":{"origin":1649,"position":3},"title":"Tag 7 &#8211; Eigentlich ein Regentag","author":"Willi","date":"24.07.2017","format":false,"excerpt":"Der Wetterbericht ist wirklich richtig mies. Die ganze Nacht regnet es und es waren einige Gewitter in der Front die uns \u00fcberquert hat. Wir wollten eigentlich um 8:15 Uhr mit dem Bus hoch zum Sellapass. Das hat sich erledigt. Also mit aller Ruhe Fr\u00fchst\u00fccken und dann mal weiter sehen. Die\u2026","rel":"","context":"In &quot;Touren&quot;","block_context":{"text":"Touren","link":"https:\/\/willi-junker.de\/dachs\/?cat=3"},"img":{"alt_text":"","src":"https:\/\/i0.wp.com\/willi-junker.de\/dachs\/wp-content\/uploads\/2017\/07\/wp-image-1346271640.jpg?resize=350%2C200","width":350,"height":200,"srcset":"https:\/\/i0.wp.com\/willi-junker.de\/dachs\/wp-content\/uploads\/2017\/07\/wp-image-1346271640.jpg?resize=350%2C200 1x, https:\/\/i0.wp.com\/willi-junker.de\/dachs\/wp-content\/uploads\/2017\/07\/wp-image-1346271640.jpg?resize=525%2C300 1.5x, https:\/\/i0.wp.com\/willi-junker.de\/dachs\/wp-content\/uploads\/2017\/07\/wp-image-1346271640.jpg?resize=700%2C400 2x, https:\/\/i0.wp.com\/willi-junker.de\/dachs\/wp-content\/uploads\/2017\/07\/wp-image-1346271640.jpg?resize=1050%2C600 3x, https:\/\/i0.wp.com\/willi-junker.de\/dachs\/wp-content\/uploads\/2017\/07\/wp-image-1346271640.jpg?resize=1400%2C800 4x"},"classes":[]},{"id":4026,"url":"https:\/\/willi-junker.de\/dachs\/?p=4026","url_meta":{"origin":1649,"position":4},"title":"H\u00fcttenwanderung &#8211; Tag 2","author":"Willi","date":"19.07.2017","format":false,"excerpt":"Um 05:30 Uhr bin ich munter. Ich hab heute Nacht nichts geh\u00f6rt. Nur ein fieser Wadenkrampf hat mich 15 Minuten Schlaf gekostet. Um kurz nach sieben Uhr guckt die Fa. Elikos am Fenster des Gastraums herein. Das ist schon verdammt nah. Aber ebene Fl\u00e4chen gibt es hier kaum und irgendwo\u2026","rel":"","context":"In &quot;Touren&quot;","block_context":{"text":"Touren","link":"https:\/\/willi-junker.de\/dachs\/?cat=3"},"img":{"alt_text":"","src":"https:\/\/i0.wp.com\/willi-junker.de\/dachs\/wp-content\/uploads\/2017\/07\/wp-image-405110363.jpg?resize=350%2C200","width":350,"height":200,"srcset":"https:\/\/i0.wp.com\/willi-junker.de\/dachs\/wp-content\/uploads\/2017\/07\/wp-image-405110363.jpg?resize=350%2C200 1x, https:\/\/i0.wp.com\/willi-junker.de\/dachs\/wp-content\/uploads\/2017\/07\/wp-image-405110363.jpg?resize=525%2C300 1.5x, https:\/\/i0.wp.com\/willi-junker.de\/dachs\/wp-content\/uploads\/2017\/07\/wp-image-405110363.jpg?resize=700%2C400 2x, https:\/\/i0.wp.com\/willi-junker.de\/dachs\/wp-content\/uploads\/2017\/07\/wp-image-405110363.jpg?resize=1050%2C600 3x, https:\/\/i0.wp.com\/willi-junker.de\/dachs\/wp-content\/uploads\/2017\/07\/wp-image-405110363.jpg?resize=1400%2C800 4x"},"classes":[]},{"id":1312,"url":"https:\/\/willi-junker.de\/dachs\/?p=1312","url_meta":{"origin":1649,"position":5},"title":"Dolomiten-Fernwanderweg 1","author":"Willi","date":"21.07.2013","format":false,"excerpt":"Seit gestern Abend bin ich endlich in den Dolomiten. Das Hotel Messner in Veit im Pragser Tal kann ich echt empfehlen. Habe mich nett mit den Wirtsleuten unterhalten. Um 9 Uhr geht es wieder los. Schon direkt nach dem Hotel geht der Anstieg los. Am Pragser Wildsee dann eine kurze\u2026","rel":"","context":"In &quot;Touren&quot;","block_context":{"text":"Touren","link":"https:\/\/willi-junker.de\/dachs\/?cat=3"},"img":{"alt_text":"","src":"","width":0,"height":0},"classes":[]}],"_links":{"self":[{"href":"https:\/\/willi-junker.de\/dachs\/index.php?rest_route=\/wp\/v2\/posts\/1649","targetHints":{"allow":["GET"]}}],"collection":[{"href":"https:\/\/willi-junker.de\/dachs\/index.php?rest_route=\/wp\/v2\/posts"}],"about":[{"href":"https:\/\/willi-junker.de\/dachs\/index.php?rest_route=\/wp\/v2\/types\/post"}],"author":[{"embeddable":true,"href":"https:\/\/willi-junker.de\/dachs\/index.php?rest_route=\/wp\/v2\/users\/1"}],"replies":[{"embeddable":true,"href":"https:\/\/willi-junker.de\/dachs\/index.php?rest_route=%2Fwp%2Fv2%2Fcomments&post=1649"}],"version-history":[{"count":3,"href":"https:\/\/willi-junker.de\/dachs\/index.php?rest_route=\/wp\/v2\/posts\/1649\/revisions"}],"predecessor-version":[{"id":1652,"href":"https:\/\/willi-junker.de\/dachs\/index.php?rest_route=\/wp\/v2\/posts\/1649\/revisions\/1652"}],"wp:attachment":[{"href":"https:\/\/willi-junker.de\/dachs\/index.php?rest_route=%2Fwp%2Fv2%2Fmedia&parent=1649"}],"wp:term":[{"taxonomy":"category","embeddable":true,"href":"https:\/\/willi-junker.de\/dachs\/index.php?rest_route=%2Fwp%2Fv2%2Fcategories&post=1649"},{"taxonomy":"post_tag","embeddable":true,"href":"https:\/\/willi-junker.de\/dachs\/index.php?rest_route=%2Fwp%2Fv2%2Ftags&post=1649"}],"curies":[{"name":"wp","href":"https:\/\/api.w.org\/{rel}","templated":true}]}}